{"id":3671,"date":"2023-10-18T20:47:45","date_gmt":"2023-10-18T18:47:45","guid":{"rendered":"https:\/\/albert.radom.pl\/?p=3671"},"modified":"2023-10-21T08:50:42","modified_gmt":"2023-10-21T06:50:42","slug":"przeszlismy-marszem-integracyjnym-ulicami-radomia","status":"publish","type":"post","link":"https:\/\/albert.radom.pl\/?p=3671","title":{"rendered":"Przeszli\u015bmy Marszem Integracyjnym ulicami Radomia"},"content":{"rendered":"<p><strong>Ponad 450 os\u00f3b wzi\u0119\u0142o udzia\u0142 w XII Marszu Integracyjnym po\u015bwi\u0119conym pami\u0119ci biskupa Jana Chrapka.<\/strong><!--more--><\/p>\n<p>Uczestniczyli w nim niepe\u0142nosprawni uczniowie radomskich szk\u00f3\u0142 oraz ich absolwenci. W \u015brod\u0119, 18 pa\u017adziernika min\u0119\u0142o 22 lata od tragicznej \u015bmierci radomskiego biskupa.<\/p>\n<p>Wi\u0119cej na <a href=\"https:\/\/radioplus.com.pl\/radom\/73077-marsz-integracyjny-przeszedl-ulicami-radomia\" target=\"_blank\" rel=\"noopener\">radioplus.com.pl<\/a><\/p>\n","protected":false},"excerpt":{"rendered":"<p>Ponad 450 os\u00f3b wzi\u0119\u0142o udzia\u0142 w XII Marszu Integracyjnym po\u015bwi\u0119conym pami\u0119ci biskupa Jana Chrapka.<\/p>\n","protected":false},"author":1,"featured_media":3672,"comment_status":"closed","ping_status":"closed","sticky":false,"template":"","format":"standard","meta":{"footnotes":""},"categories":[19],"tags":[],"class_list":["post-3671","post","type-post","status-publish","format-standard","has-post-thumbnail","hentry","category-aktualnosci"],"featured_image_urls":{"full":["https:\/\/albert.radom.pl\/wp-content\/uploads\/2023\/10\/020870493bbe011ea09ccd8cbc3dc864_XL.jpg",940,705,false],"thumbnail":["https:\/\/albert.radom.pl\/wp-content\/uploads\/2023\/10\/020870493bbe011ea09ccd8cbc3dc864_XL-150x150.jpg",150,150,true],"medium":["https:\/\/albert.radom.pl\/wp-content\/uploads\/2023\/10\/020870493bbe011ea09ccd8cbc3dc864_XL-300x225.jpg",300,225,true],"medium_large":["https:\/\/albert.radom.pl\/wp-content\/uploads\/2023\/10\/020870493bbe011ea09ccd8cbc3dc864_XL-768x576.jpg",640,480,true],"large":["https:\/\/albert.radom.pl\/wp-content\/uploads\/2023\/10\/020870493bbe011ea09ccd8cbc3dc864_XL.jpg",640,480,false],"1536x1536":["https:\/\/albert.radom.pl\/wp-content\/uploads\/2023\/10\/020870493bbe011ea09ccd8cbc3dc864_XL.jpg",940,705,false],"2048x2048":["https:\/\/albert.radom.pl\/wp-content\/uploads\/2023\/10\/020870493bbe011ea09ccd8cbc3dc864_XL.jpg",940,705,false],"newsever-slider-full":["https:\/\/albert.radom.pl\/wp-content\/uploads\/2023\/10\/020870493bbe011ea09ccd8cbc3dc864_XL.jpg",940,705,false],"newsever-featured":["https:\/\/albert.radom.pl\/wp-content\/uploads\/2023\/10\/020870493bbe011ea09ccd8cbc3dc864_XL.jpg",940,705,false],"newsever-medium":["https:\/\/albert.radom.pl\/wp-content\/uploads\/2023\/10\/020870493bbe011ea09ccd8cbc3dc864_XL-720x475.jpg",720,475,true]},"author_info":{"display_name":"xdar","author_link":"https:\/\/albert.radom.pl\/?author=1"},"category_info":"<a href=\"https:\/\/albert.radom.pl\/?cat=19\" rel=\"category\">Aktualno\u015bci<\/a>","tag_info":"Aktualno\u015bci","comment_count":"0","_links":{"self":[{"href":"https:\/\/albert.radom.pl\/index.php?rest_route=\/wp\/v2\/posts\/3671","targetHints":{"allow":["GET"]}}],"collection":[{"href":"https:\/\/albert.radom.pl\/index.php?rest_route=\/wp\/v2\/posts"}],"about":[{"href":"https:\/\/albert.radom.pl\/index.php?rest_route=\/wp\/v2\/types\/post"}],"author":[{"embeddable":true,"href":"https:\/\/albert.radom.pl\/index.php?rest_route=\/wp\/v2\/users\/1"}],"replies":[{"embeddable":true,"href":"https:\/\/albert.radom.pl\/index.php?rest_route=%2Fwp%2Fv2%2Fcomments&post=3671"}],"version-history":[{"count":1,"href":"https:\/\/albert.radom.pl\/index.php?rest_route=\/wp\/v2\/posts\/3671\/revisions"}],"predecessor-version":[{"id":3673,"href":"https:\/\/albert.radom.pl\/index.php?rest_route=\/wp\/v2\/posts\/3671\/revisions\/3673"}],"wp:featuredmedia":[{"embeddable":true,"href":"https:\/\/albert.radom.pl\/index.php?rest_route=\/wp\/v2\/media\/3672"}],"wp:attachment":[{"href":"https:\/\/albert.radom.pl\/index.php?rest_route=%2Fwp%2Fv2%2Fmedia&parent=3671"}],"wp:term":[{"taxonomy":"category","embeddable":true,"href":"https:\/\/albert.radom.pl\/index.php?rest_route=%2Fwp%2Fv2%2Fcategories&post=3671"},{"taxonomy":"post_tag","embeddable":true,"href":"https:\/\/albert.radom.pl\/index.php?rest_route=%2Fwp%2Fv2%2Ftags&post=3671"}],"curies":[{"name":"wp","href":"https:\/\/api.w.org\/{rel}","templated":true}]}}