{"id":3674,"date":"2023-10-21T19:23:09","date_gmt":"2023-10-21T17:23:09","guid":{"rendered":"https:\/\/albert.radom.pl\/?p=3674"},"modified":"2023-10-21T19:30:14","modified_gmt":"2023-10-21T17:30:14","slug":"figurant-w-kinach-od-20-pazdziernika","status":"publish","type":"post","link":"https:\/\/albert.radom.pl\/?p=3674","title":{"rendered":"Figurant. W kinach od 20 pa\u017adziernika."},"content":{"rendered":"<p><strong>Film o sid\u0142ach zastawianych na Karola Wojty\u0142\u0119 przez bezpiek\u0119 oraz psychologiczny portret Budnego \u2013 esbeka, kt\u00f3ry przez dwadzie\u015bcia lat inwigilowa\u0142 przysz\u0142ego papie\u017ca.<\/strong><!--more--><\/p>\n<p>Mi\u0119dzy m\u0119\u017cczyzn\u0105 a nie\u015bwiadomym jego istnienia biskupem (nigdy nie stan\u0119li ze sob\u0105 twarz\u0105 w twarz) rodzi si\u0119 szczeg\u00f3lna wi\u0119\u017a: jednostronna, obsesyjna i patologiczna.<\/p>\n<p>\u201eFigurant\u201d to opowie\u015b\u0107 o agencie komunistycznej s\u0142u\u017cby bezpiecze\u0144stwa, kt\u00f3ry przez 20 lat inwigilowa\u0142 Karola Wojty\u0142\u0119. Dzi\u0119ki nietypowemu protagoni\u015bcie film w unikalny spos\u00f3b pokazuje znane fakty (walka o budow\u0119 ko\u015bcio\u0142a w krakowskiej Nowej Hucie, inwigilacja \u015brodowisk ko\u015bcielnych prowadzona przez SB). \u201eFigurant\u201d nie jest opowie\u015bci\u0105 biograficzn\u0105 o przysz\u0142ym papie\u017cu, Karol Wojty\u0142a jest tu tylko katalizatorem dzia\u0142a\u0144. Dla awans\u00f3w, pieni\u0119dzy i kariery bohater filmu coraz dalej przesuwa granice moralnych kompromis\u00f3w, a inwigilacja Wojty\u0142y staje si\u0119 jego obsesj\u0105. Bohater filmu wchodzi coraz g\u0142\u0119biej w wyizolowany, niemoralny \u015bwiat tajnych s\u0142u\u017cb i stacza si\u0119 w otch\u0142a\u0144 samotno\u015bci, z\u0142a i zbrodni.<\/p>\n<p><iframe loading=\"lazy\" title=\"FIGURANT - Zwiastun PL (Official Trailer)\" width=\"640\" height=\"360\" src=\"https:\/\/www.youtube.com\/embed\/kS0htoemd2Q?feature=oembed\" frameborder=\"0\" allow=\"accelerometer; autoplay; clipboard-write; encrypted-media; gyroscope; picture-in-picture; web-share\" referrerpolicy=\"strict-origin-when-cross-origin\" allowfullscreen><\/iframe><\/p>\n<p style=\"text-align: center;\"><img loading=\"lazy\" decoding=\"async\" class=\"aligncenter size-full wp-image-3675\" src=\"https:\/\/albert.radom.pl\/wp-content\/uploads\/2023\/10\/1695823978.jpeg\" alt=\"\" width=\"400\" height=\"578\" srcset=\"https:\/\/albert.radom.pl\/wp-content\/uploads\/2023\/10\/1695823978.jpeg 400w, https:\/\/albert.radom.pl\/wp-content\/uploads\/2023\/10\/1695823978-208x300.jpeg 208w\" sizes=\"auto, (max-width: 400px) 100vw, 400px\" \/><\/p>\n","protected":false},"excerpt":{"rendered":"<p>Film o sid\u0142ach zastawianych na Karola Wojty\u0142\u0119 przez bezpiek\u0119 oraz psychologiczny portret Budnego \u2013 esbeka,&#8230;<\/p>\n","protected":false},"author":1,"featured_media":3676,"comment_status":"closed","ping_status":"closed","sticky":false,"template":"","format":"standard","meta":{"footnotes":""},"categories":[36,14],"tags":[],"class_list":["post-3674","post","type-post","status-publish","format-standard","has-post-thumbnail","hentry","category-kino","category-polecamy"],"featured_image_urls":{"full":["https:\/\/albert.radom.pl\/wp-content\/uploads\/2023\/10\/figurant-baner.jpeg",394,232,false],"thumbnail":["https:\/\/albert.radom.pl\/wp-content\/uploads\/2023\/10\/figurant-baner-150x150.jpeg",150,150,true],"medium":["https:\/\/albert.radom.pl\/wp-content\/uploads\/2023\/10\/figurant-baner-300x177.jpeg",300,177,true],"medium_large":["https:\/\/albert.radom.pl\/wp-content\/uploads\/2023\/10\/figurant-baner.jpeg",394,232,false],"large":["https:\/\/albert.radom.pl\/wp-content\/uploads\/2023\/10\/figurant-baner.jpeg",394,232,false],"1536x1536":["https:\/\/albert.radom.pl\/wp-content\/uploads\/2023\/10\/figurant-baner.jpeg",394,232,false],"2048x2048":["https:\/\/albert.radom.pl\/wp-content\/uploads\/2023\/10\/figurant-baner.jpeg",394,232,false],"newsever-slider-full":["https:\/\/albert.radom.pl\/wp-content\/uploads\/2023\/10\/figurant-baner.jpeg",394,232,false],"newsever-featured":["https:\/\/albert.radom.pl\/wp-content\/uploads\/2023\/10\/figurant-baner.jpeg",394,232,false],"newsever-medium":["https:\/\/albert.radom.pl\/wp-content\/uploads\/2023\/10\/figurant-baner.jpeg",394,232,false]},"author_info":{"display_name":"xdar","author_link":"https:\/\/albert.radom.pl\/?author=1"},"category_info":"<a href=\"https:\/\/albert.radom.pl\/?cat=36\" rel=\"category\">Kino<\/a> <a href=\"https:\/\/albert.radom.pl\/?cat=14\" rel=\"category\">Polecamy<\/a>","tag_info":"Polecamy","comment_count":"0","_links":{"self":[{"href":"https:\/\/albert.radom.pl\/index.php?rest_route=\/wp\/v2\/posts\/3674","targetHints":{"allow":["GET"]}}],"collection":[{"href":"https:\/\/albert.radom.pl\/index.php?rest_route=\/wp\/v2\/posts"}],"about":[{"href":"https:\/\/albert.radom.pl\/index.php?rest_route=\/wp\/v2\/types\/post"}],"author":[{"embeddable":true,"href":"https:\/\/albert.radom.pl\/index.php?rest_route=\/wp\/v2\/users\/1"}],"replies":[{"embeddable":true,"href":"https:\/\/albert.radom.pl\/index.php?rest_route=%2Fwp%2Fv2%2Fcomments&post=3674"}],"version-history":[{"count":4,"href":"https:\/\/albert.radom.pl\/index.php?rest_route=\/wp\/v2\/posts\/3674\/revisions"}],"predecessor-version":[{"id":3680,"href":"https:\/\/albert.radom.pl\/index.php?rest_route=\/wp\/v2\/posts\/3674\/revisions\/3680"}],"wp:featuredmedia":[{"embeddable":true,"href":"https:\/\/albert.radom.pl\/index.php?rest_route=\/wp\/v2\/media\/3676"}],"wp:attachment":[{"href":"https:\/\/albert.radom.pl\/index.php?rest_route=%2Fwp%2Fv2%2Fmedia&parent=3674"}],"wp:term":[{"taxonomy":"category","embeddable":true,"href":"https:\/\/albert.radom.pl\/index.php?rest_route=%2Fwp%2Fv2%2Fcategories&post=3674"},{"taxonomy":"post_tag","embeddable":true,"href":"https:\/\/albert.radom.pl\/index.php?rest_route=%2Fwp%2Fv2%2Ftags&post=3674"}],"curies":[{"name":"wp","href":"https:\/\/api.w.org\/{rel}","templated":true}]}}