{"id":3681,"date":"2023-10-19T19:40:36","date_gmt":"2023-10-19T17:40:36","guid":{"rendered":"https:\/\/albert.radom.pl\/?p=3681"},"modified":"2023-10-21T19:45:19","modified_gmt":"2023-10-21T17:45:19","slug":"posilki-dla-bezdomnych","status":"publish","type":"post","link":"https:\/\/albert.radom.pl\/?p=3681","title":{"rendered":"Posi\u0142ki dla bezdomnych"},"content":{"rendered":"<p>Dzi\u015b wolontariusze PB wydali 27 smacznych da\u0144 z zaprzyja\u017anionej restauracji #Rabarbar &#8211; #SmacznieJakUMamy .<!--more--><\/p>\n<p>Rozdali\u015bmy otrzyman\u0105 od was odzie\u017c, buty. Okres jesienno-zimowy jest trudnym czasem dla os\u00f3b kt\u00f3re korzystaj\u0105 z naszej pomocy, tym bardziej cieszymy si\u0119 \u017ce dzi\u0119ki waszemu wsparciu , mo\u017cemy dzieli\u0107 si\u0119 posi\u0142kiem z osobami w kryzysie bezdomno\u015bci, ubogimi.<br \/>\nD Z I \u0118 K U J E M Y \ud83e\udef6<br \/>\nJe\u015bli kto\u015b chcia\u0142by wesprze\u0107 akcje to mo\u017ce przes\u0142a\u0107 jakie\u015b drobne \u015brodki na konto:<br \/>\nParafia \u015bw. Brata Alberta w Radomiu<br \/>\n79160014621022380810000002<br \/>\nz dopiskiem:<br \/>\n&#8211; Przyjaciele Bezdomnych &#8211; Pomagam<br \/>\nInfo do przelew\u00f3w zagranicznych:<br \/>\nSWIFT: PPABPLPKXXX<br \/>\nIBAN: PL<\/p>\n<div id='gallery-1' class='gallery galleryid-3681 gallery-columns-5 gallery-size-thumbnail'><figure class='gallery-item'>\n\t\t\t<div class='gallery-icon portrait'>\n\t\t\t\t<a href='https:\/\/albert.radom.pl\/wp-content\/uploads\/2023\/10\/392946137_700317558797681_4036546581771434182_n.jpg'><img loading=\"lazy\" decoding=\"async\" width=\"150\" height=\"150\" src=\"https:\/\/albert.radom.pl\/wp-content\/uploads\/2023\/10\/392946137_700317558797681_4036546581771434182_n-150x150.jpg\" class=\"attachment-thumbnail size-thumbnail\" alt=\"\" \/><\/a>\n\t\t\t<\/div><\/figure><figure class='gallery-item'>\n\t\t\t<div class='gallery-icon portrait'>\n\t\t\t\t<a href='https:\/\/albert.radom.pl\/wp-content\/uploads\/2023\/10\/392931312_700317628797674_470087306115456458_n.jpg'><img loading=\"lazy\" decoding=\"async\" width=\"150\" height=\"150\" src=\"https:\/\/albert.radom.pl\/wp-content\/uploads\/2023\/10\/392931312_700317628797674_470087306115456458_n-150x150.jpg\" class=\"attachment-thumbnail size-thumbnail\" alt=\"\" \/><\/a>\n\t\t\t<\/div><\/figure><figure class='gallery-item'>\n\t\t\t<div class='gallery-icon portrait'>\n\t\t\t\t<a href='https:\/\/albert.radom.pl\/wp-content\/uploads\/2023\/10\/393177256_700317588797678_4609988107725713336_n.jpg'><img loading=\"lazy\" decoding=\"async\" width=\"150\" height=\"150\" src=\"https:\/\/albert.radom.pl\/wp-content\/uploads\/2023\/10\/393177256_700317588797678_4609988107725713336_n-150x150.jpg\" class=\"attachment-thumbnail size-thumbnail\" alt=\"\" \/><\/a>\n\t\t\t<\/div><\/figure><figure class='gallery-item'>\n\t\t\t<div class='gallery-icon portrait'>\n\t\t\t\t<a href='https:\/\/albert.radom.pl\/wp-content\/uploads\/2023\/10\/393233802_700317645464339_6726736603028491024_n.jpg'><img loading=\"lazy\" decoding=\"async\" width=\"150\" height=\"150\" src=\"https:\/\/albert.radom.pl\/wp-content\/uploads\/2023\/10\/393233802_700317645464339_6726736603028491024_n-150x150.jpg\" class=\"attachment-thumbnail size-thumbnail\" alt=\"\" \/><\/a>\n\t\t\t<\/div><\/figure><figure class='gallery-item'>\n\t\t\t<div class='gallery-icon portrait'>\n\t\t\t\t<a href='https:\/\/albert.radom.pl\/wp-content\/uploads\/2023\/10\/393731451_700317575464346_3753589470704254195_n.jpg'><img loading=\"lazy\" decoding=\"async\" width=\"150\" height=\"150\" src=\"https:\/\/albert.radom.pl\/wp-content\/uploads\/2023\/10\/393731451_700317575464346_3753589470704254195_n-150x150.jpg\" class=\"attachment-thumbnail size-thumbnail\" alt=\"\" \/><\/a>\n\t\t\t<\/div><\/figure>\n\t\t<\/div>\n\n","protected":false},"excerpt":{"rendered":"<p>Dzi\u015b wolontariusze PB wydali 27 smacznych da\u0144 z zaprzyja\u017anionej restauracji #Rabarbar &#8211; #SmacznieJakUMamy .<\/p>\n","protected":false},"author":1,"featured_media":3686,"comment_status":"closed","ping_status":"closed","sticky":false,"template":"","format":"standard","meta":{"footnotes":""},"categories":[19,55],"tags":[],"class_list":["post-3681","post","type-post","status-publish","format-standard","has-post-thumbnail","hentry","category-aktualnosci","category-przyjaciele-bezdomnych"],"featured_image_urls":{"full":["https:\/\/albert.radom.pl\/wp-content\/uploads\/2023\/10\/393731451_700317575464346_3753589470704254195_n.jpg",1536,2048,false],"thumbnail":["https:\/\/albert.radom.pl\/wp-content\/uploads\/2023\/10\/393731451_700317575464346_3753589470704254195_n-150x150.jpg",150,150,true],"medium":["https:\/\/albert.radom.pl\/wp-content\/uploads\/2023\/10\/393731451_700317575464346_3753589470704254195_n-225x300.jpg",225,300,true],"medium_large":["https:\/\/albert.radom.pl\/wp-content\/uploads\/2023\/10\/393731451_700317575464346_3753589470704254195_n-768x1024.jpg",640,853,true],"large":["https:\/\/albert.radom.pl\/wp-content\/uploads\/2023\/10\/393731451_700317575464346_3753589470704254195_n-768x1024.jpg",640,853,true],"1536x1536":["https:\/\/albert.radom.pl\/wp-content\/uploads\/2023\/10\/393731451_700317575464346_3753589470704254195_n-1152x1536.jpg",1152,1536,true],"2048x2048":["https:\/\/albert.radom.pl\/wp-content\/uploads\/2023\/10\/393731451_700317575464346_3753589470704254195_n.jpg",1536,2048,false],"newsever-slider-full":["https:\/\/albert.radom.pl\/wp-content\/uploads\/2023\/10\/393731451_700317575464346_3753589470704254195_n-1280x845.jpg",1280,845,true],"newsever-featured":["https:\/\/albert.radom.pl\/wp-content\/uploads\/2023\/10\/393731451_700317575464346_3753589470704254195_n-1024x1365.jpg",1024,1365,true],"newsever-medium":["https:\/\/albert.radom.pl\/wp-content\/uploads\/2023\/10\/393731451_700317575464346_3753589470704254195_n-720x475.jpg",720,475,true]},"author_info":{"display_name":"xdar","author_link":"https:\/\/albert.radom.pl\/?author=1"},"category_info":"<a href=\"https:\/\/albert.radom.pl\/?cat=19\" rel=\"category\">Aktualno\u015bci<\/a> <a href=\"https:\/\/albert.radom.pl\/?cat=55\" rel=\"category\">Przyjaciele bezdomnych<\/a>","tag_info":"Przyjaciele bezdomnych","comment_count":"0","_links":{"self":[{"href":"https:\/\/albert.radom.pl\/index.php?rest_route=\/wp\/v2\/posts\/3681","targetHints":{"allow":["GET"]}}],"collection":[{"href":"https:\/\/albert.radom.pl\/index.php?rest_route=\/wp\/v2\/posts"}],"about":[{"href":"https:\/\/albert.radom.pl\/index.php?rest_route=\/wp\/v2\/types\/post"}],"author":[{"embeddable":true,"href":"https:\/\/albert.radom.pl\/index.php?rest_route=\/wp\/v2\/users\/1"}],"replies":[{"embeddable":true,"href":"https:\/\/albert.radom.pl\/index.php?rest_route=%2Fwp%2Fv2%2Fcomments&post=3681"}],"version-history":[{"count":1,"href":"https:\/\/albert.radom.pl\/index.php?rest_route=\/wp\/v2\/posts\/3681\/revisions"}],"predecessor-version":[{"id":3687,"href":"https:\/\/albert.radom.pl\/index.php?rest_route=\/wp\/v2\/posts\/3681\/revisions\/3687"}],"wp:featuredmedia":[{"embeddable":true,"href":"https:\/\/albert.radom.pl\/index.php?rest_route=\/wp\/v2\/media\/3686"}],"wp:attachment":[{"href":"https:\/\/albert.radom.pl\/index.php?rest_route=%2Fwp%2Fv2%2Fmedia&parent=3681"}],"wp:term":[{"taxonomy":"category","embeddable":true,"href":"https:\/\/albert.radom.pl\/index.php?rest_route=%2Fwp%2Fv2%2Fcategories&post=3681"},{"taxonomy":"post_tag","embeddable":true,"href":"https:\/\/albert.radom.pl\/index.php?rest_route=%2Fwp%2Fv2%2Ftags&post=3681"}],"curies":[{"name":"wp","href":"https:\/\/api.w.org\/{rel}","templated":true}]}}