{"id":3699,"date":"2023-10-22T14:42:05","date_gmt":"2023-10-22T12:42:05","guid":{"rendered":"https:\/\/albert.radom.pl\/?p=3699"},"modified":"2023-10-22T14:42:05","modified_gmt":"2023-10-22T12:42:05","slug":"10-edycja-adomis-adoptuj-misyjnych-seminarzystow","status":"publish","type":"post","link":"https:\/\/albert.radom.pl\/?p=3699","title":{"rendered":"10. Edycja AdoMiS &#8211; Adoptuj Misyjnych Seminarzyst\u00f3w"},"content":{"rendered":"<p>Celem jest wsparcie duchowe i materialne przysz\u0142ych kap\u0142an\u00f3w w krajach misyjnych.<!--more--><\/p>\n<p><strong>AdoMiS \u2013 co to takiego?<\/strong><\/p>\n<p>Akcj\u0119 AdoMiS, czyli Adoptuj Misyjnych Seminarzyst\u00f3w, Papieskie Dzie\u0142a Misyjne w Polsce zapocz\u0105tkowa\u0142y 1 pa\u017adziernika 2013 r. Jej celem jest wsparcie duchowe i materialne przysz\u0142ych kap\u0142an\u00f3w w krajach misyjnych. Jest ona wyrazem wszechstronnej troski o powo\u0142ania w tych krajach. W akcj\u0119 t\u0119 mo\u017cna w\u0142\u0105czy\u0107 si\u0119 poprzez codzienn\u0105 modlitw\u0119 za adoptowanych seminarzyst\u00f3w, a tak\u017ce jedn\u0105 z form pomocy finansowej. Mo\u017cna to uczyni\u0107 indywidualnie lub w grupie parafialnej, wsp\u00f3lnotowej czy kole\u017ce\u0144skiej. Zebrane fundusze przeznaczone s\u0105 przede wszystkim na utrzymanie seminari\u00f3w w krajach misyjnych, w tym na budow\u0119 i remont budynk\u00f3w, zakup ksi\u0105\u017cek i wszelkiego rodzaju sprz\u0119tu i narz\u0119dzi pracy.<\/p>\n<p><iframe loading=\"lazy\" title=\"X edycja AdoMiS - ks. Jaros\u0142aw Tomaszewski, sekretarz krajowy PDPA\" width=\"640\" height=\"360\" src=\"https:\/\/www.youtube.com\/embed\/lBsrVe0Ovu0?feature=oembed\" frameborder=\"0\" allow=\"accelerometer; autoplay; clipboard-write; encrypted-media; gyroscope; picture-in-picture; web-share\" referrerpolicy=\"strict-origin-when-cross-origin\" allowfullscreen><\/iframe><\/p>\n<p><strong>Kogo wspiera AdoMiS?<\/strong><\/p>\n<p>Program AdoMiS polega na wspieraniu ca\u0142ego seminarium. W sk\u0142ad seminarium wchodz\u0105: klerycy, wychowawcy i ojcowie duchowni. Obecnie na \u015bwiecie jest blisko 80 tysi\u0119cy kleryk\u00f3w. Utrzymanie jednego kleryka rocznie to oko\u0142o 1.000 dolar\u00f3w (5.000 z\u0142otych).<\/p>\n<p><iframe loading=\"lazy\" title=\"ADOMIS - Adoptuj Misyjnych Seminarzyst\u00f3w\" width=\"640\" height=\"360\" src=\"https:\/\/www.youtube.com\/embed\/abvHSPpugn8?feature=oembed\" frameborder=\"0\" allow=\"accelerometer; autoplay; clipboard-write; encrypted-media; gyroscope; picture-in-picture; web-share\" referrerpolicy=\"strict-origin-when-cross-origin\" allowfullscreen><\/iframe><\/p>\n<p><strong>Jakie s\u0105 TRZY KROKI DO ADOPCJI?<\/strong><\/p>\n<p>1. Ka\u017cdego dnia pom\u00f3dl si\u0119 za adoptowanych seminarzyst\u00f3w<\/p>\n<p>2. Wybierz form\u0119 pomocy finansowej, kt\u00f3ra Ci odpowiada:<\/p>\n<ul>\n<li>Dotacja adopcja sta\u0142a\u202f\u2013 wp\u0142acasz zadeklarowan\u0105 sum\u0119 (mo\u017ce by\u0107 indywidualna lub grupowa),<\/li>\n<li>Dotacja adopcja jednorazowa\u202f\u2013 wp\u0142acasz dowoln\u0105 sum\u0119 w dowolnym czasie (mo\u017ce by\u0107 indywidualna lub grupowa),<\/li>\n<li>Dotacja adopcja okazjonalna\u202f\u2013 wp\u0142acasz w miar\u0119 mo\u017cliwo\u015bci (mo\u017ce by\u0107 indywidualna lub grupowa).<\/li>\n<li>Adopcji grupowej podejmuj\u0105 wsp\u00f3lnoty lub grupy znajomych, m.in. ko\u0142a kleryckie oraz r\u00f3\u017ce r\u00f3\u017ca\u0144cowe.<\/li>\n<\/ul>\n<p>3.\u202fWype\u0142nij i prze\u015blij \u00a0deklaracj\u0119.<br \/>\nMo\u017cesz pos\u0142u\u017cy\u0107 si\u0119 za\u0142\u0105czonym drukiem lub wype\u0142ni\u0107 wersj\u0119 elektroniczn\u0105.<\/p>\n<p><span style=\"color: #ff0000;\"><strong>Wi\u0119cej szczeg\u00f3\u0142\u00f3w po tym<a style=\"color: #ff0000;\" href=\"https:\/\/missio.org.pl\/adomis\/\" target=\"_blank\" rel=\"noopener\"> LINKIEM<\/a><\/strong><\/span><\/p>\n","protected":false},"excerpt":{"rendered":"<p>Celem jest wsparcie duchowe i materialne przysz\u0142ych kap\u0142an\u00f3w w krajach misyjnych.<\/p>\n","protected":false},"author":1,"featured_media":3700,"comment_status":"closed","ping_status":"closed","sticky":false,"template":"","format":"standard","meta":{"footnotes":""},"categories":[19,77,59],"tags":[],"class_list":["post-3699","post","type-post","status-publish","format-standard","has-post-thumbnail","hentry","category-aktualnosci","category-papieskie-dziela-misyjne","category-zycie-kosciola"],"featured_image_urls":{"full":["https:\/\/albert.radom.pl\/wp-content\/uploads\/2023\/10\/AdoMiS-2022.jpg",900,566,false],"thumbnail":["https:\/\/albert.radom.pl\/wp-content\/uploads\/2023\/10\/AdoMiS-2022-150x150.jpg",150,150,true],"medium":["https:\/\/albert.radom.pl\/wp-content\/uploads\/2023\/10\/AdoMiS-2022-300x189.jpg",300,189,true],"medium_large":["https:\/\/albert.radom.pl\/wp-content\/uploads\/2023\/10\/AdoMiS-2022-768x483.jpg",640,403,true],"large":["https:\/\/albert.radom.pl\/wp-content\/uploads\/2023\/10\/AdoMiS-2022.jpg",640,402,false],"1536x1536":["https:\/\/albert.radom.pl\/wp-content\/uploads\/2023\/10\/AdoMiS-2022.jpg",900,566,false],"2048x2048":["https:\/\/albert.radom.pl\/wp-content\/uploads\/2023\/10\/AdoMiS-2022.jpg",900,566,false],"newsever-slider-full":["https:\/\/albert.radom.pl\/wp-content\/uploads\/2023\/10\/AdoMiS-2022.jpg",900,566,false],"newsever-featured":["https:\/\/albert.radom.pl\/wp-content\/uploads\/2023\/10\/AdoMiS-2022.jpg",900,566,false],"newsever-medium":["https:\/\/albert.radom.pl\/wp-content\/uploads\/2023\/10\/AdoMiS-2022-720x475.jpg",720,475,true]},"author_info":{"display_name":"xdar","author_link":"https:\/\/albert.radom.pl\/?author=1"},"category_info":"<a href=\"https:\/\/albert.radom.pl\/?cat=19\" rel=\"category\">Aktualno\u015bci<\/a> <a href=\"https:\/\/albert.radom.pl\/?cat=77\" rel=\"category\">Papieskie Dzie\u0142a Misyjne<\/a> <a href=\"https:\/\/albert.radom.pl\/?cat=59\" rel=\"category\">\u017bycie Ko\u015bcio\u0142a<\/a>","tag_info":"\u017bycie Ko\u015bcio\u0142a","comment_count":"0","_links":{"self":[{"href":"https:\/\/albert.radom.pl\/index.php?rest_route=\/wp\/v2\/posts\/3699","targetHints":{"allow":["GET"]}}],"collection":[{"href":"https:\/\/albert.radom.pl\/index.php?rest_route=\/wp\/v2\/posts"}],"about":[{"href":"https:\/\/albert.radom.pl\/index.php?rest_route=\/wp\/v2\/types\/post"}],"author":[{"embeddable":true,"href":"https:\/\/albert.radom.pl\/index.php?rest_route=\/wp\/v2\/users\/1"}],"replies":[{"embeddable":true,"href":"https:\/\/albert.radom.pl\/index.php?rest_route=%2Fwp%2Fv2%2Fcomments&post=3699"}],"version-history":[{"count":1,"href":"https:\/\/albert.radom.pl\/index.php?rest_route=\/wp\/v2\/posts\/3699\/revisions"}],"predecessor-version":[{"id":3701,"href":"https:\/\/albert.radom.pl\/index.php?rest_route=\/wp\/v2\/posts\/3699\/revisions\/3701"}],"wp:featuredmedia":[{"embeddable":true,"href":"https:\/\/albert.radom.pl\/index.php?rest_route=\/wp\/v2\/media\/3700"}],"wp:attachment":[{"href":"https:\/\/albert.radom.pl\/index.php?rest_route=%2Fwp%2Fv2%2Fmedia&parent=3699"}],"wp:term":[{"taxonomy":"category","embeddable":true,"href":"https:\/\/albert.radom.pl\/index.php?rest_route=%2Fwp%2Fv2%2Fcategories&post=3699"},{"taxonomy":"post_tag","embeddable":true,"href":"https:\/\/albert.radom.pl\/index.php?rest_route=%2Fwp%2Fv2%2Ftags&post=3699"}],"curies":[{"name":"wp","href":"https:\/\/api.w.org\/{rel}","templated":true}]}}