{"id":3702,"date":"2023-10-22T14:54:23","date_gmt":"2023-10-22T12:54:23","guid":{"rendered":"https:\/\/albert.radom.pl\/?p=3702"},"modified":"2023-10-22T14:54:23","modified_gmt":"2023-10-22T12:54:23","slug":"diakon-filip-rozpoczyna-praktyke-w-naszej-parafii","status":"publish","type":"post","link":"https:\/\/albert.radom.pl\/?p=3702","title":{"rendered":"Diakon Filip rozpoczyna praktyk\u0119 w naszej Parafii."},"content":{"rendered":"<p>Z dniem dzisiejszym Ks. Diakon Filip Wincewicz rozpocz\u0105\u0142 praktyk\u0119 duszpastersk\u0105 w naszej Parafii. Ks. Diakon b\u0119dzie uczestniczy\u0142 w liturgii niedzielnej, a tak\u017ce w spotkaniach grup ministranckich, dzieci\u0119cych, m\u0142odzie\u017cowych i doros\u0142ych.<\/p>\n<p>\u017byczymy Diakonowi Filipowi Bo\u017cego b\u0142ogos\u0142awie\u0144stwa, aby dobrze czu\u0142 si\u0119 w naszej wsp\u00f3lnocie. Wypraszamy dla Ks. Diakona opieki Matki Bo\u017cej i wstawiennictwa \u015aw. Brata Alberta.<\/p>\n","protected":false},"excerpt":{"rendered":"<p>Z dniem dzisiejszym Ks. Diakon Filip Wincewicz rozpocz\u0105\u0142 praktyk\u0119 duszpastersk\u0105 w naszej Parafii. Ks. Diakon&#8230;<\/p>\n","protected":false},"author":1,"featured_media":3703,"comment_status":"closed","ping_status":"closed","sticky":false,"template":"","format":"standard","meta":{"footnotes":""},"categories":[19],"tags":[],"class_list":["post-3702","post","type-post","status-publish","format-standard","has-post-thumbnail","hentry","category-aktualnosci"],"featured_image_urls":{"full":["https:\/\/albert.radom.pl\/wp-content\/uploads\/2023\/10\/DkFW-kadr.jpg",1200,851,false],"thumbnail":["https:\/\/albert.radom.pl\/wp-content\/uploads\/2023\/10\/DkFW-kadr-150x150.jpg",150,150,true],"medium":["https:\/\/albert.radom.pl\/wp-content\/uploads\/2023\/10\/DkFW-kadr-300x213.jpg",300,213,true],"medium_large":["https:\/\/albert.radom.pl\/wp-content\/uploads\/2023\/10\/DkFW-kadr-768x545.jpg",640,454,true],"large":["https:\/\/albert.radom.pl\/wp-content\/uploads\/2023\/10\/DkFW-kadr-1024x726.jpg",640,454,true],"1536x1536":["https:\/\/albert.radom.pl\/wp-content\/uploads\/2023\/10\/DkFW-kadr.jpg",1200,851,false],"2048x2048":["https:\/\/albert.radom.pl\/wp-content\/uploads\/2023\/10\/DkFW-kadr.jpg",1200,851,false],"newsever-slider-full":["https:\/\/albert.radom.pl\/wp-content\/uploads\/2023\/10\/DkFW-kadr-1200x845.jpg",1200,845,true],"newsever-featured":["https:\/\/albert.radom.pl\/wp-content\/uploads\/2023\/10\/DkFW-kadr-1024x726.jpg",1024,726,true],"newsever-medium":["https:\/\/albert.radom.pl\/wp-content\/uploads\/2023\/10\/DkFW-kadr-720x475.jpg",720,475,true]},"author_info":{"display_name":"xdar","author_link":"https:\/\/albert.radom.pl\/?author=1"},"category_info":"<a href=\"https:\/\/albert.radom.pl\/?cat=19\" rel=\"category\">Aktualno\u015bci<\/a>","tag_info":"Aktualno\u015bci","comment_count":"0","_links":{"self":[{"href":"https:\/\/albert.radom.pl\/index.php?rest_route=\/wp\/v2\/posts\/3702","targetHints":{"allow":["GET"]}}],"collection":[{"href":"https:\/\/albert.radom.pl\/index.php?rest_route=\/wp\/v2\/posts"}],"about":[{"href":"https:\/\/albert.radom.pl\/index.php?rest_route=\/wp\/v2\/types\/post"}],"author":[{"embeddable":true,"href":"https:\/\/albert.radom.pl\/index.php?rest_route=\/wp\/v2\/users\/1"}],"replies":[{"embeddable":true,"href":"https:\/\/albert.radom.pl\/index.php?rest_route=%2Fwp%2Fv2%2Fcomments&post=3702"}],"version-history":[{"count":1,"href":"https:\/\/albert.radom.pl\/index.php?rest_route=\/wp\/v2\/posts\/3702\/revisions"}],"predecessor-version":[{"id":3704,"href":"https:\/\/albert.radom.pl\/index.php?rest_route=\/wp\/v2\/posts\/3702\/revisions\/3704"}],"wp:featuredmedia":[{"embeddable":true,"href":"https:\/\/albert.radom.pl\/index.php?rest_route=\/wp\/v2\/media\/3703"}],"wp:attachment":[{"href":"https:\/\/albert.radom.pl\/index.php?rest_route=%2Fwp%2Fv2%2Fmedia&parent=3702"}],"wp:term":[{"taxonomy":"category","embeddable":true,"href":"https:\/\/albert.radom.pl\/index.php?rest_route=%2Fwp%2Fv2%2Fcategories&post=3702"},{"taxonomy":"post_tag","embeddable":true,"href":"https:\/\/albert.radom.pl\/index.php?rest_route=%2Fwp%2Fv2%2Ftags&post=3702"}],"curies":[{"name":"wp","href":"https:\/\/api.w.org\/{rel}","templated":true}]}}