{"id":3724,"date":"2023-10-28T10:50:59","date_gmt":"2023-10-28T08:50:59","guid":{"rendered":"https:\/\/albert.radom.pl\/?p=3724"},"modified":"2023-11-03T07:55:28","modified_gmt":"2023-11-03T06:55:28","slug":"porzadek-uroczystosci-na-cmentarzach-radomskich","status":"publish","type":"post","link":"https:\/\/albert.radom.pl\/?p=3724","title":{"rendered":"Porz\u0105dek uroczysto\u015bci na cmentarzach radomskich"},"content":{"rendered":"<p><strong>Podajemy porz\u0105dek uroczysto\u015bci na radomskich cmentarzach w dniach 1-2 listopada.<\/strong><!--more--><\/p>\n<p style=\"text-align: center;\"><span style=\"text-decoration: underline; color: #800080;\"><strong>Cmentarz rzymskokatolicki przy ul. Limanowskiego<\/strong><\/span><\/p>\n<p><strong>1 listopada<\/strong><br \/>\n14.30 \u2013 MODLITWA WYPOMINKOWA I MSZA \u015aWI\u0118TA za zmar\u0142ych pochowa-nych na cmentarzu w minionym roku (od listopada 2022 r. do pa\u017adziernika 2023r.)<br \/>\n15.00 &#8211; MSZA \u015aWI\u0118TA (od strony ul. Limanowskiego cmentarz wojskowy )<br \/>\nMszy przewodniczy &#8211; ks. bp Piotr Turzy\u0144ski<\/p>\n<p><strong>2 listopada<\/strong><br \/>\n12.00 \u2013 MODLITWA WYPOMINKOWA I MSZA \u015aWI\u0118TA ZA ZMAR\u0141YCH (od strony ul. Limanowskiego cmentarz wojskowy, mo\u017cliwo\u015b\u0107 uzyskania odpustu i ofiarowania go za zmar\u0142ych)<br \/>\nMszy przewodniczy &#8211; ks. bp Marek Solarczyk<br \/>\n13.00 &#8211; PROCESJA I MODLITWA ZA ZMAR\u0141YCH<\/p>\n<p style=\"text-align: center;\"><span style=\"text-decoration: underline; color: #800080;\"><strong>Cmentarz komunalny przy ul. Ofiar Firleja<\/strong><\/span><\/p>\n<p><strong>1 listopada<\/strong><br \/>\n14.30 \u2013 procesja i modlitwa wypominkowa od bramy g\u0142\u00f3wnej cmentarza<br \/>\n15.00 \u2013 Msza \u015bwi\u0119ta<\/p>\n<p><strong>2 listopada<\/strong><br \/>\n14.30 \u2013 procesja i modlitwa wypominkowa od bramy g\u0142\u00f3wnej cmentarza<br \/>\n15.00 \u2013 Msza \u015bwi\u0119ta<\/p>\n<p style=\"text-align: center;\"><span style=\"text-decoration: underline; color: #800080;\"><strong>Cmentarz prawos\u0142awny przy ul. Warszawskiej<\/strong><\/span><\/p>\n<p><strong>1 listopada<\/strong><br \/>\n12.00 \u2013 Msza \u015bwi\u0119ta w ko\u015bciele Matki Bo\u017cej Bolesnej, po Mszy \u015bwi\u0119tej procesja na cmentarz<br \/>\n13.00 \u2013 procesja na cmentarzu z modlitw\u0105 za zmar\u0142ych<\/p>\n<p style=\"text-align: right;\">Foto:diecezja.radom.pl<\/p>\n","protected":false},"excerpt":{"rendered":"<p>Podajemy porz\u0105dek uroczysto\u015bci na radomskich cmentarzach w dniach 1-2 listopada.<\/p>\n","protected":false},"author":1,"featured_media":3725,"comment_status":"closed","ping_status":"closed","sticky":false,"template":"","format":"standard","meta":{"footnotes":""},"categories":[19],"tags":[],"class_list":["post-3724","post","type-post","status-publish","format-standard","has-post-thumbnail","hentry","category-aktualnosci"],"featured_image_urls":{"full":["https:\/\/albert.radom.pl\/wp-content\/uploads\/2023\/10\/cmentarz_ul_limanowskiego_01.jpg",1024,684,false],"thumbnail":["https:\/\/albert.radom.pl\/wp-content\/uploads\/2023\/10\/cmentarz_ul_limanowskiego_01-150x150.jpg",150,150,true],"medium":["https:\/\/albert.radom.pl\/wp-content\/uploads\/2023\/10\/cmentarz_ul_limanowskiego_01-300x200.jpg",300,200,true],"medium_large":["https:\/\/albert.radom.pl\/wp-content\/uploads\/2023\/10\/cmentarz_ul_limanowskiego_01-768x513.jpg",640,428,true],"large":["https:\/\/albert.radom.pl\/wp-content\/uploads\/2023\/10\/cmentarz_ul_limanowskiego_01.jpg",640,428,false],"1536x1536":["https:\/\/albert.radom.pl\/wp-content\/uploads\/2023\/10\/cmentarz_ul_limanowskiego_01.jpg",1024,684,false],"2048x2048":["https:\/\/albert.radom.pl\/wp-content\/uploads\/2023\/10\/cmentarz_ul_limanowskiego_01.jpg",1024,684,false],"newsever-slider-full":["https:\/\/albert.radom.pl\/wp-content\/uploads\/2023\/10\/cmentarz_ul_limanowskiego_01.jpg",1024,684,false],"newsever-featured":["https:\/\/albert.radom.pl\/wp-content\/uploads\/2023\/10\/cmentarz_ul_limanowskiego_01.jpg",1024,684,false],"newsever-medium":["https:\/\/albert.radom.pl\/wp-content\/uploads\/2023\/10\/cmentarz_ul_limanowskiego_01-720x475.jpg",720,475,true]},"author_info":{"display_name":"xdar","author_link":"https:\/\/albert.radom.pl\/?author=1"},"category_info":"<a href=\"https:\/\/albert.radom.pl\/?cat=19\" rel=\"category\">Aktualno\u015bci<\/a>","tag_info":"Aktualno\u015bci","comment_count":"0","_links":{"self":[{"href":"https:\/\/albert.radom.pl\/index.php?rest_route=\/wp\/v2\/posts\/3724","targetHints":{"allow":["GET"]}}],"collection":[{"href":"https:\/\/albert.radom.pl\/index.php?rest_route=\/wp\/v2\/posts"}],"about":[{"href":"https:\/\/albert.radom.pl\/index.php?rest_route=\/wp\/v2\/types\/post"}],"author":[{"embeddable":true,"href":"https:\/\/albert.radom.pl\/index.php?rest_route=\/wp\/v2\/users\/1"}],"replies":[{"embeddable":true,"href":"https:\/\/albert.radom.pl\/index.php?rest_route=%2Fwp%2Fv2%2Fcomments&post=3724"}],"version-history":[{"count":1,"href":"https:\/\/albert.radom.pl\/index.php?rest_route=\/wp\/v2\/posts\/3724\/revisions"}],"predecessor-version":[{"id":3726,"href":"https:\/\/albert.radom.pl\/index.php?rest_route=\/wp\/v2\/posts\/3724\/revisions\/3726"}],"wp:featuredmedia":[{"embeddable":true,"href":"https:\/\/albert.radom.pl\/index.php?rest_route=\/wp\/v2\/media\/3725"}],"wp:attachment":[{"href":"https:\/\/albert.radom.pl\/index.php?rest_route=%2Fwp%2Fv2%2Fmedia&parent=3724"}],"wp:term":[{"taxonomy":"category","embeddable":true,"href":"https:\/\/albert.radom.pl\/index.php?rest_route=%2Fwp%2Fv2%2Fcategories&post=3724"},{"taxonomy":"post_tag","embeddable":true,"href":"https:\/\/albert.radom.pl\/index.php?rest_route=%2Fwp%2Fv2%2Ftags&post=3724"}],"curies":[{"name":"wp","href":"https:\/\/api.w.org\/{rel}","templated":true}]}}