{"id":3730,"date":"2023-10-30T11:20:24","date_gmt":"2023-10-30T10:20:24","guid":{"rendered":"https:\/\/albert.radom.pl\/?p=3730"},"modified":"2023-10-30T11:20:24","modified_gmt":"2023-10-30T10:20:24","slug":"spotkanie-pielgrzymkowe-2","status":"publish","type":"post","link":"https:\/\/albert.radom.pl\/?p=3730","title":{"rendered":"Spotkanie pielgrzymkowe"},"content":{"rendered":"<p>Wraz z p\u0105tknikami jasnog\u00f3rskimi naszej parafialnej Grupy 22 prze\u017cywali\u015bmy w niedzielny wiecz\u00f3r wsp\u00f3lnotowe spotkanie.<!--more--><\/p>\n<p>Rozpocz\u0119li\u015bmy je modlitw\u0105 r\u00f3\u017ca\u0144cow\u0105 w intencji zmar\u0142ych pielgrzym\u00f3w i gospodarzy oraz pielgrzym\u00f3w duchowych. Nast\u0119pnie uczestniczyli\u015bmy w Eucharystii, kt\u00f3rej przewodniczy\u0142 ks. Karol &#8211; przewodnik naszej grupy. Podczas Mszy \u015bwi\u0119tej pi\u0119knie za\u015bpiewa\u0142a s\u0142u\u017cba muzyczna.<\/p>\n<p>O 19:00 rozpocz\u0119\u0142o si\u0119 spotkanie, podczas kt\u00f3rego zobaczyli\u015bmy film wspomnieniowy. Nie zabrak\u0142o chips\u00f3w i popcornu od naszej s\u0142u\u017cby gastronomicznej.<\/p>\n<p>Wys\u0142uchali\u015bmy tak\u017ce \u015bwiadectwa naszego brata Karola Adamskiego, kt\u00f3ry zdoby\u0142 o\u015bmiotysi\u0119cznik Manaslu.<br \/>\nNa zako\u0144czenie Ksiadz Proboszcz podzi\u0119kowa\u0142 wszystkim i udzieli\u0142 zebranym b\u0142ogos\u0142awie\u0144stwa.<\/p>\n<div id='gallery-1' class='gallery galleryid-3730 gallery-columns-4 gallery-size-thumbnail'><figure class='gallery-item'>\n\t\t\t<div class='gallery-icon landscape'>\n\t\t\t\t<a href='https:\/\/albert.radom.pl\/wp-content\/uploads\/2023\/10\/396526837_641896428114894_5943500118297556992_n.jpg'><img loading=\"lazy\" decoding=\"async\" width=\"150\" height=\"150\" src=\"https:\/\/albert.radom.pl\/wp-content\/uploads\/2023\/10\/396526837_641896428114894_5943500118297556992_n-150x150.jpg\" class=\"attachment-thumbnail size-thumbnail\" alt=\"\" \/><\/a>\n\t\t\t<\/div><\/figure><figure class='gallery-item'>\n\t\t\t<div class='gallery-icon landscape'>\n\t\t\t\t<a href='https:\/\/albert.radom.pl\/wp-content\/uploads\/2023\/10\/396486514_641896424781561_3762406298932859755_n.jpg'><img loading=\"lazy\" decoding=\"async\" width=\"150\" height=\"150\" src=\"https:\/\/albert.radom.pl\/wp-content\/uploads\/2023\/10\/396486514_641896424781561_3762406298932859755_n-150x150.jpg\" class=\"attachment-thumbnail size-thumbnail\" alt=\"\" \/><\/a>\n\t\t\t<\/div><\/figure><figure class='gallery-item'>\n\t\t\t<div class='gallery-icon landscape'>\n\t\t\t\t<a href='https:\/\/albert.radom.pl\/wp-content\/uploads\/2023\/10\/396495308_641896414781562_3472487572730248711_n.jpg'><img loading=\"lazy\" decoding=\"async\" width=\"150\" height=\"150\" src=\"https:\/\/albert.radom.pl\/wp-content\/uploads\/2023\/10\/396495308_641896414781562_3472487572730248711_n-150x150.jpg\" class=\"attachment-thumbnail size-thumbnail\" alt=\"\" \/><\/a>\n\t\t\t<\/div><\/figure><figure class='gallery-item'>\n\t\t\t<div class='gallery-icon landscape'>\n\t\t\t\t<a href='https:\/\/albert.radom.pl\/wp-content\/uploads\/2023\/10\/397255969_641896431448227_8839389048524663712_n.jpg'><img loading=\"lazy\" decoding=\"async\" width=\"150\" height=\"150\" src=\"https:\/\/albert.radom.pl\/wp-content\/uploads\/2023\/10\/397255969_641896431448227_8839389048524663712_n-150x150.jpg\" class=\"attachment-thumbnail size-thumbnail\" alt=\"\" \/><\/a>\n\t\t\t<\/div><\/figure><figure class='gallery-item'>\n\t\t\t<div class='gallery-icon landscape'>\n\t\t\t\t<a href='https:\/\/albert.radom.pl\/wp-content\/uploads\/2023\/10\/396828836_641896418114895_2040304096733222676_n.jpg'><img loading=\"lazy\" decoding=\"async\" width=\"150\" height=\"150\" src=\"https:\/\/albert.radom.pl\/wp-content\/uploads\/2023\/10\/396828836_641896418114895_2040304096733222676_n-150x150.jpg\" class=\"attachment-thumbnail size-thumbnail\" alt=\"\" \/><\/a>\n\t\t\t<\/div><\/figure><figure class='gallery-item'>\n\t\t\t<div class='gallery-icon landscape'>\n\t\t\t\t<a href='https:\/\/albert.radom.pl\/wp-content\/uploads\/2023\/10\/396524613_641896411448229_7970608542421312462_n.jpg'><img loading=\"lazy\" decoding=\"async\" width=\"150\" height=\"150\" src=\"https:\/\/albert.radom.pl\/wp-content\/uploads\/2023\/10\/396524613_641896411448229_7970608542421312462_n-150x150.jpg\" class=\"attachment-thumbnail size-thumbnail\" alt=\"\" \/><\/a>\n\t\t\t<\/div><\/figure><figure class='gallery-item'>\n\t\t\t<div class='gallery-icon landscape'>\n\t\t\t\t<a href='https:\/\/albert.radom.pl\/wp-content\/uploads\/2023\/10\/396422057_641896421448228_5798051496392649549_n.jpg'><img loading=\"lazy\" decoding=\"async\" width=\"150\" height=\"150\" src=\"https:\/\/albert.radom.pl\/wp-content\/uploads\/2023\/10\/396422057_641896421448228_5798051496392649549_n-150x150.jpg\" class=\"attachment-thumbnail size-thumbnail\" alt=\"\" \/><\/a>\n\t\t\t<\/div><\/figure>\n\t\t<\/div>\n\n","protected":false},"excerpt":{"rendered":"<p>Wraz z p\u0105tknikami jasnog\u00f3rskimi naszej parafialnej Grupy 22 prze\u017cywali\u015bmy w niedzielny wiecz\u00f3r wsp\u00f3lnotowe spotkanie.<\/p>\n","protected":false},"author":1,"featured_media":3735,"comment_status":"closed","ping_status":"closed","sticky":false,"template":"","format":"standard","meta":{"footnotes":""},"categories":[19,54],"tags":[],"class_list":["post-3730","post","type-post","status-publish","format-standard","has-post-thumbnail","hentry","category-aktualnosci","category-grupa-pielgrzymkowa-nr-22"],"featured_image_urls":{"full":["https:\/\/albert.radom.pl\/wp-content\/uploads\/2023\/10\/396526837_641896428114894_5943500118297556992_n.jpg",1440,1080,false],"thumbnail":["https:\/\/albert.radom.pl\/wp-content\/uploads\/2023\/10\/396526837_641896428114894_5943500118297556992_n-150x150.jpg",150,150,true],"medium":["https:\/\/albert.radom.pl\/wp-content\/uploads\/2023\/10\/396526837_641896428114894_5943500118297556992_n-300x225.jpg",300,225,true],"medium_large":["https:\/\/albert.radom.pl\/wp-content\/uploads\/2023\/10\/396526837_641896428114894_5943500118297556992_n-768x576.jpg",640,480,true],"large":["https:\/\/albert.radom.pl\/wp-content\/uploads\/2023\/10\/396526837_641896428114894_5943500118297556992_n-1024x768.jpg",640,480,true],"1536x1536":["https:\/\/albert.radom.pl\/wp-content\/uploads\/2023\/10\/396526837_641896428114894_5943500118297556992_n.jpg",1440,1080,false],"2048x2048":["https:\/\/albert.radom.pl\/wp-content\/uploads\/2023\/10\/396526837_641896428114894_5943500118297556992_n.jpg",1440,1080,false],"newsever-slider-full":["https:\/\/albert.radom.pl\/wp-content\/uploads\/2023\/10\/396526837_641896428114894_5943500118297556992_n-1280x845.jpg",1280,845,true],"newsever-featured":["https:\/\/albert.radom.pl\/wp-content\/uploads\/2023\/10\/396526837_641896428114894_5943500118297556992_n-1024x768.jpg",1024,768,true],"newsever-medium":["https:\/\/albert.radom.pl\/wp-content\/uploads\/2023\/10\/396526837_641896428114894_5943500118297556992_n-720x475.jpg",720,475,true]},"author_info":{"display_name":"xdar","author_link":"https:\/\/albert.radom.pl\/?author=1"},"category_info":"<a href=\"https:\/\/albert.radom.pl\/?cat=19\" rel=\"category\">Aktualno\u015bci<\/a> <a href=\"https:\/\/albert.radom.pl\/?cat=54\" rel=\"category\">Grupa pielgrzymkowa nr 22<\/a>","tag_info":"Grupa pielgrzymkowa nr 22","comment_count":"0","_links":{"self":[{"href":"https:\/\/albert.radom.pl\/index.php?rest_route=\/wp\/v2\/posts\/3730","targetHints":{"allow":["GET"]}}],"collection":[{"href":"https:\/\/albert.radom.pl\/index.php?rest_route=\/wp\/v2\/posts"}],"about":[{"href":"https:\/\/albert.radom.pl\/index.php?rest_route=\/wp\/v2\/types\/post"}],"author":[{"embeddable":true,"href":"https:\/\/albert.radom.pl\/index.php?rest_route=\/wp\/v2\/users\/1"}],"replies":[{"embeddable":true,"href":"https:\/\/albert.radom.pl\/index.php?rest_route=%2Fwp%2Fv2%2Fcomments&post=3730"}],"version-history":[{"count":1,"href":"https:\/\/albert.radom.pl\/index.php?rest_route=\/wp\/v2\/posts\/3730\/revisions"}],"predecessor-version":[{"id":3738,"href":"https:\/\/albert.radom.pl\/index.php?rest_route=\/wp\/v2\/posts\/3730\/revisions\/3738"}],"wp:featuredmedia":[{"embeddable":true,"href":"https:\/\/albert.radom.pl\/index.php?rest_route=\/wp\/v2\/media\/3735"}],"wp:attachment":[{"href":"https:\/\/albert.radom.pl\/index.php?rest_route=%2Fwp%2Fv2%2Fmedia&parent=3730"}],"wp:term":[{"taxonomy":"category","embeddable":true,"href":"https:\/\/albert.radom.pl\/index.php?rest_route=%2Fwp%2Fv2%2Fcategories&post=3730"},{"taxonomy":"post_tag","embeddable":true,"href":"https:\/\/albert.radom.pl\/index.php?rest_route=%2Fwp%2Fv2%2Ftags&post=3730"}],"curies":[{"name":"wp","href":"https:\/\/api.w.org\/{rel}","templated":true}]}}