{"id":3746,"date":"2023-11-01T12:19:25","date_gmt":"2023-11-01T11:19:25","guid":{"rendered":"https:\/\/albert.radom.pl\/?p=3746"},"modified":"2023-11-17T15:31:34","modified_gmt":"2023-11-17T14:31:34","slug":"uroczystosc-wszystkich-swietych","status":"publish","type":"post","link":"https:\/\/albert.radom.pl\/?p=3746","title":{"rendered":"Uroczysto\u015b\u0107 Wszystkich \u015awi\u0119tych"},"content":{"rendered":"<p>Dzi\u015b przypada uroczysto\u015b\u0107 Wszystkich \u015awi\u0119tych. Uwielbiamy Boga w Jego \u015bwi\u0119tych \u2013 w ludziach, kt\u00f3rzy przeszli przez \u017cycie wierni Bogu i Jego przykazaniom. <!--more--><\/p>\n<p>W czwartek<strong> 2 listopada<\/strong> w liturgii wspominamy <strong>Wszystkich Wiernych Zmar\u0142ych<\/strong>, jest to tak zwany <strong>Dzie\u0144 Zaduszny<\/strong>.<br \/>\nW naszym ko\u015bciele tego dnia sprawujemy trzy Msze \u015awi\u0119te o nast\u0119puj\u0105cych godzinach: 7.00, 9.00 i 18.00.<br \/>\n<strong>W Dzie\u0144 Zaduszny R\u00f3\u017caniec i procesja wok\u00f3\u0142 ko\u015bcio\u0142a ze zniczami o 17:30.<\/strong><\/p>\n<p>Poniewa\u017c w naszej parafii nie mamy cmentarza grzebalnego, dlatego zmarli pochowani z naszej wsp\u00f3lnoty zw ostatnim roku &#8211; a by\u0142o ich 59 os\u00f3b &#8211; ostali upami\u0119tnieni poprzez znicze z imiennymi tabliczkami, kt\u00f3re s\u0105 ustawione przed o\u0142tarzem g\u0142\u00f3wnym.<\/p>\n<p>W Dzie\u0144 Zaduszny zapraszamy na r\u00f3\u017caniec za tych zmar\u0142ych na godz. 17.30. <strong>Po r\u00f3\u017ca\u0144cu rodziny zmar\u0142ych mog\u0105 wzi\u0105\u0107 znicz i p\u00f3jdziemy w procesji z modlitw\u0105 wok\u00f3\u0142 ko\u015bcio\u0142a.<\/strong><\/p>\n<p>W dniach od <strong>1-8 listopada<\/strong> zapraszamy na<strong> r\u00f3\u017caniec za zmar\u0142ych z wypominkami jednorazowymi o godz. 17.30.<\/strong><\/p>\n<p>Nie zapominajmy te\u017c, \u017ce przez osiem pierwszych dni listopada duszom w czy\u015b\u0107cu mo\u017cemy ofiarowa\u0107 wielki dar \u2013 <strong>odpust zupe\u0142ny<\/strong> za pobo\u017cne nawiedzenie cmentarza i zm\u00f3wienie modlitwy w ich intencji oraz spe\u0142nienie pozosta\u0142ych zwyk\u0142ych warunk\u00f3w, to znaczy: stan \u0142aski u\u015bwi\u0119caj\u0105cej, brak przywi\u0105zania do jakiegokolwiek grzechu, przyj\u0119cie Komunii \u015awi\u0119tej, odm\u00f3wienie modlitwy w intencjach wyznaczonych przez papie\u017ca.<\/p>\n<div id='gallery-1' class='gallery galleryid-3746 gallery-columns-3 gallery-size-thumbnail'><figure class='gallery-item'>\n\t\t\t<div class='gallery-icon portrait'>\n\t\t\t\t<a href='https:\/\/albert.radom.pl\/wp-content\/uploads\/2023\/11\/PHOTO-2023-11-01-06-58-16-2.jpg'><img loading=\"lazy\" decoding=\"async\" width=\"150\" height=\"150\" src=\"https:\/\/albert.radom.pl\/wp-content\/uploads\/2023\/11\/PHOTO-2023-11-01-06-58-16-2-150x150.jpg\" class=\"attachment-thumbnail size-thumbnail\" alt=\"\" \/><\/a>\n\t\t\t<\/div><\/figure><figure class='gallery-item'>\n\t\t\t<div class='gallery-icon portrait'>\n\t\t\t\t<a href='https:\/\/albert.radom.pl\/wp-content\/uploads\/2023\/11\/PHOTO-2023-11-01-06-58-16-3.jpg'><img loading=\"lazy\" decoding=\"async\" width=\"150\" height=\"150\" src=\"https:\/\/albert.radom.pl\/wp-content\/uploads\/2023\/11\/PHOTO-2023-11-01-06-58-16-3-150x150.jpg\" class=\"attachment-thumbnail size-thumbnail\" alt=\"\" \/><\/a>\n\t\t\t<\/div><\/figure><figure class='gallery-item'>\n\t\t\t<div class='gallery-icon landscape'>\n\t\t\t\t<a href='https:\/\/albert.radom.pl\/wp-content\/uploads\/2023\/11\/PHOTO-2023-11-01-06-58-16.jpg'><img loading=\"lazy\" decoding=\"async\" width=\"150\" height=\"150\" src=\"https:\/\/albert.radom.pl\/wp-content\/uploads\/2023\/11\/PHOTO-2023-11-01-06-58-16-150x150.jpg\" class=\"attachment-thumbnail size-thumbnail\" alt=\"\" \/><\/a>\n\t\t\t<\/div><\/figure><figure class='gallery-item'>\n\t\t\t<div class='gallery-icon portrait'>\n\t\t\t\t<a href='https:\/\/albert.radom.pl\/wp-content\/uploads\/2023\/11\/PHOTO-2023-11-01-06-58-17-2.jpg'><img loading=\"lazy\" decoding=\"async\" width=\"150\" height=\"150\" src=\"https:\/\/albert.radom.pl\/wp-content\/uploads\/2023\/11\/PHOTO-2023-11-01-06-58-17-2-150x150.jpg\" class=\"attachment-thumbnail size-thumbnail\" alt=\"\" \/><\/a>\n\t\t\t<\/div><\/figure><figure class='gallery-item'>\n\t\t\t<div class='gallery-icon landscape'>\n\t\t\t\t<a href='https:\/\/albert.radom.pl\/wp-content\/uploads\/2023\/11\/PHOTO-2023-11-01-06-58-17-3.jpg'><img loading=\"lazy\" decoding=\"async\" width=\"150\" height=\"150\" src=\"https:\/\/albert.radom.pl\/wp-content\/uploads\/2023\/11\/PHOTO-2023-11-01-06-58-17-3-150x150.jpg\" class=\"attachment-thumbnail size-thumbnail\" alt=\"\" \/><\/a>\n\t\t\t<\/div><\/figure><figure class='gallery-item'>\n\t\t\t<div class='gallery-icon portrait'>\n\t\t\t\t<a href='https:\/\/albert.radom.pl\/wp-content\/uploads\/2023\/11\/PHOTO-2023-11-01-06-58-17.jpg'><img loading=\"lazy\" decoding=\"async\" width=\"150\" height=\"150\" src=\"https:\/\/albert.radom.pl\/wp-content\/uploads\/2023\/11\/PHOTO-2023-11-01-06-58-17-150x150.jpg\" class=\"attachment-thumbnail size-thumbnail\" alt=\"\" \/><\/a>\n\t\t\t<\/div><\/figure><figure class='gallery-item'>\n\t\t\t<div class='gallery-icon portrait'>\n\t\t\t\t<a href='https:\/\/albert.radom.pl\/wp-content\/uploads\/2023\/11\/PHOTO-2023-11-01-06-58-18-2.jpg'><img loading=\"lazy\" decoding=\"async\" width=\"150\" height=\"150\" src=\"https:\/\/albert.radom.pl\/wp-content\/uploads\/2023\/11\/PHOTO-2023-11-01-06-58-18-2-150x150.jpg\" class=\"attachment-thumbnail size-thumbnail\" alt=\"\" \/><\/a>\n\t\t\t<\/div><\/figure><figure class='gallery-item'>\n\t\t\t<div class='gallery-icon portrait'>\n\t\t\t\t<a href='https:\/\/albert.radom.pl\/wp-content\/uploads\/2023\/11\/PHOTO-2023-11-01-06-58-18-3.jpg'><img loading=\"lazy\" decoding=\"async\" width=\"150\" height=\"150\" src=\"https:\/\/albert.radom.pl\/wp-content\/uploads\/2023\/11\/PHOTO-2023-11-01-06-58-18-3-150x150.jpg\" class=\"attachment-thumbnail size-thumbnail\" alt=\"\" \/><\/a>\n\t\t\t<\/div><\/figure><figure class='gallery-item'>\n\t\t\t<div class='gallery-icon portrait'>\n\t\t\t\t<a href='https:\/\/albert.radom.pl\/wp-content\/uploads\/2023\/11\/PHOTO-2023-11-01-06-58-18.jpg'><img loading=\"lazy\" decoding=\"async\" width=\"150\" height=\"150\" src=\"https:\/\/albert.radom.pl\/wp-content\/uploads\/2023\/11\/PHOTO-2023-11-01-06-58-18-150x150.jpg\" class=\"attachment-thumbnail size-thumbnail\" alt=\"\" \/><\/a>\n\t\t\t<\/div><\/figure><figure class='gallery-item'>\n\t\t\t<div class='gallery-icon portrait'>\n\t\t\t\t<a href='https:\/\/albert.radom.pl\/wp-content\/uploads\/2023\/11\/PHOTO-2023-11-01-06-58-19.jpg'><img loading=\"lazy\" decoding=\"async\" width=\"150\" height=\"150\" src=\"https:\/\/albert.radom.pl\/wp-content\/uploads\/2023\/11\/PHOTO-2023-11-01-06-58-19-150x150.jpg\" class=\"attachment-thumbnail size-thumbnail\" alt=\"\" \/><\/a>\n\t\t\t<\/div><\/figure>\n\t\t<\/div>\n\n","protected":false},"excerpt":{"rendered":"<p>Dzi\u015b przypada uroczysto\u015b\u0107 Wszystkich \u015awi\u0119tych. Uwielbiamy Boga w Jego \u015bwi\u0119tych \u2013 w ludziach, kt\u00f3rzy przeszli&#8230;<\/p>\n","protected":false},"author":1,"featured_media":3756,"comment_status":"closed","ping_status":"closed","sticky":false,"template":"","format":"standard","meta":{"footnotes":""},"categories":[19],"tags":[],"class_list":["post-3746","post","type-post","status-publish","format-standard","has-post-thumbnail","hentry","category-aktualnosci"],"featured_image_urls":{"full":["https:\/\/albert.radom.pl\/wp-content\/uploads\/2023\/11\/PHOTO-2023-11-01-06-58-19-2.jpg",1200,1600,false],"thumbnail":["https:\/\/albert.radom.pl\/wp-content\/uploads\/2023\/11\/PHOTO-2023-11-01-06-58-19-2-150x150.jpg",150,150,true],"medium":["https:\/\/albert.radom.pl\/wp-content\/uploads\/2023\/11\/PHOTO-2023-11-01-06-58-19-2-225x300.jpg",225,300,true],"medium_large":["https:\/\/albert.radom.pl\/wp-content\/uploads\/2023\/11\/PHOTO-2023-11-01-06-58-19-2-768x1024.jpg",640,853,true],"large":["https:\/\/albert.radom.pl\/wp-content\/uploads\/2023\/11\/PHOTO-2023-11-01-06-58-19-2-768x1024.jpg",640,853,true],"1536x1536":["https:\/\/albert.radom.pl\/wp-content\/uploads\/2023\/11\/PHOTO-2023-11-01-06-58-19-2-1152x1536.jpg",1152,1536,true],"2048x2048":["https:\/\/albert.radom.pl\/wp-content\/uploads\/2023\/11\/PHOTO-2023-11-01-06-58-19-2.jpg",1200,1600,false],"newsever-slider-full":["https:\/\/albert.radom.pl\/wp-content\/uploads\/2023\/11\/PHOTO-2023-11-01-06-58-19-2-1200x845.jpg",1200,845,true],"newsever-featured":["https:\/\/albert.radom.pl\/wp-content\/uploads\/2023\/11\/PHOTO-2023-11-01-06-58-19-2-1024x1365.jpg",1024,1365,true],"newsever-medium":["https:\/\/albert.radom.pl\/wp-content\/uploads\/2023\/11\/PHOTO-2023-11-01-06-58-19-2-720x475.jpg",720,475,true]},"author_info":{"display_name":"xdar","author_link":"https:\/\/albert.radom.pl\/?author=1"},"category_info":"<a href=\"https:\/\/albert.radom.pl\/?cat=19\" rel=\"category\">Aktualno\u015bci<\/a>","tag_info":"Aktualno\u015bci","comment_count":"0","_links":{"self":[{"href":"https:\/\/albert.radom.pl\/index.php?rest_route=\/wp\/v2\/posts\/3746","targetHints":{"allow":["GET"]}}],"collection":[{"href":"https:\/\/albert.radom.pl\/index.php?rest_route=\/wp\/v2\/posts"}],"about":[{"href":"https:\/\/albert.radom.pl\/index.php?rest_route=\/wp\/v2\/types\/post"}],"author":[{"embeddable":true,"href":"https:\/\/albert.radom.pl\/index.php?rest_route=\/wp\/v2\/users\/1"}],"replies":[{"embeddable":true,"href":"https:\/\/albert.radom.pl\/index.php?rest_route=%2Fwp%2Fv2%2Fcomments&post=3746"}],"version-history":[{"count":4,"href":"https:\/\/albert.radom.pl\/index.php?rest_route=\/wp\/v2\/posts\/3746\/revisions"}],"predecessor-version":[{"id":3763,"href":"https:\/\/albert.radom.pl\/index.php?rest_route=\/wp\/v2\/posts\/3746\/revisions\/3763"}],"wp:featuredmedia":[{"embeddable":true,"href":"https:\/\/albert.radom.pl\/index.php?rest_route=\/wp\/v2\/media\/3756"}],"wp:attachment":[{"href":"https:\/\/albert.radom.pl\/index.php?rest_route=%2Fwp%2Fv2%2Fmedia&parent=3746"}],"wp:term":[{"taxonomy":"category","embeddable":true,"href":"https:\/\/albert.radom.pl\/index.php?rest_route=%2Fwp%2Fv2%2Fcategories&post=3746"},{"taxonomy":"post_tag","embeddable":true,"href":"https:\/\/albert.radom.pl\/index.php?rest_route=%2Fwp%2Fv2%2Ftags&post=3746"}],"curies":[{"name":"wp","href":"https:\/\/api.w.org\/{rel}","templated":true}]}}