{"id":3814,"date":"2023-11-12T23:57:11","date_gmt":"2023-11-12T22:57:11","guid":{"rendered":"https:\/\/albert.radom.pl\/?p=3814"},"modified":"2023-11-15T14:04:41","modified_gmt":"2023-11-15T13:04:41","slug":"niedziela-seminaryjna-powolaniowa","status":"publish","type":"post","link":"https:\/\/albert.radom.pl\/?p=3814","title":{"rendered":"Niedziela seminaryjna (powo\u0142aniowa)"},"content":{"rendered":"<p>Dzi\u015b w ca\u0142ej naszej diecezji prze\u017cywamy niedziel\u0119 seminaryjn\u0105.<!--more--><\/p>\n<p>Modliny si\u0119 na wsp\u00f3lnot\u0119 Wy\u017cszego Seminarium Duchownego w Radomiu oraz o nowe powo\u0142ania do s\u0142u\u017cby Bo\u017cej. Dlatego nasz\u0105 parafi\u0119 odwiedzili dzisiaj przedstawiciele naszego radomskiego seminarium: ks. Karol Kowalczyk (ojciec duchowny) oraz diakon Jan i alumn Igor, ktorzy g\u0142osili S\u0142owo Bo\u017ce i modlili si\u0119 o nowe powo\u0142ania.<\/p>\n<p>Niedziela Seminaryjna to r\u00f3wnie\u017c promocja Towarzystwa Przyjaci\u00f3\u0142 Wy\u017cszego Seminarium Duchownego w Radomiu. Towarzystwo powo\u0142a\u0142 w 1999 roku bp Jan Chrapek. Skupia ono oko\u0142o 1400 rodzin i stowarzysze\u0144. Cz\u0142onkowie Towarzystwa zobowi\u0105zuj\u0105 si\u0119 do modlitwy w intencji powo\u0142anych oraz materialnego wspierania seminarium.<br \/>\nKlerycy zach\u0119cali tak\u017ce do do\u0142\u0105czenia do grona Towarzystwa Przyjaci\u00f3\u0142 WSD w Radomiu. Po ka\u017cdej Mszy \u015bw. mo\u017cna by\u0142o wype\u0142ni\u0107 deklaracj\u0119, a tym samym przy\u0142\u0105czy\u0107 si\u0119 do TPS.<\/p>\n<div id='gallery-1' class='gallery galleryid-3814 gallery-columns-4 gallery-size-thumbnail'><figure class='gallery-item'>\n\t\t\t<div class='gallery-icon landscape'>\n\t\t\t\t<a href='https:\/\/albert.radom.pl\/wp-content\/uploads\/2023\/11\/400784214_648733544097849_2364705278053949128_n.jpg'><img loading=\"lazy\" decoding=\"async\" width=\"150\" height=\"150\" src=\"https:\/\/albert.radom.pl\/wp-content\/uploads\/2023\/11\/400784214_648733544097849_2364705278053949128_n-150x150.jpg\" class=\"attachment-thumbnail size-thumbnail\" alt=\"\" \/><\/a>\n\t\t\t<\/div><\/figure><figure class='gallery-item'>\n\t\t\t<div class='gallery-icon landscape'>\n\t\t\t\t<a href='https:\/\/albert.radom.pl\/wp-content\/uploads\/2023\/11\/400737449_648733310764539_8584650208770107859_n.jpg'><img loading=\"lazy\" decoding=\"async\" width=\"150\" height=\"150\" src=\"https:\/\/albert.radom.pl\/wp-content\/uploads\/2023\/11\/400737449_648733310764539_8584650208770107859_n-150x150.jpg\" class=\"attachment-thumbnail size-thumbnail\" alt=\"\" \/><\/a>\n\t\t\t<\/div><\/figure><figure class='gallery-item'>\n\t\t\t<div class='gallery-icon landscape'>\n\t\t\t\t<a href='https:\/\/albert.radom.pl\/wp-content\/uploads\/2023\/11\/400745995_648733250764545_8710920116180460290_n.jpg'><img loading=\"lazy\" decoding=\"async\" width=\"150\" height=\"150\" src=\"https:\/\/albert.radom.pl\/wp-content\/uploads\/2023\/11\/400745995_648733250764545_8710920116180460290_n-150x150.jpg\" class=\"attachment-thumbnail size-thumbnail\" alt=\"\" \/><\/a>\n\t\t\t<\/div><\/figure><figure class='gallery-item'>\n\t\t\t<div class='gallery-icon landscape'>\n\t\t\t\t<a href='https:\/\/albert.radom.pl\/wp-content\/uploads\/2023\/11\/400753369_648733594097844_7206178356644602790_n.jpg'><img loading=\"lazy\" decoding=\"async\" width=\"150\" height=\"150\" src=\"https:\/\/albert.radom.pl\/wp-content\/uploads\/2023\/11\/400753369_648733594097844_7206178356644602790_n-150x150.jpg\" class=\"attachment-thumbnail size-thumbnail\" alt=\"\" \/><\/a>\n\t\t\t<\/div><\/figure><figure class='gallery-item'>\n\t\t\t<div class='gallery-icon landscape'>\n\t\t\t\t<a href='https:\/\/albert.radom.pl\/wp-content\/uploads\/2023\/11\/400811351_648733377431199_6643241206835555401_n.jpg'><img loading=\"lazy\" decoding=\"async\" width=\"150\" height=\"150\" src=\"https:\/\/albert.radom.pl\/wp-content\/uploads\/2023\/11\/400811351_648733377431199_6643241206835555401_n-150x150.jpg\" class=\"attachment-thumbnail size-thumbnail\" alt=\"\" \/><\/a>\n\t\t\t<\/div><\/figure><figure class='gallery-item'>\n\t\t\t<div class='gallery-icon landscape'>\n\t\t\t\t<a href='https:\/\/albert.radom.pl\/wp-content\/uploads\/2023\/11\/402177345_648733497431187_4314798922556823439_n.jpg'><img loading=\"lazy\" decoding=\"async\" width=\"150\" height=\"150\" src=\"https:\/\/albert.radom.pl\/wp-content\/uploads\/2023\/11\/402177345_648733497431187_4314798922556823439_n-150x150.jpg\" class=\"attachment-thumbnail size-thumbnail\" alt=\"\" \/><\/a>\n\t\t\t<\/div><\/figure><figure class='gallery-item'>\n\t\t\t<div class='gallery-icon landscape'>\n\t\t\t\t<a href='https:\/\/albert.radom.pl\/wp-content\/uploads\/2023\/11\/402231849_648733644097839_230826415352530552_n.jpg'><img loading=\"lazy\" decoding=\"async\" width=\"150\" height=\"150\" src=\"https:\/\/albert.radom.pl\/wp-content\/uploads\/2023\/11\/402231849_648733644097839_230826415352530552_n-150x150.jpg\" class=\"attachment-thumbnail size-thumbnail\" alt=\"\" \/><\/a>\n\t\t\t<\/div><\/figure><figure class='gallery-item'>\n\t\t\t<div class='gallery-icon landscape'>\n\t\t\t\t<a href='https:\/\/albert.radom.pl\/wp-content\/uploads\/2023\/11\/400768722_648733430764527_4856935813822171923_n.jpg'><img loading=\"lazy\" decoding=\"async\" width=\"150\" height=\"150\" src=\"https:\/\/albert.radom.pl\/wp-content\/uploads\/2023\/11\/400768722_648733430764527_4856935813822171923_n-150x150.jpg\" class=\"attachment-thumbnail size-thumbnail\" alt=\"\" \/><\/a>\n\t\t\t<\/div><\/figure>\n\t\t<\/div>\n\n","protected":false},"excerpt":{"rendered":"<p>Dzi\u015b w ca\u0142ej naszej diecezji prze\u017cywamy niedziel\u0119 seminaryjn\u0105.<\/p>\n","protected":false},"author":1,"featured_media":3818,"comment_status":"closed","ping_status":"closed","sticky":false,"template":"","format":"standard","meta":{"footnotes":""},"categories":[19],"tags":[],"class_list":["post-3814","post","type-post","status-publish","format-standard","has-post-thumbnail","hentry","category-aktualnosci"],"featured_image_urls":{"full":["https:\/\/albert.radom.pl\/wp-content\/uploads\/2023\/11\/400768722_648733430764527_4856935813822171923_n.jpg",1024,768,false],"thumbnail":["https:\/\/albert.radom.pl\/wp-content\/uploads\/2023\/11\/400768722_648733430764527_4856935813822171923_n-150x150.jpg",150,150,true],"medium":["https:\/\/albert.radom.pl\/wp-content\/uploads\/2023\/11\/400768722_648733430764527_4856935813822171923_n-300x225.jpg",300,225,true],"medium_large":["https:\/\/albert.radom.pl\/wp-content\/uploads\/2023\/11\/400768722_648733430764527_4856935813822171923_n-768x576.jpg",640,480,true],"large":["https:\/\/albert.radom.pl\/wp-content\/uploads\/2023\/11\/400768722_648733430764527_4856935813822171923_n.jpg",640,480,false],"1536x1536":["https:\/\/albert.radom.pl\/wp-content\/uploads\/2023\/11\/400768722_648733430764527_4856935813822171923_n.jpg",1024,768,false],"2048x2048":["https:\/\/albert.radom.pl\/wp-content\/uploads\/2023\/11\/400768722_648733430764527_4856935813822171923_n.jpg",1024,768,false],"newsever-slider-full":["https:\/\/albert.radom.pl\/wp-content\/uploads\/2023\/11\/400768722_648733430764527_4856935813822171923_n.jpg",1024,768,false],"newsever-featured":["https:\/\/albert.radom.pl\/wp-content\/uploads\/2023\/11\/400768722_648733430764527_4856935813822171923_n.jpg",1024,768,false],"newsever-medium":["https:\/\/albert.radom.pl\/wp-content\/uploads\/2023\/11\/400768722_648733430764527_4856935813822171923_n-720x475.jpg",720,475,true]},"author_info":{"display_name":"xdar","author_link":"https:\/\/albert.radom.pl\/?author=1"},"category_info":"<a href=\"https:\/\/albert.radom.pl\/?cat=19\" rel=\"category\">Aktualno\u015bci<\/a>","tag_info":"Aktualno\u015bci","comment_count":"0","_links":{"self":[{"href":"https:\/\/albert.radom.pl\/index.php?rest_route=\/wp\/v2\/posts\/3814","targetHints":{"allow":["GET"]}}],"collection":[{"href":"https:\/\/albert.radom.pl\/index.php?rest_route=\/wp\/v2\/posts"}],"about":[{"href":"https:\/\/albert.radom.pl\/index.php?rest_route=\/wp\/v2\/types\/post"}],"author":[{"embeddable":true,"href":"https:\/\/albert.radom.pl\/index.php?rest_route=\/wp\/v2\/users\/1"}],"replies":[{"embeddable":true,"href":"https:\/\/albert.radom.pl\/index.php?rest_route=%2Fwp%2Fv2%2Fcomments&post=3814"}],"version-history":[{"count":1,"href":"https:\/\/albert.radom.pl\/index.php?rest_route=\/wp\/v2\/posts\/3814\/revisions"}],"predecessor-version":[{"id":3823,"href":"https:\/\/albert.radom.pl\/index.php?rest_route=\/wp\/v2\/posts\/3814\/revisions\/3823"}],"wp:featuredmedia":[{"embeddable":true,"href":"https:\/\/albert.radom.pl\/index.php?rest_route=\/wp\/v2\/media\/3818"}],"wp:attachment":[{"href":"https:\/\/albert.radom.pl\/index.php?rest_route=%2Fwp%2Fv2%2Fmedia&parent=3814"}],"wp:term":[{"taxonomy":"category","embeddable":true,"href":"https:\/\/albert.radom.pl\/index.php?rest_route=%2Fwp%2Fv2%2Fcategories&post=3814"},{"taxonomy":"post_tag","embeddable":true,"href":"https:\/\/albert.radom.pl\/index.php?rest_route=%2Fwp%2Fv2%2Ftags&post=3814"}],"curies":[{"name":"wp","href":"https:\/\/api.w.org\/{rel}","templated":true}]}}