{"id":3827,"date":"2023-11-17T15:26:19","date_gmt":"2023-11-17T14:26:19","guid":{"rendered":"https:\/\/albert.radom.pl\/?p=3827"},"modified":"2023-11-27T11:14:50","modified_gmt":"2023-11-27T10:14:50","slug":"swiatowy-dzien-ubogich-2023","status":"publish","type":"post","link":"https:\/\/albert.radom.pl\/?p=3827","title":{"rendered":"\u015awiatowy Dzie\u0144 Ubogich 2023"},"content":{"rendered":"<p>W najbli\u017csz\u0105 niedziel\u0119 \u015awiatowy Dzie\u0144 Ubogich. Nie odwracajmy oczu od tych, kt\u00f3rzy s\u0105 w potrzebie<!--more--><\/p>\n<p>Spo\u0142eczna znieczulica to gro\u017ana choroba. \u0141atwo jest udawa\u0107, \u017ce nie dostrzegamy wok\u00f3\u0142 siebie ubogich i potrzebuj\u0105cych. \u015awiatowy Dzie\u0144 Ubogich, obchodzony w najbli\u017csz\u0105 niedziel\u0119, ma pobudzi\u0107 nasz\u0105 wra\u017cliwo\u015b\u0107 na los naszych bli\u017anich, kt\u00f3rym wiedzie si\u0119 znacznie gorzej ni\u017c nam.<\/p>\n<p data-wtg-lazy=\"0\">\u201eNie nale\u017cy odwraca\u0107 wzroku od ubogich\u201d \u2013 wezwanie to znajduje si\u0119 w centrum <a href=\"https:\/\/albert.radom.pl\/?p=3830\">papieskiego or\u0119dzia na VII \u015awiatowy Dzie\u0144 Ubogich<\/a>, kt\u00f3ry odb\u0119dzie si\u0119 w najbli\u017csz\u0105 niedziel\u0119, 19 listopada. Z tej okazji w wielu polskich diecezjach zaplanowano spotkania dla os\u00f3b, kt\u00f3re do\u015bwiadczaj\u0105 r\u00f3\u017cnych form ub\u00f3stwa lub wykluczenia spo\u0142ecznego. Przybyli go\u015bcie b\u0119d\u0105 mogli pocz\u0119stowa\u0107 si\u0119 ciep\u0142ym posi\u0142kiem, otrzymaj\u0105 paczki \u017cywno\u015bciowe, ubraniowe, pomoc psychologiczn\u0105 oraz medyczn\u0105.<\/p>\n<p data-wtg-lazy=\"1\">\u015awiatowy Dzie\u0144 Ubogich zosta\u0142 ustanowiony przez papie\u017ca Franciszka w 2017 r. Od tego czasu jest obchodzony co roku w niedziel\u0119 poprzedzaj\u0105c\u0105 uroczysto\u015b\u0107 Chrystusa Kr\u00f3la.<\/p>\n<p data-wtg-lazy=\"2\">W tegorocznym or\u0119dziu Ojciec \u015awi\u0119ty napomina, \u017ce <strong>ubodzy nie s\u0105 liczb\u0105, ale \u201etwarz\u0105\u201d<\/strong>, do kt\u00f3rej nale\u017cy si\u0119 \u201ezbli\u017cy\u0107, powita\u0107 i wspiera\u0107\u201d. Dokonuje si\u0119 to nie tylko przez pomoc finansow\u0105, ale te\u017c przez piel\u0119gnowanie przyjaznej i kulturowej wra\u017cliwo\u015bci blisko\u015bci w ka\u017cdym \u015brodowisku, pocz\u0105wszy od priorytet\u00f3w przyw\u00f3dc\u00f3w politycznych.<\/p>\n<p style=\"text-align: right;\" data-wtg-lazy=\"2\">\u0179r\u00f3d\u0142o: opoka.org.pl<\/p>\n<p data-wtg-lazy=\"2\"><strong><a href=\"https:\/\/albert.radom.pl\/?p=3830\">PE\u0141NY TEKST OR\u0118DZIA NA VII \u015aWIATOWY DZIE\u0143 UBOGICH<\/a><\/strong><\/p>\n","protected":false},"excerpt":{"rendered":"<p>W najbli\u017csz\u0105 niedziel\u0119 \u015awiatowy Dzie\u0144 Ubogich. Nie odwracajmy oczu od tych, kt\u00f3rzy s\u0105 w potrzebie<\/p>\n","protected":false},"author":1,"featured_media":3828,"comment_status":"closed","ping_status":"closed","sticky":false,"template":"","format":"standard","meta":{"footnotes":""},"categories":[19,59],"tags":[],"class_list":["post-3827","post","type-post","status-publish","format-standard","has-post-thumbnail","hentry","category-aktualnosci","category-zycie-kosciola"],"featured_image_urls":{"full":["https:\/\/albert.radom.pl\/wp-content\/uploads\/2023\/11\/134167_ghBL_20231116ubodzy_98.jpg.webp",693,520,false],"thumbnail":["https:\/\/albert.radom.pl\/wp-content\/uploads\/2023\/11\/134167_ghBL_20231116ubodzy_98.jpg-150x150.webp",150,150,true],"medium":["https:\/\/albert.radom.pl\/wp-content\/uploads\/2023\/11\/134167_ghBL_20231116ubodzy_98.jpg-300x225.webp",300,225,true],"medium_large":["https:\/\/albert.radom.pl\/wp-content\/uploads\/2023\/11\/134167_ghBL_20231116ubodzy_98.jpg.webp",640,480,false],"large":["https:\/\/albert.radom.pl\/wp-content\/uploads\/2023\/11\/134167_ghBL_20231116ubodzy_98.jpg.webp",640,480,false],"1536x1536":["https:\/\/albert.radom.pl\/wp-content\/uploads\/2023\/11\/134167_ghBL_20231116ubodzy_98.jpg.webp",693,520,false],"2048x2048":["https:\/\/albert.radom.pl\/wp-content\/uploads\/2023\/11\/134167_ghBL_20231116ubodzy_98.jpg.webp",693,520,false],"newsever-slider-full":["https:\/\/albert.radom.pl\/wp-content\/uploads\/2023\/11\/134167_ghBL_20231116ubodzy_98.jpg.webp",693,520,false],"newsever-featured":["https:\/\/albert.radom.pl\/wp-content\/uploads\/2023\/11\/134167_ghBL_20231116ubodzy_98.jpg.webp",693,520,false],"newsever-medium":["https:\/\/albert.radom.pl\/wp-content\/uploads\/2023\/11\/134167_ghBL_20231116ubodzy_98.jpg-693x475.webp",693,475,true]},"author_info":{"display_name":"xdar","author_link":"https:\/\/albert.radom.pl\/?author=1"},"category_info":"<a href=\"https:\/\/albert.radom.pl\/?cat=19\" rel=\"category\">Aktualno\u015bci<\/a> <a href=\"https:\/\/albert.radom.pl\/?cat=59\" rel=\"category\">\u017bycie Ko\u015bcio\u0142a<\/a>","tag_info":"\u017bycie Ko\u015bcio\u0142a","comment_count":"0","_links":{"self":[{"href":"https:\/\/albert.radom.pl\/index.php?rest_route=\/wp\/v2\/posts\/3827","targetHints":{"allow":["GET"]}}],"collection":[{"href":"https:\/\/albert.radom.pl\/index.php?rest_route=\/wp\/v2\/posts"}],"about":[{"href":"https:\/\/albert.radom.pl\/index.php?rest_route=\/wp\/v2\/types\/post"}],"author":[{"embeddable":true,"href":"https:\/\/albert.radom.pl\/index.php?rest_route=\/wp\/v2\/users\/1"}],"replies":[{"embeddable":true,"href":"https:\/\/albert.radom.pl\/index.php?rest_route=%2Fwp%2Fv2%2Fcomments&post=3827"}],"version-history":[{"count":3,"href":"https:\/\/albert.radom.pl\/index.php?rest_route=\/wp\/v2\/posts\/3827\/revisions"}],"predecessor-version":[{"id":3834,"href":"https:\/\/albert.radom.pl\/index.php?rest_route=\/wp\/v2\/posts\/3827\/revisions\/3834"}],"wp:featuredmedia":[{"embeddable":true,"href":"https:\/\/albert.radom.pl\/index.php?rest_route=\/wp\/v2\/media\/3828"}],"wp:attachment":[{"href":"https:\/\/albert.radom.pl\/index.php?rest_route=%2Fwp%2Fv2%2Fmedia&parent=3827"}],"wp:term":[{"taxonomy":"category","embeddable":true,"href":"https:\/\/albert.radom.pl\/index.php?rest_route=%2Fwp%2Fv2%2Fcategories&post=3827"},{"taxonomy":"post_tag","embeddable":true,"href":"https:\/\/albert.radom.pl\/index.php?rest_route=%2Fwp%2Fv2%2Ftags&post=3827"}],"curies":[{"name":"wp","href":"https:\/\/api.w.org\/{rel}","templated":true}]}}