{"id":3913,"date":"2023-11-19T21:38:39","date_gmt":"2023-11-19T20:38:39","guid":{"rendered":"https:\/\/albert.radom.pl\/?p=3913"},"modified":"2023-11-28T14:18:23","modified_gmt":"2023-11-28T13:18:23","slug":"spotkania-katechetyczne-w-odnowionej-sali-parafialnej","status":"publish","type":"post","link":"https:\/\/albert.radom.pl\/?p=3913","title":{"rendered":"Spotkania katechetyczne w odnowionej sali parafialnej"},"content":{"rendered":"<p>Od wrze\u015bnia br. w naszej parafii prowadzone s\u0105 <strong>spotkania katechetyczne<\/strong>, adresowane do dzieci w wieku szkolnym.<!--more--><\/p>\n<p>Spotkania te prowadz\u0105 Pani Kamila i ks. Karol &#8211; dla dzieci starszych oraz Pani Marta i ks. Dariusz &#8211; dla dzieci m\u0142odszych. Podczas tych spotka\u0144 poznajemy wraz z dzie\u0107mi niedzieln\u0105 Ewangeli\u0119 oraz przygotowujemy si\u0119 do bardziej \u015bwiadomego prze\u017cycia niedzielnej Eucharystii.<br \/>\nW minionym tygodniu &#8211; na potrzeby spotka\u0144 katechetycznych &#8211; zosta\u0142 zako\u0144czony remont salki w domu parafialnym. Zosta\u0142a po\u0142o\u017cona posadzka, salka zosta\u0142a umalowana, zakupione zosta\u0142o wyposa\u017cenie salki i pomoce dydaktyczne.<br \/>\nSerdecznie dzi\u0119kujemy Rycerzom Kolumba naszej Rady za przeprowadzenie remontu i pomoc przy urz\u0105dzaniu pomieszczenia.<br \/>\n<strong>Zapraszamy na spotkania dzieci w wieku szkolnym.<\/strong> Spotkania odbywaj\u0105 si\u0119 <strong>w ka\u017cd\u0105 sobot\u0119 o godzinie 10.00 w domu parafialnym<\/strong>.<\/p>\n<div id='gallery-1' class='gallery galleryid-3913 gallery-columns-4 gallery-size-thumbnail'><figure class='gallery-item'>\n\t\t\t<div class='gallery-icon landscape'>\n\t\t\t\t<a href='https:\/\/albert.radom.pl\/wp-content\/uploads\/2023\/11\/IMG_3828.jpg'><img loading=\"lazy\" decoding=\"async\" width=\"150\" height=\"150\" src=\"https:\/\/albert.radom.pl\/wp-content\/uploads\/2023\/11\/IMG_3828-150x150.jpg\" class=\"attachment-thumbnail size-thumbnail\" alt=\"\" \/><\/a>\n\t\t\t<\/div><\/figure><figure class='gallery-item'>\n\t\t\t<div class='gallery-icon landscape'>\n\t\t\t\t<a href='https:\/\/albert.radom.pl\/wp-content\/uploads\/2023\/11\/IMG_3829.jpg'><img loading=\"lazy\" decoding=\"async\" width=\"150\" height=\"150\" src=\"https:\/\/albert.radom.pl\/wp-content\/uploads\/2023\/11\/IMG_3829-150x150.jpg\" class=\"attachment-thumbnail size-thumbnail\" alt=\"\" \/><\/a>\n\t\t\t<\/div><\/figure><figure class='gallery-item'>\n\t\t\t<div class='gallery-icon portrait'>\n\t\t\t\t<a href='https:\/\/albert.radom.pl\/wp-content\/uploads\/2023\/11\/IMG_3825.jpg'><img loading=\"lazy\" decoding=\"async\" width=\"150\" height=\"150\" src=\"https:\/\/albert.radom.pl\/wp-content\/uploads\/2023\/11\/IMG_3825-150x150.jpg\" class=\"attachment-thumbnail size-thumbnail\" alt=\"\" \/><\/a>\n\t\t\t<\/div><\/figure><figure class='gallery-item'>\n\t\t\t<div class='gallery-icon portrait'>\n\t\t\t\t<a href='https:\/\/albert.radom.pl\/wp-content\/uploads\/2023\/11\/IMG_3821.jpg'><img loading=\"lazy\" decoding=\"async\" width=\"150\" height=\"150\" src=\"https:\/\/albert.radom.pl\/wp-content\/uploads\/2023\/11\/IMG_3821-150x150.jpg\" class=\"attachment-thumbnail size-thumbnail\" alt=\"\" \/><\/a>\n\t\t\t<\/div><\/figure>\n\t\t<\/div>\n\n","protected":false},"excerpt":{"rendered":"<p>Od wrze\u015bnia br. w naszej parafii prowadzone s\u0105 spotkania katechetyczne, adresowane do dzieci w wieku&#8230;<\/p>\n","protected":false},"author":1,"featured_media":3949,"comment_status":"closed","ping_status":"closed","sticky":false,"template":"","format":"standard","meta":{"footnotes":""},"categories":[19],"tags":[],"class_list":["post-3913","post","type-post","status-publish","format-standard","has-post-thumbnail","hentry","category-aktualnosci"],"featured_image_urls":{"full":["https:\/\/albert.radom.pl\/wp-content\/uploads\/2023\/11\/IMG_3828.jpg",1200,900,false],"thumbnail":["https:\/\/albert.radom.pl\/wp-content\/uploads\/2023\/11\/IMG_3828-150x150.jpg",150,150,true],"medium":["https:\/\/albert.radom.pl\/wp-content\/uploads\/2023\/11\/IMG_3828-300x225.jpg",300,225,true],"medium_large":["https:\/\/albert.radom.pl\/wp-content\/uploads\/2023\/11\/IMG_3828-768x576.jpg",640,480,true],"large":["https:\/\/albert.radom.pl\/wp-content\/uploads\/2023\/11\/IMG_3828-1024x768.jpg",640,480,true],"1536x1536":["https:\/\/albert.radom.pl\/wp-content\/uploads\/2023\/11\/IMG_3828.jpg",1200,900,false],"2048x2048":["https:\/\/albert.radom.pl\/wp-content\/uploads\/2023\/11\/IMG_3828.jpg",1200,900,false],"newsever-slider-full":["https:\/\/albert.radom.pl\/wp-content\/uploads\/2023\/11\/IMG_3828-1200x845.jpg",1200,845,true],"newsever-featured":["https:\/\/albert.radom.pl\/wp-content\/uploads\/2023\/11\/IMG_3828-1024x768.jpg",1024,768,true],"newsever-medium":["https:\/\/albert.radom.pl\/wp-content\/uploads\/2023\/11\/IMG_3828-720x475.jpg",720,475,true]},"author_info":{"display_name":"xdar","author_link":"https:\/\/albert.radom.pl\/?author=1"},"category_info":"<a href=\"https:\/\/albert.radom.pl\/?cat=19\" rel=\"category\">Aktualno\u015bci<\/a>","tag_info":"Aktualno\u015bci","comment_count":"0","_links":{"self":[{"href":"https:\/\/albert.radom.pl\/index.php?rest_route=\/wp\/v2\/posts\/3913","targetHints":{"allow":["GET"]}}],"collection":[{"href":"https:\/\/albert.radom.pl\/index.php?rest_route=\/wp\/v2\/posts"}],"about":[{"href":"https:\/\/albert.radom.pl\/index.php?rest_route=\/wp\/v2\/types\/post"}],"author":[{"embeddable":true,"href":"https:\/\/albert.radom.pl\/index.php?rest_route=\/wp\/v2\/users\/1"}],"replies":[{"embeddable":true,"href":"https:\/\/albert.radom.pl\/index.php?rest_route=%2Fwp%2Fv2%2Fcomments&post=3913"}],"version-history":[{"count":3,"href":"https:\/\/albert.radom.pl\/index.php?rest_route=\/wp\/v2\/posts\/3913\/revisions"}],"predecessor-version":[{"id":3952,"href":"https:\/\/albert.radom.pl\/index.php?rest_route=\/wp\/v2\/posts\/3913\/revisions\/3952"}],"wp:featuredmedia":[{"embeddable":true,"href":"https:\/\/albert.radom.pl\/index.php?rest_route=\/wp\/v2\/media\/3949"}],"wp:attachment":[{"href":"https:\/\/albert.radom.pl\/index.php?rest_route=%2Fwp%2Fv2%2Fmedia&parent=3913"}],"wp:term":[{"taxonomy":"category","embeddable":true,"href":"https:\/\/albert.radom.pl\/index.php?rest_route=%2Fwp%2Fv2%2Fcategories&post=3913"},{"taxonomy":"post_tag","embeddable":true,"href":"https:\/\/albert.radom.pl\/index.php?rest_route=%2Fwp%2Fv2%2Ftags&post=3913"}],"curies":[{"name":"wp","href":"https:\/\/api.w.org\/{rel}","templated":true}]}}