{"id":3953,"date":"2023-11-28T16:28:33","date_gmt":"2023-11-28T15:28:33","guid":{"rendered":"https:\/\/albert.radom.pl\/?p=3953"},"modified":"2024-09-21T19:56:45","modified_gmt":"2024-09-21T17:56:45","slug":"zapraszamy-na-akatyst","status":"publish","type":"post","link":"https:\/\/albert.radom.pl\/?p=3953","title":{"rendered":"Zapraszamy na Akatyst !!!"},"content":{"rendered":"<p><strong>Serdecznie zapraszamy na Akatyst ku Czci Bogurodzicy, kt\u00f3ry wy\u015bpiewamy wraz z ch\u00f3rem parafialnym w Uroczysto\u015b\u0107 Niepokalanego Pocz\u0119cia Naj\u015bwi\u0119tszej Maryi Panny8 grudnia po Mszy \u015bw. o godz. 18.<\/strong><!--more--><\/p>\n<p style=\"text-align: center;\"><strong>Czym jest AKATYST (AKATHISTOS)<\/strong><\/p>\n<p>Od wczesnego chrze\u015bcija\u0144stwa kult Matki Bo\u017cej wyra\u017ca\u0142 si\u0119 nie tylko w liturgii, ale i w poezji. Kolebk\u0105 tej tw\u00f3rczo\u015bci by\u0142o przede wszystkim Bizancjum. Natomiast jednym z najwspanialszych zabytk\u00f3w tej tw\u00f3rczo\u015bci jest hymn ku czci Bogurodzicy Akathistos. Samo s\u0142owo Akathistos (grec. \u201ca\u201d \u2013 nie, \u201ckathiden\u201d \u2013 siedzie\u0107, nie siedz\u0105cy, spolszczone akatyst) ma dwa znaczenia: \u2013 w szerszym oznacza nabo\u017ce\u0144stwo sk\u0142adaj\u0105ce si\u0119 z pie\u015bni pochwalnych, modlitw ku czci Chrystusa, Naj\u015bwi\u0119tszej Maryi Panny i \u015bwi\u0119tych, odmawianych lub \u015bpiewanych na stoj\u0105co. \u2013 w znaczeniu w\u0119\u017cszym<strong> hymn ku czci Naj\u015bwi\u0119tszej Maryi Panny \u015bpiewany stoj\u0105co<\/strong>.<\/p>\n<p>Autorstwo hymnu stanowi do dzisiaj kwesti\u0119 sporn\u0105. Obecnie znawcy poezji bizantyjskiej opowiadaj\u0105 si\u0119 za autorstwem Romana Pie\u015bniarza, tw\u00f3rcy wielu Kondaktion\u00f3w (pierwotnie by\u0142y one wed\u0142u \u015bwiadectwa badaczy czym\u015b w rodzaju homili, jakby \u015bpiewanymi kazaniami). Akathistos powsta\u0142 najprawdopodobniej w V-VI wieku. Zosta\u0142 przet\u0142umaczony na j\u0119zyk \u0142aci\u0144ski, przyj\u0119ty przez Ko\u015bci\u00f3\u0142 Zachodni i odt\u0105d zacz\u0105\u0142 wywiera\u0107 ogromny wp\u0142yw na poezje maryjn\u0105 \u015aredniowiecza.<\/p>\n<p><strong>Tre\u015b\u0107 hymnu<\/strong> koncentruje sie wok\u00f3\u0142 tematu <strong>obecno\u015bci Maryi w Tajemnicy S\u0142owa Wcielonego j Jego Ko\u015bcio\u0142a<\/strong>. Akathistos <strong>sk\u0142ada si\u0119 z 24 zwrotek<\/strong> zaczynaj\u0105cych sie od kolejnych liter alfabetu. <strong>Na przemian przeplataj\u0105 si\u0119 teksty maryjne i chrystologiczne.<\/strong> Ka\u017cda strofa zaczyna si\u0119 od zapowiedzi wydarzenia lub tematu, kt\u00f3ry kieruje nasz\u0105 my\u015bl ku wn\u0119trzu tajemnicy. Pozdrowienia, wezwania litanijne, rozpoczynaj\u0105 si\u0119 od s\u0142owa \u201cchaire\u201d (witaj, b\u0105d\u017a pozdrowiona, raduj si\u0119).<\/p>\n<p>Hymn ten jako oficjum wotywne na cze\u015b\u0107 Bogurodzicy do dzi\u015b jest uroczy\u015bcie celebrowany. <strong>Najcz\u0119\u015bciej \u015bpiewa si\u0119 do przed ikon\u0105 Bogurodzicy.<\/strong><\/p>\n","protected":false},"excerpt":{"rendered":"<p>Serdecznie zapraszamy na Akatyst ku Czci Bogurodzicy, kt\u00f3ry wy\u015bpiewamy wraz z ch\u00f3rem parafialnym w Uroczysto\u015b\u0107&#8230;<\/p>\n","protected":false},"author":1,"featured_media":3954,"comment_status":"closed","ping_status":"closed","sticky":false,"template":"","format":"standard","meta":{"footnotes":""},"categories":[19],"tags":[],"class_list":["post-3953","post","type-post","status-publish","format-standard","has-post-thumbnail","hentry","category-aktualnosci"],"featured_image_urls":{"full":["https:\/\/albert.radom.pl\/wp-content\/uploads\/2023\/11\/IMG_0089-rotated.jpg",960,1280,false],"thumbnail":["https:\/\/albert.radom.pl\/wp-content\/uploads\/2023\/11\/IMG_0089-150x150.jpg",150,150,true],"medium":["https:\/\/albert.radom.pl\/wp-content\/uploads\/2023\/11\/IMG_0089-225x300.jpg",225,300,true],"medium_large":["https:\/\/albert.radom.pl\/wp-content\/uploads\/2023\/11\/IMG_0089-768x1024.jpg",640,853,true],"large":["https:\/\/albert.radom.pl\/wp-content\/uploads\/2023\/11\/IMG_0089-768x1024.jpg",640,853,true],"1536x1536":["https:\/\/albert.radom.pl\/wp-content\/uploads\/2023\/11\/IMG_0089-rotated.jpg",960,1280,false],"2048x2048":["https:\/\/albert.radom.pl\/wp-content\/uploads\/2023\/11\/IMG_0089-rotated.jpg",960,1280,false],"newsever-slider-full":["https:\/\/albert.radom.pl\/wp-content\/uploads\/2023\/11\/IMG_0089-960x845.jpg",960,845,true],"newsever-featured":["https:\/\/albert.radom.pl\/wp-content\/uploads\/2023\/11\/IMG_0089-rotated.jpg",960,1280,false],"newsever-medium":["https:\/\/albert.radom.pl\/wp-content\/uploads\/2023\/11\/IMG_0089-720x475.jpg",720,475,true]},"author_info":{"display_name":"xdar","author_link":"https:\/\/albert.radom.pl\/?author=1"},"category_info":"<a href=\"https:\/\/albert.radom.pl\/?cat=19\" rel=\"category\">Aktualno\u015bci<\/a>","tag_info":"Aktualno\u015bci","comment_count":"0","_links":{"self":[{"href":"https:\/\/albert.radom.pl\/index.php?rest_route=\/wp\/v2\/posts\/3953","targetHints":{"allow":["GET"]}}],"collection":[{"href":"https:\/\/albert.radom.pl\/index.php?rest_route=\/wp\/v2\/posts"}],"about":[{"href":"https:\/\/albert.radom.pl\/index.php?rest_route=\/wp\/v2\/types\/post"}],"author":[{"embeddable":true,"href":"https:\/\/albert.radom.pl\/index.php?rest_route=\/wp\/v2\/users\/1"}],"replies":[{"embeddable":true,"href":"https:\/\/albert.radom.pl\/index.php?rest_route=%2Fwp%2Fv2%2Fcomments&post=3953"}],"version-history":[{"count":5,"href":"https:\/\/albert.radom.pl\/index.php?rest_route=\/wp\/v2\/posts\/3953\/revisions"}],"predecessor-version":[{"id":3958,"href":"https:\/\/albert.radom.pl\/index.php?rest_route=\/wp\/v2\/posts\/3953\/revisions\/3958"}],"wp:featuredmedia":[{"embeddable":true,"href":"https:\/\/albert.radom.pl\/index.php?rest_route=\/wp\/v2\/media\/3954"}],"wp:attachment":[{"href":"https:\/\/albert.radom.pl\/index.php?rest_route=%2Fwp%2Fv2%2Fmedia&parent=3953"}],"wp:term":[{"taxonomy":"category","embeddable":true,"href":"https:\/\/albert.radom.pl\/index.php?rest_route=%2Fwp%2Fv2%2Fcategories&post=3953"},{"taxonomy":"post_tag","embeddable":true,"href":"https:\/\/albert.radom.pl\/index.php?rest_route=%2Fwp%2Fv2%2Ftags&post=3953"}],"curies":[{"name":"wp","href":"https:\/\/api.w.org\/{rel}","templated":true}]}}