{"id":3965,"date":"2023-12-02T08:58:47","date_gmt":"2023-12-02T07:58:47","guid":{"rendered":"https:\/\/albert.radom.pl\/?p=3965"},"modified":"2023-12-18T21:41:55","modified_gmt":"2023-12-18T20:41:55","slug":"rekolekcje-adwentowe-2023","status":"publish","type":"post","link":"https:\/\/albert.radom.pl\/?p=3965","title":{"rendered":"Rekolekcje Adwentowe 2023"},"content":{"rendered":"<p><strong>Czy chcesz przygotowa\u0107 na Bo\u017ce Narodzenie nie tylko swoje cia\u0142o, ale i dusz\u0119? Czy pragniesz posprz\u0105ta\u0107 swoje serce i naszykowa\u0107 w nim miejsce na ponowne narodziny Boga? Czy chcesz \u017cy\u0107 pe\u0142ni\u0105 cia\u0142a i ducha? Je\u015bli na te pytania odpowiadasz twierdz\u0105co, to znaczy, \u017ce parafialne rekolekcje adwentowe s\u0105 w\u0142a\u015bnie dla Ciebie.<\/strong><!--more--><\/p>\n<p>Zapraszamy do udzia\u0142u w <strong>REKOLEKCJACH ADWENTOWYCH<\/strong> w dniach<strong> 10-12 grudnia<\/strong> (niedziela \u2013 wtorek) 2023 roku.<\/p>\n<p>Rekolekcje prowadzi ks. Witold Gawlik- wikariusz parafii Chrystusa Kr\u00f3la w Radomiu (Go\u0142\u0119bi\u00f3w) . Nauki rekolekcyjne b\u0119d\u0105 g\u0142oszone w niedziel\u0119 na ka\u017cdej Mszy \u015bw., a w poniedzia\u0142ek i we wtorek o godz. 7.00, 9.00 i 18.00<\/p>\n<p><strong>Zach\u0119camy do spowiedzi \u015bwi\u0105tecznej!<\/strong> Prosimy, aby nie odk\u0142ada\u0107 spowiedzi na ostatni\u0105 chwil\u0119. Szczeg\u00f3ln\u0105 okazj\u0105 do spowiedzi przed\u015bwi\u0105tecznej b\u0119dzie <strong>CZWARTEK 14 grudnia w godz. 9.00 &#8211; 11.30 i 15.30-19.00<\/strong>.<\/p>\n<p>Poni\u017cej szczeg\u00f3\u0142owy<strong> PROGRAM REKOLEKCJI<\/strong><\/p>\n<p><strong>II Niedziela Adwentu 10.12.2023<\/strong><br \/>\n7.00 Msza \u015bw. z nauk\u0105 og\u00f3ln\u0105<br \/>\n9.00 Msza \u015bw. z nauk\u0105 og\u00f3ln\u0105<br \/>\n11.00 Msza \u015aw. z nauka dla dzieci i rodzic\u00f3w<br \/>\n12.30 Msza \u015aw. z nauk\u0105 og\u00f3ln\u0105<br \/>\n18.00 Msza \u015aw. z nauk\u0105 og\u00f3ln\u0105<\/p>\n<p><strong>Poniedzia\u0142ek 11.12.2023<\/strong><br \/>\n7.00 Msza \u015bw. z nauk\u0105 og\u00f3ln\u0105<br \/>\n9.00 Msza \u015bw. z nauk\u0105 og\u00f3ln\u0105<br \/>\n18.00 Msza \u015aw. z nauk\u0105 og\u00f3ln\u0105<\/p>\n<p><strong>Wtorek 12.12.2023<\/strong><br \/>\n7.00 Msza \u015bw. z nauk\u0105 og\u00f3ln\u0105<br \/>\n9.00 Msza \u015bw. z nauk\u0105 og\u00f3ln\u0105<br \/>\n18.00 Msza \u015aw. z nauk\u0105 og\u00f3ln\u0105<\/p>\n<p><strong>Czwartek 14.12.2023 \u2013 Dzie\u0144 Spowiedzi<\/strong><br \/>\n<span style=\"text-decoration: underline;\"><strong>Spowied\u017a<\/strong><\/span> od godz. 9.00 do 11.30 i po po\u0142udniu 15.30 do 19.00<br \/>\n<strong>Msze \u015bw.<\/strong> o godz. 7.00; 9.00; 18.00<\/p>\n","protected":false},"excerpt":{"rendered":"<p>Czy chcesz przygotowa\u0107 na Bo\u017ce Narodzenie nie tylko swoje cia\u0142o, ale i dusz\u0119? Czy pragniesz&#8230;<\/p>\n","protected":false},"author":1,"featured_media":3966,"comment_status":"closed","ping_status":"closed","sticky":false,"template":"","format":"standard","meta":{"footnotes":""},"categories":[19,64],"tags":[],"class_list":["post-3965","post","type-post","status-publish","format-standard","has-post-thumbnail","hentry","category-aktualnosci","category-rekolekcje"],"featured_image_urls":{"full":["https:\/\/albert.radom.pl\/wp-content\/uploads\/2023\/12\/6-90.jpg",800,600,false],"thumbnail":["https:\/\/albert.radom.pl\/wp-content\/uploads\/2023\/12\/6-90-150x150.jpg",150,150,true],"medium":["https:\/\/albert.radom.pl\/wp-content\/uploads\/2023\/12\/6-90-300x225.jpg",300,225,true],"medium_large":["https:\/\/albert.radom.pl\/wp-content\/uploads\/2023\/12\/6-90-768x576.jpg",640,480,true],"large":["https:\/\/albert.radom.pl\/wp-content\/uploads\/2023\/12\/6-90.jpg",640,480,false],"1536x1536":["https:\/\/albert.radom.pl\/wp-content\/uploads\/2023\/12\/6-90.jpg",800,600,false],"2048x2048":["https:\/\/albert.radom.pl\/wp-content\/uploads\/2023\/12\/6-90.jpg",800,600,false],"newsever-slider-full":["https:\/\/albert.radom.pl\/wp-content\/uploads\/2023\/12\/6-90.jpg",800,600,false],"newsever-featured":["https:\/\/albert.radom.pl\/wp-content\/uploads\/2023\/12\/6-90.jpg",800,600,false],"newsever-medium":["https:\/\/albert.radom.pl\/wp-content\/uploads\/2023\/12\/6-90-720x475.jpg",720,475,true]},"author_info":{"display_name":"xdar","author_link":"https:\/\/albert.radom.pl\/?author=1"},"category_info":"<a href=\"https:\/\/albert.radom.pl\/?cat=19\" rel=\"category\">Aktualno\u015bci<\/a> <a href=\"https:\/\/albert.radom.pl\/?cat=64\" rel=\"category\">Rekolekcje<\/a>","tag_info":"Rekolekcje","comment_count":"0","_links":{"self":[{"href":"https:\/\/albert.radom.pl\/index.php?rest_route=\/wp\/v2\/posts\/3965","targetHints":{"allow":["GET"]}}],"collection":[{"href":"https:\/\/albert.radom.pl\/index.php?rest_route=\/wp\/v2\/posts"}],"about":[{"href":"https:\/\/albert.radom.pl\/index.php?rest_route=\/wp\/v2\/types\/post"}],"author":[{"embeddable":true,"href":"https:\/\/albert.radom.pl\/index.php?rest_route=\/wp\/v2\/users\/1"}],"replies":[{"embeddable":true,"href":"https:\/\/albert.radom.pl\/index.php?rest_route=%2Fwp%2Fv2%2Fcomments&post=3965"}],"version-history":[{"count":1,"href":"https:\/\/albert.radom.pl\/index.php?rest_route=\/wp\/v2\/posts\/3965\/revisions"}],"predecessor-version":[{"id":3967,"href":"https:\/\/albert.radom.pl\/index.php?rest_route=\/wp\/v2\/posts\/3965\/revisions\/3967"}],"wp:featuredmedia":[{"embeddable":true,"href":"https:\/\/albert.radom.pl\/index.php?rest_route=\/wp\/v2\/media\/3966"}],"wp:attachment":[{"href":"https:\/\/albert.radom.pl\/index.php?rest_route=%2Fwp%2Fv2%2Fmedia&parent=3965"}],"wp:term":[{"taxonomy":"category","embeddable":true,"href":"https:\/\/albert.radom.pl\/index.php?rest_route=%2Fwp%2Fv2%2Fcategories&post=3965"},{"taxonomy":"post_tag","embeddable":true,"href":"https:\/\/albert.radom.pl\/index.php?rest_route=%2Fwp%2Fv2%2Ftags&post=3965"}],"curies":[{"name":"wp","href":"https:\/\/api.w.org\/{rel}","templated":true}]}}