{"id":3971,"date":"2023-12-02T09:25:08","date_gmt":"2023-12-02T08:25:08","guid":{"rendered":"https:\/\/albert.radom.pl\/?p=3971"},"modified":"2023-12-23T09:44:45","modified_gmt":"2023-12-23T08:44:45","slug":"zapraszamy-na-roraty","status":"publish","type":"post","link":"https:\/\/albert.radom.pl\/?p=3971","title":{"rendered":"Zapraszamy na Roraty!"},"content":{"rendered":"<p><strong>Serdecznie zapraszamy wszystkich parafian do udzia\u0142u w Roratach.<\/strong> <!--more-->Msza \u015bw. Roratnia z kazaniem <strong>dla doros\u0142ych codziennie o godz. 7.00<\/strong>.<\/p>\n<p>Natomiast dzieci zapraszamy codziennie na godz. 18.00. W tym roku na Roratach <strong>b\u0119dziemy budowali w naszych sercach stajenk\u0119 dla Dzieci\u0105tka Jezus<\/strong>.<br \/>\nPomo\u017ce w tym<strong> \u015bw. Franciszek<\/strong>, kt\u00f3ry <strong>800 lat temu pierwszy zbudowa\u0142 stajenk\u0119<\/strong> w miejscowo\u015bci Greccio we W\u0142oszech.<br \/>\nW czasie kaza\u0144 przedstawiana b\u0119dzie posta\u0107 budowniczego stajenki i najwa\u017cniejsze epizody z jego \u017cycia.<br \/>\nDzieciom tworz\u0105cym w swoich sercach miejsce dla Jezusa b\u0119dzie towarzyszy\u0107 Biedaczyna z Asy\u017cu.<br \/>\nSkorzystaj\u0105 z rad i wskaz\u00f3wek udzielanych przez \u015bw. Franciszka, podobnie jak robotnicy, stawiaj\u0105c jak\u0105\u015b budowl\u0119, korzystaj\u0105 z projektu stworzonego przez architekta.<\/p>\n<p style=\"text-align: center;\"><img loading=\"lazy\" decoding=\"async\" class=\"aligncenter size-full wp-image-3972\" src=\"https:\/\/albert.radom.pl\/wp-content\/uploads\/2023\/12\/Zrzut-ekranu-2023-12-2-o-09.19.37.png\" alt=\"\" width=\"299\" height=\"250\" \/><\/p>\n<p>Pierwszego dnia dzieci otrzymaj\u0105 plansz\u0119, na kt\u00f3rej w wyznaczonych miejscach b\u0119d\u0105 przykleja\u0107 obrazki otrzymywane ka\u017cdego dnia Adwentu.<br \/>\nNa ich odwrocie zosta\u0142y wydrukowane zadania oraz pytania na poszczeg\u00f3lne dni Adwentu.<\/p>\n<p style=\"text-align: center;\"><img loading=\"lazy\" decoding=\"async\" class=\"aligncenter size-full wp-image-3973\" src=\"https:\/\/albert.radom.pl\/wp-content\/uploads\/2023\/12\/Zrzut-ekranu-2023-12-2-o-09.17.49.png\" alt=\"\" width=\"216\" height=\"447\" srcset=\"https:\/\/albert.radom.pl\/wp-content\/uploads\/2023\/12\/Zrzut-ekranu-2023-12-2-o-09.17.49.png 216w, https:\/\/albert.radom.pl\/wp-content\/uploads\/2023\/12\/Zrzut-ekranu-2023-12-2-o-09.17.49-145x300.png 145w\" sizes=\"auto, (max-width: 216px) 100vw, 216px\" \/><\/p>\n<p>Jak co roku towarzyszy\u0107 nam b\u0119dzie specjalnie na t\u0119 okazj\u0119 skomponowana <strong>piosenka<\/strong> roratnia pt. <strong>\u201e Cuda dziej\u0105 si\u0119\u201d<\/strong> w wykonaniu Magdy Anio\u0142 i Adama Szewczyka.<\/p>\n<p><iframe loading=\"lazy\" title=\"Roraty 2023 Piosenka &quot;Cuda dziej\u0105 si\u0119&quot; Teledysk\" width=\"640\" height=\"360\" src=\"https:\/\/www.youtube.com\/embed\/scnuUoS84zY?feature=oembed\" frameborder=\"0\" allow=\"accelerometer; autoplay; clipboard-write; encrypted-media; gyroscope; picture-in-picture; web-share\" referrerpolicy=\"strict-origin-when-cross-origin\" allowfullscreen><\/iframe><\/p>\n<p>&nbsp;<\/p>\n","protected":false},"excerpt":{"rendered":"<p>Serdecznie zapraszamy wszystkich parafian do udzia\u0142u w Roratach.<\/p>\n","protected":false},"author":1,"featured_media":3974,"comment_status":"closed","ping_status":"closed","sticky":false,"template":"","format":"standard","meta":{"footnotes":""},"categories":[78,19],"tags":[],"class_list":["post-3971","post","type-post","status-publish","format-standard","has-post-thumbnail","hentry","category-adwent","category-aktualnosci"],"featured_image_urls":{"full":["https:\/\/albert.radom.pl\/wp-content\/uploads\/2023\/12\/16a7aed3-f427-412d-b7f5-38147f880979.jpg",2048,1536,false],"thumbnail":["https:\/\/albert.radom.pl\/wp-content\/uploads\/2023\/12\/16a7aed3-f427-412d-b7f5-38147f880979-150x150.jpg",150,150,true],"medium":["https:\/\/albert.radom.pl\/wp-content\/uploads\/2023\/12\/16a7aed3-f427-412d-b7f5-38147f880979-300x225.jpg",300,225,true],"medium_large":["https:\/\/albert.radom.pl\/wp-content\/uploads\/2023\/12\/16a7aed3-f427-412d-b7f5-38147f880979-768x576.jpg",640,480,true],"large":["https:\/\/albert.radom.pl\/wp-content\/uploads\/2023\/12\/16a7aed3-f427-412d-b7f5-38147f880979-1024x768.jpg",640,480,true],"1536x1536":["https:\/\/albert.radom.pl\/wp-content\/uploads\/2023\/12\/16a7aed3-f427-412d-b7f5-38147f880979-1536x1152.jpg",1536,1152,true],"2048x2048":["https:\/\/albert.radom.pl\/wp-content\/uploads\/2023\/12\/16a7aed3-f427-412d-b7f5-38147f880979.jpg",2048,1536,false],"newsever-slider-full":["https:\/\/albert.radom.pl\/wp-content\/uploads\/2023\/12\/16a7aed3-f427-412d-b7f5-38147f880979-1280x845.jpg",1280,845,true],"newsever-featured":["https:\/\/albert.radom.pl\/wp-content\/uploads\/2023\/12\/16a7aed3-f427-412d-b7f5-38147f880979-1024x768.jpg",1024,768,true],"newsever-medium":["https:\/\/albert.radom.pl\/wp-content\/uploads\/2023\/12\/16a7aed3-f427-412d-b7f5-38147f880979-720x475.jpg",720,475,true]},"author_info":{"display_name":"xdar","author_link":"https:\/\/albert.radom.pl\/?author=1"},"category_info":"<a href=\"https:\/\/albert.radom.pl\/?cat=78\" rel=\"category\">Adwent<\/a> <a href=\"https:\/\/albert.radom.pl\/?cat=19\" rel=\"category\">Aktualno\u015bci<\/a>","tag_info":"Aktualno\u015bci","comment_count":"0","_links":{"self":[{"href":"https:\/\/albert.radom.pl\/index.php?rest_route=\/wp\/v2\/posts\/3971","targetHints":{"allow":["GET"]}}],"collection":[{"href":"https:\/\/albert.radom.pl\/index.php?rest_route=\/wp\/v2\/posts"}],"about":[{"href":"https:\/\/albert.radom.pl\/index.php?rest_route=\/wp\/v2\/types\/post"}],"author":[{"embeddable":true,"href":"https:\/\/albert.radom.pl\/index.php?rest_route=\/wp\/v2\/users\/1"}],"replies":[{"embeddable":true,"href":"https:\/\/albert.radom.pl\/index.php?rest_route=%2Fwp%2Fv2%2Fcomments&post=3971"}],"version-history":[{"count":4,"href":"https:\/\/albert.radom.pl\/index.php?rest_route=\/wp\/v2\/posts\/3971\/revisions"}],"predecessor-version":[{"id":3980,"href":"https:\/\/albert.radom.pl\/index.php?rest_route=\/wp\/v2\/posts\/3971\/revisions\/3980"}],"wp:featuredmedia":[{"embeddable":true,"href":"https:\/\/albert.radom.pl\/index.php?rest_route=\/wp\/v2\/media\/3974"}],"wp:attachment":[{"href":"https:\/\/albert.radom.pl\/index.php?rest_route=%2Fwp%2Fv2%2Fmedia&parent=3971"}],"wp:term":[{"taxonomy":"category","embeddable":true,"href":"https:\/\/albert.radom.pl\/index.php?rest_route=%2Fwp%2Fv2%2Fcategories&post=3971"},{"taxonomy":"post_tag","embeddable":true,"href":"https:\/\/albert.radom.pl\/index.php?rest_route=%2Fwp%2Fv2%2Ftags&post=3971"}],"curies":[{"name":"wp","href":"https:\/\/api.w.org\/{rel}","templated":true}]}}