{"id":4054,"date":"2023-12-12T21:24:46","date_gmt":"2023-12-12T20:24:46","guid":{"rendered":"https:\/\/albert.radom.pl\/?p=4054"},"modified":"2023-12-18T21:27:49","modified_gmt":"2023-12-18T20:27:49","slug":"wiara-nadzieja-milosc-te-trzy","status":"publish","type":"post","link":"https:\/\/albert.radom.pl\/?p=4054","title":{"rendered":"Wiara-Nadzieja-Mi\u0142o\u015b\u0107: te trzy&#8230;"},"content":{"rendered":"<p>Dzi\u015b zako\u0144czy\u0142y si\u0119 w naszej wsp\u00f3lnocie parafialnej Rekolekcje Adwentowe, <!--more-->kt\u00f3re wyg\u0142osi\u0142 Ks. Witold Gawlik, wikariusz par. Chrystusa Kr\u00f3la. Przygotowanie do \u015awi\u0105t Narodzenia Pa\u0144skiego jest czasem budowania w naszych sercach na nowo tych cn\u00f3t: wiary, nadziei i mi\u0142o\u015bci.<\/p>\n<p>Tego dotyczy\u0142y rekolekcyjne nauki. Dzi\u0119kujemy Ks. Witoldowi za ten czas zamy\u015blenia i do\u015bwiadczenia przychodz\u0105cego Pana. Niech Bogu b\u0119d\u0105 dzi\u0119ki i Jemu powierzamy owoce tych rekolekcji.<br \/>\nPrzed nami jeszcze czas spowiedzi adwentowej w najbli\u017cszy czwartek. Nie odk\u0142adajmy tego na ostatni\u0105 chwil\u0119.<\/p>\n<div id='gallery-1' class='gallery galleryid-4054 gallery-columns-4 gallery-size-thumbnail'><figure class='gallery-item'>\n\t\t\t<div class='gallery-icon portrait'>\n\t\t\t\t<a href='https:\/\/albert.radom.pl\/wp-content\/uploads\/2023\/12\/408940204_664199055884631_2079171995475544019_n.jpg'><img loading=\"lazy\" decoding=\"async\" width=\"150\" height=\"150\" src=\"https:\/\/albert.radom.pl\/wp-content\/uploads\/2023\/12\/408940204_664199055884631_2079171995475544019_n-150x150.jpg\" class=\"attachment-thumbnail size-thumbnail\" alt=\"\" \/><\/a>\n\t\t\t<\/div><\/figure><figure class='gallery-item'>\n\t\t\t<div class='gallery-icon portrait'>\n\t\t\t\t<a href='https:\/\/albert.radom.pl\/wp-content\/uploads\/2023\/12\/409960214_664199199217950_284906681852509843_n.jpg'><img loading=\"lazy\" decoding=\"async\" width=\"150\" height=\"150\" src=\"https:\/\/albert.radom.pl\/wp-content\/uploads\/2023\/12\/409960214_664199199217950_284906681852509843_n-150x150.jpg\" class=\"attachment-thumbnail size-thumbnail\" alt=\"\" \/><\/a>\n\t\t\t<\/div><\/figure><figure class='gallery-item'>\n\t\t\t<div class='gallery-icon portrait'>\n\t\t\t\t<a href='https:\/\/albert.radom.pl\/wp-content\/uploads\/2023\/12\/409969242_664199122551291_1648862581677750664_n.jpg'><img loading=\"lazy\" decoding=\"async\" width=\"150\" height=\"150\" src=\"https:\/\/albert.radom.pl\/wp-content\/uploads\/2023\/12\/409969242_664199122551291_1648862581677750664_n-150x150.jpg\" class=\"attachment-thumbnail size-thumbnail\" alt=\"\" \/><\/a>\n\t\t\t<\/div><\/figure><figure class='gallery-item'>\n\t\t\t<div class='gallery-icon portrait'>\n\t\t\t\t<a href='https:\/\/albert.radom.pl\/wp-content\/uploads\/2023\/12\/410042678_664198705884666_4194945273616936369_n.jpg'><img loading=\"lazy\" decoding=\"async\" width=\"150\" height=\"150\" src=\"https:\/\/albert.radom.pl\/wp-content\/uploads\/2023\/12\/410042678_664198705884666_4194945273616936369_n-150x150.jpg\" class=\"attachment-thumbnail size-thumbnail\" alt=\"\" \/><\/a>\n\t\t\t<\/div><\/figure><figure class='gallery-item'>\n\t\t\t<div class='gallery-icon portrait'>\n\t\t\t\t<a href='https:\/\/albert.radom.pl\/wp-content\/uploads\/2023\/12\/410087366_664199282551275_8598258238180954474_n.jpg'><img loading=\"lazy\" decoding=\"async\" width=\"150\" height=\"150\" src=\"https:\/\/albert.radom.pl\/wp-content\/uploads\/2023\/12\/410087366_664199282551275_8598258238180954474_n-150x150.jpg\" class=\"attachment-thumbnail size-thumbnail\" alt=\"\" \/><\/a>\n\t\t\t<\/div><\/figure><figure class='gallery-item'>\n\t\t\t<div class='gallery-icon portrait'>\n\t\t\t\t<a href='https:\/\/albert.radom.pl\/wp-content\/uploads\/2023\/12\/410089273_664198922551311_7980425598978038882_n.jpg'><img loading=\"lazy\" decoding=\"async\" width=\"150\" height=\"150\" src=\"https:\/\/albert.radom.pl\/wp-content\/uploads\/2023\/12\/410089273_664198922551311_7980425598978038882_n-150x150.jpg\" class=\"attachment-thumbnail size-thumbnail\" alt=\"\" \/><\/a>\n\t\t\t<\/div><\/figure><figure class='gallery-item'>\n\t\t\t<div class='gallery-icon portrait'>\n\t\t\t\t<a href='https:\/\/albert.radom.pl\/wp-content\/uploads\/2023\/12\/410117092_664199429217927_7667701921461837316_n.jpg'><img loading=\"lazy\" decoding=\"async\" width=\"150\" height=\"150\" src=\"https:\/\/albert.radom.pl\/wp-content\/uploads\/2023\/12\/410117092_664199429217927_7667701921461837316_n-150x150.jpg\" class=\"attachment-thumbnail size-thumbnail\" alt=\"\" \/><\/a>\n\t\t\t<\/div><\/figure><figure class='gallery-item'>\n\t\t\t<div class='gallery-icon portrait'>\n\t\t\t\t<a href='https:\/\/albert.radom.pl\/wp-content\/uploads\/2023\/12\/410188257_664199355884601_822974117155927686_n.jpg'><img loading=\"lazy\" decoding=\"async\" width=\"150\" height=\"150\" src=\"https:\/\/albert.radom.pl\/wp-content\/uploads\/2023\/12\/410188257_664199355884601_822974117155927686_n-150x150.jpg\" class=\"attachment-thumbnail size-thumbnail\" alt=\"\" \/><\/a>\n\t\t\t<\/div><\/figure>\n\t\t<\/div>\n\n","protected":false},"excerpt":{"rendered":"<p>Dzi\u015b zako\u0144czy\u0142y si\u0119 w naszej wsp\u00f3lnocie parafialnej Rekolekcje Adwentowe,<\/p>\n","protected":false},"author":1,"featured_media":4060,"comment_status":"closed","ping_status":"closed","sticky":false,"template":"","format":"standard","meta":{"footnotes":""},"categories":[78,19],"tags":[],"class_list":["post-4054","post","type-post","status-publish","format-standard","has-post-thumbnail","hentry","category-adwent","category-aktualnosci"],"featured_image_urls":{"full":["https:\/\/albert.radom.pl\/wp-content\/uploads\/2023\/12\/410089273_664198922551311_7980425598978038882_n.jpg",1440,1800,false],"thumbnail":["https:\/\/albert.radom.pl\/wp-content\/uploads\/2023\/12\/410089273_664198922551311_7980425598978038882_n-150x150.jpg",150,150,true],"medium":["https:\/\/albert.radom.pl\/wp-content\/uploads\/2023\/12\/410089273_664198922551311_7980425598978038882_n-240x300.jpg",240,300,true],"medium_large":["https:\/\/albert.radom.pl\/wp-content\/uploads\/2023\/12\/410089273_664198922551311_7980425598978038882_n-768x960.jpg",640,800,true],"large":["https:\/\/albert.radom.pl\/wp-content\/uploads\/2023\/12\/410089273_664198922551311_7980425598978038882_n-819x1024.jpg",640,800,true],"1536x1536":["https:\/\/albert.radom.pl\/wp-content\/uploads\/2023\/12\/410089273_664198922551311_7980425598978038882_n-1229x1536.jpg",1229,1536,true],"2048x2048":["https:\/\/albert.radom.pl\/wp-content\/uploads\/2023\/12\/410089273_664198922551311_7980425598978038882_n.jpg",1440,1800,false],"newsever-slider-full":["https:\/\/albert.radom.pl\/wp-content\/uploads\/2023\/12\/410089273_664198922551311_7980425598978038882_n-1280x845.jpg",1280,845,true],"newsever-featured":["https:\/\/albert.radom.pl\/wp-content\/uploads\/2023\/12\/410089273_664198922551311_7980425598978038882_n-1024x1280.jpg",1024,1280,true],"newsever-medium":["https:\/\/albert.radom.pl\/wp-content\/uploads\/2023\/12\/410089273_664198922551311_7980425598978038882_n-720x475.jpg",720,475,true]},"author_info":{"display_name":"xdar","author_link":"https:\/\/albert.radom.pl\/?author=1"},"category_info":"<a href=\"https:\/\/albert.radom.pl\/?cat=78\" rel=\"category\">Adwent<\/a> <a href=\"https:\/\/albert.radom.pl\/?cat=19\" rel=\"category\">Aktualno\u015bci<\/a>","tag_info":"Aktualno\u015bci","comment_count":"0","_links":{"self":[{"href":"https:\/\/albert.radom.pl\/index.php?rest_route=\/wp\/v2\/posts\/4054","targetHints":{"allow":["GET"]}}],"collection":[{"href":"https:\/\/albert.radom.pl\/index.php?rest_route=\/wp\/v2\/posts"}],"about":[{"href":"https:\/\/albert.radom.pl\/index.php?rest_route=\/wp\/v2\/types\/post"}],"author":[{"embeddable":true,"href":"https:\/\/albert.radom.pl\/index.php?rest_route=\/wp\/v2\/users\/1"}],"replies":[{"embeddable":true,"href":"https:\/\/albert.radom.pl\/index.php?rest_route=%2Fwp%2Fv2%2Fcomments&post=4054"}],"version-history":[{"count":1,"href":"https:\/\/albert.radom.pl\/index.php?rest_route=\/wp\/v2\/posts\/4054\/revisions"}],"predecessor-version":[{"id":4063,"href":"https:\/\/albert.radom.pl\/index.php?rest_route=\/wp\/v2\/posts\/4054\/revisions\/4063"}],"wp:featuredmedia":[{"embeddable":true,"href":"https:\/\/albert.radom.pl\/index.php?rest_route=\/wp\/v2\/media\/4060"}],"wp:attachment":[{"href":"https:\/\/albert.radom.pl\/index.php?rest_route=%2Fwp%2Fv2%2Fmedia&parent=4054"}],"wp:term":[{"taxonomy":"category","embeddable":true,"href":"https:\/\/albert.radom.pl\/index.php?rest_route=%2Fwp%2Fv2%2Fcategories&post=4054"},{"taxonomy":"post_tag","embeddable":true,"href":"https:\/\/albert.radom.pl\/index.php?rest_route=%2Fwp%2Fv2%2Ftags&post=4054"}],"curies":[{"name":"wp","href":"https:\/\/api.w.org\/{rel}","templated":true}]}}