{"id":4085,"date":"2023-12-17T21:36:52","date_gmt":"2023-12-17T20:36:52","guid":{"rendered":"https:\/\/albert.radom.pl\/?p=4085"},"modified":"2023-12-18T21:39:45","modified_gmt":"2023-12-18T20:39:45","slug":"imieniny-ks-dariusza-2","status":"publish","type":"post","link":"https:\/\/albert.radom.pl\/?p=4085","title":{"rendered":"Imieniny Ks. Dariusza"},"content":{"rendered":"<p>Dzi\u015b w naszej wsp\u00f3lnocie parafialnej prze\u017cywamy imieniny Ks. Dariusza Frydrycha.<!--more--><\/p>\n<p>Podczas Mszy \u015bw. o godz. 9:00 przedstawiciele parafian z\u0142o\u017cyli solenizantowi \u017cyczenia.<br \/>\nSk\u0142adamy Ks. Dariuszowi moc gor\u0105cych \u017cycze\u0144: zdrowia, Bo\u017cego b\u0142ogos\u0142awie\u0144stwa na ka\u017cdy dzie\u0144 kaplanskiej poslugi.<\/p>\n<div id='gallery-1' class='gallery galleryid-4085 gallery-columns-5 gallery-size-thumbnail'><figure class='gallery-item'>\n\t\t\t<div class='gallery-icon portrait'>\n\t\t\t\t<a href='https:\/\/albert.radom.pl\/wp-content\/uploads\/2023\/12\/412005563_666850475619489_3309040002380579667_n.jpg'><img loading=\"lazy\" decoding=\"async\" width=\"150\" height=\"150\" src=\"https:\/\/albert.radom.pl\/wp-content\/uploads\/2023\/12\/412005563_666850475619489_3309040002380579667_n-150x150.jpg\" class=\"attachment-thumbnail size-thumbnail\" alt=\"\" \/><\/a>\n\t\t\t<\/div><\/figure><figure class='gallery-item'>\n\t\t\t<div class='gallery-icon portrait'>\n\t\t\t\t<a href='https:\/\/albert.radom.pl\/wp-content\/uploads\/2023\/12\/411681712_666850395619497_8093623041424143169_n.jpg'><img loading=\"lazy\" decoding=\"async\" width=\"150\" height=\"150\" src=\"https:\/\/albert.radom.pl\/wp-content\/uploads\/2023\/12\/411681712_666850395619497_8093623041424143169_n-150x150.jpg\" class=\"attachment-thumbnail size-thumbnail\" alt=\"\" \/><\/a>\n\t\t\t<\/div><\/figure><figure class='gallery-item'>\n\t\t\t<div class='gallery-icon portrait'>\n\t\t\t\t<a href='https:\/\/albert.radom.pl\/wp-content\/uploads\/2023\/12\/411506729_666850678952802_2506272185044853760_n.jpg'><img loading=\"lazy\" decoding=\"async\" width=\"150\" height=\"150\" src=\"https:\/\/albert.radom.pl\/wp-content\/uploads\/2023\/12\/411506729_666850678952802_2506272185044853760_n-150x150.jpg\" class=\"attachment-thumbnail size-thumbnail\" alt=\"\" \/><\/a>\n\t\t\t<\/div><\/figure><figure class='gallery-item'>\n\t\t\t<div class='gallery-icon portrait'>\n\t\t\t\t<a href='https:\/\/albert.radom.pl\/wp-content\/uploads\/2023\/12\/411085579_666850628952807_2620576458122288677_n.jpg'><img loading=\"lazy\" decoding=\"async\" width=\"150\" height=\"150\" src=\"https:\/\/albert.radom.pl\/wp-content\/uploads\/2023\/12\/411085579_666850628952807_2620576458122288677_n-150x150.jpg\" class=\"attachment-thumbnail size-thumbnail\" alt=\"\" \/><\/a>\n\t\t\t<\/div><\/figure><figure class='gallery-item'>\n\t\t\t<div class='gallery-icon portrait'>\n\t\t\t\t<a href='https:\/\/albert.radom.pl\/wp-content\/uploads\/2023\/12\/410223085_666850548952815_3770602299651242727_n.jpg'><img loading=\"lazy\" decoding=\"async\" width=\"150\" height=\"150\" src=\"https:\/\/albert.radom.pl\/wp-content\/uploads\/2023\/12\/410223085_666850548952815_3770602299651242727_n-150x150.jpg\" class=\"attachment-thumbnail size-thumbnail\" alt=\"\" \/><\/a>\n\t\t\t<\/div><\/figure><figure class='gallery-item'>\n\t\t\t<div class='gallery-icon portrait'>\n\t\t\t\t<a href='https:\/\/albert.radom.pl\/wp-content\/uploads\/2023\/12\/410217206_666850582286145_3028232194859091066_n.jpg'><img loading=\"lazy\" decoding=\"async\" width=\"150\" height=\"150\" src=\"https:\/\/albert.radom.pl\/wp-content\/uploads\/2023\/12\/410217206_666850582286145_3028232194859091066_n-150x150.jpg\" class=\"attachment-thumbnail size-thumbnail\" alt=\"\" \/><\/a>\n\t\t\t<\/div><\/figure>\n\t\t<\/div>\n\n","protected":false},"excerpt":{"rendered":"<p>Dzi\u015b w naszej wsp\u00f3lnocie parafialnej prze\u017cywamy imieniny Ks. Dariusza Frydrycha.<\/p>\n","protected":false},"author":1,"featured_media":4088,"comment_status":"closed","ping_status":"closed","sticky":false,"template":"","format":"standard","meta":{"footnotes":""},"categories":[19],"tags":[],"class_list":["post-4085","post","type-post","status-publish","format-standard","has-post-thumbnail","hentry","category-aktualnosci"],"featured_image_urls":{"full":["https:\/\/albert.radom.pl\/wp-content\/uploads\/2023\/12\/411085579_666850628952807_2620576458122288677_n.jpg",1536,2048,false],"thumbnail":["https:\/\/albert.radom.pl\/wp-content\/uploads\/2023\/12\/411085579_666850628952807_2620576458122288677_n-150x150.jpg",150,150,true],"medium":["https:\/\/albert.radom.pl\/wp-content\/uploads\/2023\/12\/411085579_666850628952807_2620576458122288677_n-225x300.jpg",225,300,true],"medium_large":["https:\/\/albert.radom.pl\/wp-content\/uploads\/2023\/12\/411085579_666850628952807_2620576458122288677_n-768x1024.jpg",640,853,true],"large":["https:\/\/albert.radom.pl\/wp-content\/uploads\/2023\/12\/411085579_666850628952807_2620576458122288677_n-768x1024.jpg",640,853,true],"1536x1536":["https:\/\/albert.radom.pl\/wp-content\/uploads\/2023\/12\/411085579_666850628952807_2620576458122288677_n-1152x1536.jpg",1152,1536,true],"2048x2048":["https:\/\/albert.radom.pl\/wp-content\/uploads\/2023\/12\/411085579_666850628952807_2620576458122288677_n.jpg",1536,2048,false],"newsever-slider-full":["https:\/\/albert.radom.pl\/wp-content\/uploads\/2023\/12\/411085579_666850628952807_2620576458122288677_n-1280x845.jpg",1280,845,true],"newsever-featured":["https:\/\/albert.radom.pl\/wp-content\/uploads\/2023\/12\/411085579_666850628952807_2620576458122288677_n-1024x1365.jpg",1024,1365,true],"newsever-medium":["https:\/\/albert.radom.pl\/wp-content\/uploads\/2023\/12\/411085579_666850628952807_2620576458122288677_n-720x475.jpg",720,475,true]},"author_info":{"display_name":"xdar","author_link":"https:\/\/albert.radom.pl\/?author=1"},"category_info":"<a href=\"https:\/\/albert.radom.pl\/?cat=19\" rel=\"category\">Aktualno\u015bci<\/a>","tag_info":"Aktualno\u015bci","comment_count":"0","_links":{"self":[{"href":"https:\/\/albert.radom.pl\/index.php?rest_route=\/wp\/v2\/posts\/4085","targetHints":{"allow":["GET"]}}],"collection":[{"href":"https:\/\/albert.radom.pl\/index.php?rest_route=\/wp\/v2\/posts"}],"about":[{"href":"https:\/\/albert.radom.pl\/index.php?rest_route=\/wp\/v2\/types\/post"}],"author":[{"embeddable":true,"href":"https:\/\/albert.radom.pl\/index.php?rest_route=\/wp\/v2\/users\/1"}],"replies":[{"embeddable":true,"href":"https:\/\/albert.radom.pl\/index.php?rest_route=%2Fwp%2Fv2%2Fcomments&post=4085"}],"version-history":[{"count":1,"href":"https:\/\/albert.radom.pl\/index.php?rest_route=\/wp\/v2\/posts\/4085\/revisions"}],"predecessor-version":[{"id":4092,"href":"https:\/\/albert.radom.pl\/index.php?rest_route=\/wp\/v2\/posts\/4085\/revisions\/4092"}],"wp:featuredmedia":[{"embeddable":true,"href":"https:\/\/albert.radom.pl\/index.php?rest_route=\/wp\/v2\/media\/4088"}],"wp:attachment":[{"href":"https:\/\/albert.radom.pl\/index.php?rest_route=%2Fwp%2Fv2%2Fmedia&parent=4085"}],"wp:term":[{"taxonomy":"category","embeddable":true,"href":"https:\/\/albert.radom.pl\/index.php?rest_route=%2Fwp%2Fv2%2Fcategories&post=4085"},{"taxonomy":"post_tag","embeddable":true,"href":"https:\/\/albert.radom.pl\/index.php?rest_route=%2Fwp%2Fv2%2Ftags&post=4085"}],"curies":[{"name":"wp","href":"https:\/\/api.w.org\/{rel}","templated":true}]}}