{"id":4191,"date":"2023-12-23T16:53:06","date_gmt":"2023-12-23T15:53:06","guid":{"rendered":"https:\/\/albert.radom.pl\/?p=4191"},"modified":"2023-12-23T16:53:06","modified_gmt":"2023-12-23T15:53:06","slug":"slowo-biskupa-radomskiego-marka-solarczyka-na-boze-narodzenie-2023","status":"publish","type":"post","link":"https:\/\/albert.radom.pl\/?p=4191","title":{"rendered":"S\u0142owo Biskupa Radomskiego Marka Solarczyka na Bo\u017ce Narodzenie 2023"},"content":{"rendered":"<p>Moi Drodzy!<br \/>\nUroczysto\u015b\u0107 Narodzenia Pa\u0144skiego pozwala nam na nowo prze\u017cy\u0107 tajemnic\u0119 \u017cycia z Bogiem i w naszej codzienno\u015bci odkry\u0107 dar Jego mi\u0142o\u015bci.<!--more--><\/p>\n<p>Dzi\u0119kuj\u0119 wszystkim, dla kt\u00f3rych okres adwentu sta\u0142 si\u0119 czasem troski o umocnienie wiary i bardzo cz\u0119sto wielkiego po\u015bwi\u0119cenia, szczeg\u00f3lnie we wsp\u00f3lnej modlitwie podczas Mszy \u015aw. roratnich. Dzi\u0119kuj\u0119 oddanym duszpasterzom za wytrwa\u0142\u0105 pos\u0142ug\u0119 i wszystkim wiernym, dzi\u0119ki kt\u00f3rym mog\u0142y si\u0119 wype\u0142ni\u0107 liczne adwentowe inicjatywy w parafiach.<\/p>\n<p>\u017bycz\u0119 wszystkim, aby tajemnica Narodzenia Syna Bo\u017cego umocni\u0142a nadziej\u0119, \u017ce B\u00f3g jest z nami i z Jego pomoc\u0105 obronimy wszelkie dobro. Niech macierzy\u0144ska opieka Maryi i jej oddanie dla narodzonego Syna umocni nasz\u0105 wierno\u015b\u0107 Bogu i zjednoczy nas dzi\u0119ki mocy mi\u0142o\u015bci Boga.<\/p>\n<p>Niech Bo\u017ce b\u0142ogos\u0142awie\u0144stwo wspiera ca\u0142\u0105 wsp\u00f3lnot\u0119 Ko\u015bcio\u0142a radomskiego i ka\u017cdego, kto razem z nami pragnie swoje \u017cycie zawierzy\u0107 Bogu.<\/p>\n<p style=\"text-align: right;\">Wasz biskup Marek<\/p>\n","protected":false},"excerpt":{"rendered":"<p>Moi Drodzy! Uroczysto\u015b\u0107 Narodzenia Pa\u0144skiego pozwala nam na nowo prze\u017cy\u0107 tajemnic\u0119 \u017cycia z Bogiem i&#8230;<\/p>\n","protected":false},"author":1,"featured_media":4173,"comment_status":"closed","ping_status":"closed","sticky":false,"template":"","format":"standard","meta":{"footnotes":""},"categories":[19,68,67,61],"tags":[],"class_list":["post-4191","post","type-post","status-publish","format-standard","has-post-thumbnail","hentry","category-aktualnosci","category-boze-narodzenie","category-bp-marek-solarczyk","category-czytelnia"],"featured_image_urls":{"full":["https:\/\/albert.radom.pl\/wp-content\/uploads\/2023\/12\/412919499_670253685279168_5683070336877235997_n.jpg",2048,1536,false],"thumbnail":["https:\/\/albert.radom.pl\/wp-content\/uploads\/2023\/12\/412919499_670253685279168_5683070336877235997_n-150x150.jpg",150,150,true],"medium":["https:\/\/albert.radom.pl\/wp-content\/uploads\/2023\/12\/412919499_670253685279168_5683070336877235997_n-300x225.jpg",300,225,true],"medium_large":["https:\/\/albert.radom.pl\/wp-content\/uploads\/2023\/12\/412919499_670253685279168_5683070336877235997_n-768x576.jpg",640,480,true],"large":["https:\/\/albert.radom.pl\/wp-content\/uploads\/2023\/12\/412919499_670253685279168_5683070336877235997_n-1024x768.jpg",640,480,true],"1536x1536":["https:\/\/albert.radom.pl\/wp-content\/uploads\/2023\/12\/412919499_670253685279168_5683070336877235997_n-1536x1152.jpg",1536,1152,true],"2048x2048":["https:\/\/albert.radom.pl\/wp-content\/uploads\/2023\/12\/412919499_670253685279168_5683070336877235997_n.jpg",2048,1536,false],"newsever-slider-full":["https:\/\/albert.radom.pl\/wp-content\/uploads\/2023\/12\/412919499_670253685279168_5683070336877235997_n-1280x845.jpg",1280,845,true],"newsever-featured":["https:\/\/albert.radom.pl\/wp-content\/uploads\/2023\/12\/412919499_670253685279168_5683070336877235997_n-1024x768.jpg",1024,768,true],"newsever-medium":["https:\/\/albert.radom.pl\/wp-content\/uploads\/2023\/12\/412919499_670253685279168_5683070336877235997_n-720x475.jpg",720,475,true]},"author_info":{"display_name":"xdar","author_link":"https:\/\/albert.radom.pl\/?author=1"},"category_info":"<a href=\"https:\/\/albert.radom.pl\/?cat=19\" rel=\"category\">Aktualno\u015bci<\/a> <a href=\"https:\/\/albert.radom.pl\/?cat=68\" rel=\"category\">Bo\u017ce Narodzenie<\/a> <a href=\"https:\/\/albert.radom.pl\/?cat=67\" rel=\"category\">Bp Marek Solarczyk<\/a> <a href=\"https:\/\/albert.radom.pl\/?cat=61\" rel=\"category\">Czytelnia<\/a>","tag_info":"Czytelnia","comment_count":"0","_links":{"self":[{"href":"https:\/\/albert.radom.pl\/index.php?rest_route=\/wp\/v2\/posts\/4191","targetHints":{"allow":["GET"]}}],"collection":[{"href":"https:\/\/albert.radom.pl\/index.php?rest_route=\/wp\/v2\/posts"}],"about":[{"href":"https:\/\/albert.radom.pl\/index.php?rest_route=\/wp\/v2\/types\/post"}],"author":[{"embeddable":true,"href":"https:\/\/albert.radom.pl\/index.php?rest_route=\/wp\/v2\/users\/1"}],"replies":[{"embeddable":true,"href":"https:\/\/albert.radom.pl\/index.php?rest_route=%2Fwp%2Fv2%2Fcomments&post=4191"}],"version-history":[{"count":1,"href":"https:\/\/albert.radom.pl\/index.php?rest_route=\/wp\/v2\/posts\/4191\/revisions"}],"predecessor-version":[{"id":4192,"href":"https:\/\/albert.radom.pl\/index.php?rest_route=\/wp\/v2\/posts\/4191\/revisions\/4192"}],"wp:featuredmedia":[{"embeddable":true,"href":"https:\/\/albert.radom.pl\/index.php?rest_route=\/wp\/v2\/media\/4173"}],"wp:attachment":[{"href":"https:\/\/albert.radom.pl\/index.php?rest_route=%2Fwp%2Fv2%2Fmedia&parent=4191"}],"wp:term":[{"taxonomy":"category","embeddable":true,"href":"https:\/\/albert.radom.pl\/index.php?rest_route=%2Fwp%2Fv2%2Fcategories&post=4191"},{"taxonomy":"post_tag","embeddable":true,"href":"https:\/\/albert.radom.pl\/index.php?rest_route=%2Fwp%2Fv2%2Ftags&post=4191"}],"curies":[{"name":"wp","href":"https:\/\/api.w.org\/{rel}","templated":true}]}}