{"id":4258,"date":"2023-12-28T06:26:16","date_gmt":"2023-12-28T05:26:16","guid":{"rendered":"https:\/\/albert.radom.pl\/?p=4258"},"modified":"2024-01-07T14:49:52","modified_gmt":"2024-01-07T13:49:52","slug":"nabozenstwo-dziekczynno-przeblagalne-zapraszamy","status":"publish","type":"post","link":"https:\/\/albert.radom.pl\/?p=4258","title":{"rendered":"Nabo\u017ce\u0144stwo dzi\u0119kczynno-przeb\u0142agalne. Zapraszamy"},"content":{"rendered":"<p>Serdecznie zapraszamy wszystkich wiernych na Nabo\u017ce\u0144stwo dzi\u0119kczynna-przeb\u0142agalne w niedziel\u0119 31 grudnia o godz. 17.30.<!--more--><\/p>\n<p>B\u0119dziemy chcieli podzi\u0119kowa\u0107 Panu Bogu za wszelkie \u0142aski i dobro w ko\u0144cz\u0105cym si\u0119 roku kalendarzowym; za wszelkie dobre dzie\u0142a, jakie dokona\u0142y si\u0119 w naszej wsp\u00f3lnocie; za ludzi, kt\u00f3rych Pan B\u00f3g postawi\u0142 w tym czasie na naszej drodze oraz dobro, jakie przysz\u0142o z ich r\u0105k.<br \/>\nPragniemy tak\u017ce przeprasza\u0107 za grzechy, nasze b\u0142\u0119dy i niedoskona\u0142o\u015bci.<\/p>\n<p>Zapraszamy do wsp\u00f3lnej modlitwy.<\/p>\n<p>&nbsp;<\/p>\n","protected":false},"excerpt":{"rendered":"<p>Serdecznie zapraszamy wszystkich wiernych na Nabo\u017ce\u0144stwo dzi\u0119kczynna-przeb\u0142agalne w niedziel\u0119 31 grudnia o godz. 17.30.<\/p>\n","protected":false},"author":1,"featured_media":661,"comment_status":"closed","ping_status":"closed","sticky":false,"template":"","format":"standard","meta":{"footnotes":""},"categories":[19],"tags":[],"class_list":["post-4258","post","type-post","status-publish","format-standard","has-post-thumbnail","hentry","category-aktualnosci"],"featured_image_urls":{"full":["https:\/\/albert.radom.pl\/wp-content\/uploads\/2022\/10\/Fatimskie_13102022_022.jpg",1000,750,false],"thumbnail":["https:\/\/albert.radom.pl\/wp-content\/uploads\/2022\/10\/Fatimskie_13102022_022-150x150.jpg",150,150,true],"medium":["https:\/\/albert.radom.pl\/wp-content\/uploads\/2022\/10\/Fatimskie_13102022_022-300x225.jpg",300,225,true],"medium_large":["https:\/\/albert.radom.pl\/wp-content\/uploads\/2022\/10\/Fatimskie_13102022_022-768x576.jpg",640,480,true],"large":["https:\/\/albert.radom.pl\/wp-content\/uploads\/2022\/10\/Fatimskie_13102022_022.jpg",640,480,false],"1536x1536":["https:\/\/albert.radom.pl\/wp-content\/uploads\/2022\/10\/Fatimskie_13102022_022.jpg",1000,750,false],"2048x2048":["https:\/\/albert.radom.pl\/wp-content\/uploads\/2022\/10\/Fatimskie_13102022_022.jpg",1000,750,false],"newsever-slider-full":["https:\/\/albert.radom.pl\/wp-content\/uploads\/2022\/10\/Fatimskie_13102022_022.jpg",1000,750,false],"newsever-featured":["https:\/\/albert.radom.pl\/wp-content\/uploads\/2022\/10\/Fatimskie_13102022_022.jpg",1000,750,false],"newsever-medium":["https:\/\/albert.radom.pl\/wp-content\/uploads\/2022\/10\/Fatimskie_13102022_022-720x475.jpg",720,475,true]},"author_info":{"display_name":"xdar","author_link":"https:\/\/albert.radom.pl\/?author=1"},"category_info":"<a href=\"https:\/\/albert.radom.pl\/?cat=19\" rel=\"category\">Aktualno\u015bci<\/a>","tag_info":"Aktualno\u015bci","comment_count":"0","_links":{"self":[{"href":"https:\/\/albert.radom.pl\/index.php?rest_route=\/wp\/v2\/posts\/4258","targetHints":{"allow":["GET"]}}],"collection":[{"href":"https:\/\/albert.radom.pl\/index.php?rest_route=\/wp\/v2\/posts"}],"about":[{"href":"https:\/\/albert.radom.pl\/index.php?rest_route=\/wp\/v2\/types\/post"}],"author":[{"embeddable":true,"href":"https:\/\/albert.radom.pl\/index.php?rest_route=\/wp\/v2\/users\/1"}],"replies":[{"embeddable":true,"href":"https:\/\/albert.radom.pl\/index.php?rest_route=%2Fwp%2Fv2%2Fcomments&post=4258"}],"version-history":[{"count":2,"href":"https:\/\/albert.radom.pl\/index.php?rest_route=\/wp\/v2\/posts\/4258\/revisions"}],"predecessor-version":[{"id":4260,"href":"https:\/\/albert.radom.pl\/index.php?rest_route=\/wp\/v2\/posts\/4258\/revisions\/4260"}],"wp:featuredmedia":[{"embeddable":true,"href":"https:\/\/albert.radom.pl\/index.php?rest_route=\/wp\/v2\/media\/661"}],"wp:attachment":[{"href":"https:\/\/albert.radom.pl\/index.php?rest_route=%2Fwp%2Fv2%2Fmedia&parent=4258"}],"wp:term":[{"taxonomy":"category","embeddable":true,"href":"https:\/\/albert.radom.pl\/index.php?rest_route=%2Fwp%2Fv2%2Fcategories&post=4258"},{"taxonomy":"post_tag","embeddable":true,"href":"https:\/\/albert.radom.pl\/index.php?rest_route=%2Fwp%2Fv2%2Ftags&post=4258"}],"curies":[{"name":"wp","href":"https:\/\/api.w.org\/{rel}","templated":true}]}}