{"id":4269,"date":"2024-01-02T20:06:54","date_gmt":"2024-01-02T19:06:54","guid":{"rendered":"https:\/\/albert.radom.pl\/?p=4269"},"modified":"2024-01-02T20:09:45","modified_gmt":"2024-01-02T19:09:45","slug":"3-rocznica-nominacji-ksiedza-biskupa-marka-solarczyka-na-biskupa-radomskiego","status":"publish","type":"post","link":"https:\/\/albert.radom.pl\/?p=4269","title":{"rendered":"3. rocznica nominacji Ksi\u0119dza Biskupa Marka Solarczyka na Biskupa Radomskiego"},"content":{"rendered":"<p>W dniu 4 stycznia 2024 roku przypada 3. rocznica nominacji Ksi\u0119dza Bi-skupa Marka Solarczyka na Biskupa Radomskiego.<!--more--><\/p>\n<p><strong>Czcigodni Ksi\u0119\u017ca,<\/strong><br \/>\n<strong>Drogie Osoby \u017bycia Konsekrowanego,<\/strong><br \/>\n<strong>Kochani Diecezjanie!<\/strong><\/p>\n<p>W dniu 4 stycznia 2024 roku przypada 3. rocznica nominacji Ksi\u0119dza Bi-skupa Marka Solarczyka na Biskupa Radomskiego. W tym dniu szczeg\u00f3lnie ogarnijmy Naszego Pasterza modlitw\u0105. Do\u0142\u0105czmy do naszych modlitw osobi-stych Ksi\u0119dza Biskupa Marka oraz dodajmy stosowne wezwanie do modlitwy powszechnej w czasie zgromadzenia eucharystycznego.<\/p>\n<p style=\"text-align: right;\">Bp Piotr Turzy\u0144ski<br \/>\nWikariusz Generalny<\/p>\n<p>&nbsp;<\/p>\n","protected":false},"excerpt":{"rendered":"<p>W dniu 4 stycznia 2024 roku przypada 3. rocznica nominacji Ksi\u0119dza Bi-skupa Marka Solarczyka na&#8230;<\/p>\n","protected":false},"author":1,"featured_media":4271,"comment_status":"closed","ping_status":"closed","sticky":false,"template":"","format":"standard","meta":{"footnotes":""},"categories":[19,67],"tags":[],"class_list":["post-4269","post","type-post","status-publish","format-standard","has-post-thumbnail","hentry","category-aktualnosci","category-bp-marek-solarczyk"],"featured_image_urls":{"full":["https:\/\/albert.radom.pl\/wp-content\/uploads\/2024\/01\/bp-m-solarczyk_2022_01.jpg",1024,681,false],"thumbnail":["https:\/\/albert.radom.pl\/wp-content\/uploads\/2024\/01\/bp-m-solarczyk_2022_01-150x150.jpg",150,150,true],"medium":["https:\/\/albert.radom.pl\/wp-content\/uploads\/2024\/01\/bp-m-solarczyk_2022_01-300x200.jpg",300,200,true],"medium_large":["https:\/\/albert.radom.pl\/wp-content\/uploads\/2024\/01\/bp-m-solarczyk_2022_01-768x511.jpg",640,426,true],"large":["https:\/\/albert.radom.pl\/wp-content\/uploads\/2024\/01\/bp-m-solarczyk_2022_01.jpg",640,426,false],"1536x1536":["https:\/\/albert.radom.pl\/wp-content\/uploads\/2024\/01\/bp-m-solarczyk_2022_01.jpg",1024,681,false],"2048x2048":["https:\/\/albert.radom.pl\/wp-content\/uploads\/2024\/01\/bp-m-solarczyk_2022_01.jpg",1024,681,false],"newsever-slider-full":["https:\/\/albert.radom.pl\/wp-content\/uploads\/2024\/01\/bp-m-solarczyk_2022_01.jpg",1024,681,false],"newsever-featured":["https:\/\/albert.radom.pl\/wp-content\/uploads\/2024\/01\/bp-m-solarczyk_2022_01.jpg",1024,681,false],"newsever-medium":["https:\/\/albert.radom.pl\/wp-content\/uploads\/2024\/01\/bp-m-solarczyk_2022_01-720x475.jpg",720,475,true]},"author_info":{"display_name":"xdar","author_link":"https:\/\/albert.radom.pl\/?author=1"},"category_info":"<a href=\"https:\/\/albert.radom.pl\/?cat=19\" rel=\"category\">Aktualno\u015bci<\/a> <a href=\"https:\/\/albert.radom.pl\/?cat=67\" rel=\"category\">Bp Marek Solarczyk<\/a>","tag_info":"Bp Marek Solarczyk","comment_count":"0","_links":{"self":[{"href":"https:\/\/albert.radom.pl\/index.php?rest_route=\/wp\/v2\/posts\/4269","targetHints":{"allow":["GET"]}}],"collection":[{"href":"https:\/\/albert.radom.pl\/index.php?rest_route=\/wp\/v2\/posts"}],"about":[{"href":"https:\/\/albert.radom.pl\/index.php?rest_route=\/wp\/v2\/types\/post"}],"author":[{"embeddable":true,"href":"https:\/\/albert.radom.pl\/index.php?rest_route=\/wp\/v2\/users\/1"}],"replies":[{"embeddable":true,"href":"https:\/\/albert.radom.pl\/index.php?rest_route=%2Fwp%2Fv2%2Fcomments&post=4269"}],"version-history":[{"count":1,"href":"https:\/\/albert.radom.pl\/index.php?rest_route=\/wp\/v2\/posts\/4269\/revisions"}],"predecessor-version":[{"id":4270,"href":"https:\/\/albert.radom.pl\/index.php?rest_route=\/wp\/v2\/posts\/4269\/revisions\/4270"}],"wp:featuredmedia":[{"embeddable":true,"href":"https:\/\/albert.radom.pl\/index.php?rest_route=\/wp\/v2\/media\/4271"}],"wp:attachment":[{"href":"https:\/\/albert.radom.pl\/index.php?rest_route=%2Fwp%2Fv2%2Fmedia&parent=4269"}],"wp:term":[{"taxonomy":"category","embeddable":true,"href":"https:\/\/albert.radom.pl\/index.php?rest_route=%2Fwp%2Fv2%2Fcategories&post=4269"},{"taxonomy":"post_tag","embeddable":true,"href":"https:\/\/albert.radom.pl\/index.php?rest_route=%2Fwp%2Fv2%2Ftags&post=4269"}],"curies":[{"name":"wp","href":"https:\/\/api.w.org\/{rel}","templated":true}]}}