{"id":4353,"date":"2024-01-20T18:20:39","date_gmt":"2024-01-20T17:20:39","guid":{"rendered":"https:\/\/albert.radom.pl\/?p=4353"},"modified":"2024-01-20T18:20:39","modified_gmt":"2024-01-20T17:20:39","slug":"oplatek-grupy-pielgrzymkowej-nr-22","status":"publish","type":"post","link":"https:\/\/albert.radom.pl\/?p=4353","title":{"rendered":"Op\u0142atek Grupy Pielgrzymkowej nr 22"},"content":{"rendered":"<p>Wyj\u0105tkowe spotkanie umocni\u0142o wi\u0119zi mi\u0119dzy pielgrzymami, tworz\u0105c wspomnienia, kt\u00f3re b\u0119d\u0105 trwa\u0107 d\u0142ugo.<!--more--><\/p>\n<p>Spotkanie op\u0142atkowe pielgrzym\u00f3w naszej parafialnej grupy 22 rozpocz\u0119\u0142a Eucharystia, kt\u00f3r\u0105 sprawowa\u0142 przewodnik naszej grupy ks. Karol.<\/p>\n<p>Nast\u0119pnie wszyscy zebrani zgromadzili si\u0119 w domu parafialnym, by w duchu wsp\u00f3lnoty podzieli\u0107 si\u0119 op\u0142atkiem, sk\u0142adaj\u0105c sobie \u017cyczenia na ca\u0142y obecny rok. Ksi\u0105dz Karol \u017cyczy\u0142 pielgrzymom prostoty i gorliwo\u015bci pasterzy, kt\u00f3rzy nie zastanawiaj\u0105c si\u0119 pobiegli do Betlejem by zobaczy\u0107 Dzieci\u0105tko Jezus. Modlitwy, \u015bpiewy i dzielenie si\u0119 do\u015bwiadczeniami pielgrzymkowymi tworzy\u0142y atmosfer\u0119 jedno\u015bci i wzajemnego zrozumienia. To wyj\u0105tkowe spotkanie umocni\u0142o wi\u0119zi mi\u0119dzy pielgrzymami, tworz\u0105c wspomnienia, kt\u00f3re b\u0119d\u0105 trwa\u0107 d\u0142ugo.<\/p>\n<p style=\"text-align: center;\"><span style=\"color: #ff0000;\"><strong>Zapraszamy Ciebie &#8211; BRACIE I SIOSTRO &#8211; do wsp\u00f3lnego z nami pielgrzymowania. 6 sierpnia 2024 roku ruszamy na pielgrzymi szlak do Matki Bo\u017cej. Do\u0142\u0105cz do nas i we\u017a udzia\u0142 w tych 8-dniowych rekolekcjach w drodze.<\/strong><\/span><\/p>\n<div id='gallery-1' class='gallery galleryid-4353 gallery-columns-4 gallery-size-thumbnail'><figure class='gallery-item'>\n\t\t\t<div class='gallery-icon landscape'>\n\t\t\t\t<a href='https:\/\/albert.radom.pl\/wp-content\/uploads\/2024\/01\/419865773_720997400135643_51602032688121081_n.jpg'><img loading=\"lazy\" decoding=\"async\" width=\"150\" height=\"150\" src=\"https:\/\/albert.radom.pl\/wp-content\/uploads\/2024\/01\/419865773_720997400135643_51602032688121081_n-150x150.jpg\" class=\"attachment-thumbnail size-thumbnail\" alt=\"\" \/><\/a>\n\t\t\t<\/div><\/figure><figure class='gallery-item'>\n\t\t\t<div class='gallery-icon landscape'>\n\t\t\t\t<a href='https:\/\/albert.radom.pl\/wp-content\/uploads\/2024\/01\/419865205_720997396802310_4267906453028491109_n.jpg'><img loading=\"lazy\" decoding=\"async\" width=\"150\" height=\"150\" src=\"https:\/\/albert.radom.pl\/wp-content\/uploads\/2024\/01\/419865205_720997396802310_4267906453028491109_n-150x150.jpg\" class=\"attachment-thumbnail size-thumbnail\" alt=\"\" \/><\/a>\n\t\t\t<\/div><\/figure><figure class='gallery-item'>\n\t\t\t<div class='gallery-icon landscape'>\n\t\t\t\t<a href='https:\/\/albert.radom.pl\/wp-content\/uploads\/2024\/01\/419853111_720997410135642_1205223580865781322_n.jpg'><img loading=\"lazy\" decoding=\"async\" width=\"150\" height=\"150\" src=\"https:\/\/albert.radom.pl\/wp-content\/uploads\/2024\/01\/419853111_720997410135642_1205223580865781322_n-150x150.jpg\" class=\"attachment-thumbnail size-thumbnail\" alt=\"\" \/><\/a>\n\t\t\t<\/div><\/figure><figure class='gallery-item'>\n\t\t\t<div class='gallery-icon landscape'>\n\t\t\t\t<a href='https:\/\/albert.radom.pl\/wp-content\/uploads\/2024\/01\/419843752_720997390135644_7157917566471840472_n.jpg'><img loading=\"lazy\" decoding=\"async\" width=\"150\" height=\"150\" src=\"https:\/\/albert.radom.pl\/wp-content\/uploads\/2024\/01\/419843752_720997390135644_7157917566471840472_n-150x150.jpg\" class=\"attachment-thumbnail size-thumbnail\" alt=\"\" \/><\/a>\n\t\t\t<\/div><\/figure><figure class='gallery-item'>\n\t\t\t<div class='gallery-icon landscape'>\n\t\t\t\t<a href='https:\/\/albert.radom.pl\/wp-content\/uploads\/2024\/01\/419843212_720997393468977_8403286987158510787_n.jpg'><img loading=\"lazy\" decoding=\"async\" width=\"150\" height=\"150\" src=\"https:\/\/albert.radom.pl\/wp-content\/uploads\/2024\/01\/419843212_720997393468977_8403286987158510787_n-150x150.jpg\" class=\"attachment-thumbnail size-thumbnail\" alt=\"\" \/><\/a>\n\t\t\t<\/div><\/figure><figure class='gallery-item'>\n\t\t\t<div class='gallery-icon landscape'>\n\t\t\t\t<a href='https:\/\/albert.radom.pl\/wp-content\/uploads\/2024\/01\/419833539_720997413468975_1286397133425064935_n.jpg'><img loading=\"lazy\" decoding=\"async\" width=\"150\" height=\"150\" src=\"https:\/\/albert.radom.pl\/wp-content\/uploads\/2024\/01\/419833539_720997413468975_1286397133425064935_n-150x150.jpg\" class=\"attachment-thumbnail size-thumbnail\" alt=\"\" \/><\/a>\n\t\t\t<\/div><\/figure><figure class='gallery-item'>\n\t\t\t<div class='gallery-icon landscape'>\n\t\t\t\t<a href='https:\/\/albert.radom.pl\/wp-content\/uploads\/2024\/01\/419057961_720997403468976_7760871397666171538_n.jpg'><img loading=\"lazy\" decoding=\"async\" width=\"150\" height=\"150\" src=\"https:\/\/albert.radom.pl\/wp-content\/uploads\/2024\/01\/419057961_720997403468976_7760871397666171538_n-150x150.jpg\" class=\"attachment-thumbnail size-thumbnail\" alt=\"\" \/><\/a>\n\t\t\t<\/div><\/figure><figure class='gallery-item'>\n\t\t\t<div class='gallery-icon landscape'>\n\t\t\t\t<a href='https:\/\/albert.radom.pl\/wp-content\/uploads\/2024\/01\/419057790_720997406802309_7608890123826284745_n.jpg'><img loading=\"lazy\" decoding=\"async\" width=\"150\" height=\"150\" src=\"https:\/\/albert.radom.pl\/wp-content\/uploads\/2024\/01\/419057790_720997406802309_7608890123826284745_n-150x150.jpg\" class=\"attachment-thumbnail size-thumbnail\" alt=\"\" \/><\/a>\n\t\t\t<\/div><\/figure>\n\t\t<\/div>\n\n","protected":false},"excerpt":{"rendered":"<p>Wyj\u0105tkowe spotkanie umocni\u0142o wi\u0119zi mi\u0119dzy pielgrzymami, tworz\u0105c wspomnienia, kt\u00f3re b\u0119d\u0105 trwa\u0107 d\u0142ugo.<\/p>\n","protected":false},"author":1,"featured_media":4358,"comment_status":"closed","ping_status":"closed","sticky":false,"template":"","format":"standard","meta":{"footnotes":""},"categories":[19,68],"tags":[],"class_list":["post-4353","post","type-post","status-publish","format-standard","has-post-thumbnail","hentry","category-aktualnosci","category-boze-narodzenie"],"featured_image_urls":{"full":["https:\/\/albert.radom.pl\/wp-content\/uploads\/2024\/01\/419843752_720997390135644_7157917566471840472_n.jpg",900,506,false],"thumbnail":["https:\/\/albert.radom.pl\/wp-content\/uploads\/2024\/01\/419843752_720997390135644_7157917566471840472_n-150x150.jpg",150,150,true],"medium":["https:\/\/albert.radom.pl\/wp-content\/uploads\/2024\/01\/419843752_720997390135644_7157917566471840472_n-300x169.jpg",300,169,true],"medium_large":["https:\/\/albert.radom.pl\/wp-content\/uploads\/2024\/01\/419843752_720997390135644_7157917566471840472_n-768x432.jpg",640,360,true],"large":["https:\/\/albert.radom.pl\/wp-content\/uploads\/2024\/01\/419843752_720997390135644_7157917566471840472_n.jpg",640,360,false],"1536x1536":["https:\/\/albert.radom.pl\/wp-content\/uploads\/2024\/01\/419843752_720997390135644_7157917566471840472_n.jpg",900,506,false],"2048x2048":["https:\/\/albert.radom.pl\/wp-content\/uploads\/2024\/01\/419843752_720997390135644_7157917566471840472_n.jpg",900,506,false],"newsever-slider-full":["https:\/\/albert.radom.pl\/wp-content\/uploads\/2024\/01\/419843752_720997390135644_7157917566471840472_n.jpg",900,506,false],"newsever-featured":["https:\/\/albert.radom.pl\/wp-content\/uploads\/2024\/01\/419843752_720997390135644_7157917566471840472_n.jpg",900,506,false],"newsever-medium":["https:\/\/albert.radom.pl\/wp-content\/uploads\/2024\/01\/419843752_720997390135644_7157917566471840472_n-720x475.jpg",720,475,true]},"author_info":{"display_name":"xdar","author_link":"https:\/\/albert.radom.pl\/?author=1"},"category_info":"<a href=\"https:\/\/albert.radom.pl\/?cat=19\" rel=\"category\">Aktualno\u015bci<\/a> <a href=\"https:\/\/albert.radom.pl\/?cat=68\" rel=\"category\">Bo\u017ce Narodzenie<\/a>","tag_info":"Bo\u017ce Narodzenie","comment_count":"0","_links":{"self":[{"href":"https:\/\/albert.radom.pl\/index.php?rest_route=\/wp\/v2\/posts\/4353","targetHints":{"allow":["GET"]}}],"collection":[{"href":"https:\/\/albert.radom.pl\/index.php?rest_route=\/wp\/v2\/posts"}],"about":[{"href":"https:\/\/albert.radom.pl\/index.php?rest_route=\/wp\/v2\/types\/post"}],"author":[{"embeddable":true,"href":"https:\/\/albert.radom.pl\/index.php?rest_route=\/wp\/v2\/users\/1"}],"replies":[{"embeddable":true,"href":"https:\/\/albert.radom.pl\/index.php?rest_route=%2Fwp%2Fv2%2Fcomments&post=4353"}],"version-history":[{"count":1,"href":"https:\/\/albert.radom.pl\/index.php?rest_route=\/wp\/v2\/posts\/4353\/revisions"}],"predecessor-version":[{"id":4362,"href":"https:\/\/albert.radom.pl\/index.php?rest_route=\/wp\/v2\/posts\/4353\/revisions\/4362"}],"wp:featuredmedia":[{"embeddable":true,"href":"https:\/\/albert.radom.pl\/index.php?rest_route=\/wp\/v2\/media\/4358"}],"wp:attachment":[{"href":"https:\/\/albert.radom.pl\/index.php?rest_route=%2Fwp%2Fv2%2Fmedia&parent=4353"}],"wp:term":[{"taxonomy":"category","embeddable":true,"href":"https:\/\/albert.radom.pl\/index.php?rest_route=%2Fwp%2Fv2%2Fcategories&post=4353"},{"taxonomy":"post_tag","embeddable":true,"href":"https:\/\/albert.radom.pl\/index.php?rest_route=%2Fwp%2Fv2%2Ftags&post=4353"}],"curies":[{"name":"wp","href":"https:\/\/api.w.org\/{rel}","templated":true}]}}