{"id":4363,"date":"2024-01-20T18:44:38","date_gmt":"2024-01-20T17:44:38","guid":{"rendered":"https:\/\/albert.radom.pl\/?p=4363"},"modified":"2024-01-20T18:44:38","modified_gmt":"2024-01-20T17:44:38","slug":"powstaniec-1863-w-kinach-od-12-stycznia","status":"publish","type":"post","link":"https:\/\/albert.radom.pl\/?p=4363","title":{"rendered":"Powstaniec 1863. W kinach od 12 stycznia."},"content":{"rendered":"<p>\u201ePowstaniec 1863\u201d to pierwszy od trzech dekad, czyli od czas\u00f3w \u201eSzwadronu\u201d Juliusza Machulskiego, film przybli\u017caj\u0105cy dzieje powsta\u0144c\u00f3w styczniowych. <!--more--><\/p>\n<p>Tytu\u0142owy Powstaniec w wyniku splotu wydarze\u0144 staje na czele najd\u0142u\u017cej walcz\u0105cego oddzia\u0142u powsta\u0144czego. Jego pierwsza akcja okazuje si\u0119 sukcesem za co zostaje mianowany oficerem i naczelnym kapelanem powstania. Tropiony przez carskiego oficera Maniukina, zwanego \u201eKatem Podlasia\u201d, kilkukrotnie umyka \u015bmierci. Nazywany przez Rosjan, \u201eDuchem\u201d przez najbli\u017csze dwa lata powstania pozostanie nieuchwytny, siej\u0105c pop\u0142och w\u015br\u00f3d wojsk Imperium Rosyjskiego i daj\u0105c polskiemu spo\u0142ecze\u0144stwu nadziej\u0119 na wydostanie si\u0119 spod carskiego zaboru.<\/p>\n<p>Rok 1920, chwil\u0119 przed bitw\u0105 warszawsk\u0105. Jeden z obecnych w koszarach \u017co\u0142nierzy okazuje si\u0119 weteranem powstania styczniowego i powraca wspomnieniami do niespokojnych czas\u00f3w sprzed blisko 60 lat. Wtedy to wsp\u00f3lnie z ksi\u0119dzem Stanis\u0142awem Brz\u00f3sk\u0105 dzia\u0142a\u0142 w konspiracji przeciwko Imperium Rosyjskiemu. W obliczu branek do carskiego wojna i kolejnych represji ze strony zaborcy rodzi si\u0119 pomys\u0142 organizacji powstania.<\/p>\n<p>22 stycznia 1863 roku, w dniu wybuchu narodowego zrywu, ksi\u0105dz Brz\u00f3ska staje na czele oddzia\u0142u, kt\u00f3ry przeprowadza zako\u0144czony sukcesem atak na rosyjski garnizon wojskowy. Duchowny zostaje mianowany oficerem i naczelnym kapelanem. Wkr\u00f3tce tropem ks. Brz\u00f3ski rusza p\u0142k. Maniukin zwany \u201eKatem Podlasia\u201d, ale przez najbli\u017csze dwa lata polski bohater pozostanie nieuchwytny siej\u0105c pop\u0142och w\u015br\u00f3d wojsk Imperium Rosyjskiego i daj\u0105c polskiemu spo\u0142ecze\u0144stwu nadziej\u0119 na wydostanie si\u0119 spod carskiego zaboru.<\/p>\n<p>W rol\u0119 g\u0142\u00f3wnego bohatera, czyli kapelana i dow\u00f3dc\u0119 ks. gen. Stanis\u0142awa Brz\u00f3sk\u0119 wcieli\u0142 si\u0119 Sebastian Fabija\u0144ski. W obsadzie zobaczymy m.in. takich aktor\u00f3w jak:&amp;nbsp;Olgierd \u0141ukaszewicz, Daniel Olbrychski, Karolina Szymczak, Ksawery Szlenkier, Wiaczes\u0142aw Boguszewski oraz Cezary Pazura i Ewa Szykulska. Uj\u0119cia kr\u0119cono m.in. w Twierdzy Modlin, Muzeum Wsi Radomskiej, w \u0141azienkach Kr\u00f3lewskich w Warszawie, Muzeum Architektury Drewnianej Regionu Siedleckiego \u2013 Nowa Sucha oraz na poligonach.<\/p>\n<p><iframe loading=\"lazy\" title=\"POWSTANIEC 1863 | Oficjalny zwiastun | Kino \u015awiat\" width=\"640\" height=\"360\" src=\"https:\/\/www.youtube.com\/embed\/Z8tCizuEXVc?feature=oembed\" frameborder=\"0\" allow=\"accelerometer; autoplay; clipboard-write; encrypted-media; gyroscope; picture-in-picture; web-share\" referrerpolicy=\"strict-origin-when-cross-origin\" allowfullscreen><\/iframe><\/p>\n<p>&nbsp;<\/p>\n","protected":false},"excerpt":{"rendered":"<p>\u201ePowstaniec 1863\u201d to pierwszy od trzech dekad, czyli od czas\u00f3w \u201eSzwadronu\u201d Juliusza Machulskiego, film przybli\u017caj\u0105cy&#8230;<\/p>\n","protected":false},"author":1,"featured_media":4364,"comment_status":"closed","ping_status":"closed","sticky":false,"template":"","format":"standard","meta":{"footnotes":""},"categories":[19,14,17],"tags":[],"class_list":["post-4363","post","type-post","status-publish","format-standard","has-post-thumbnail","hentry","category-aktualnosci","category-polecamy","category-warto-obejrzec"],"featured_image_urls":{"full":["https:\/\/albert.radom.pl\/wp-content\/uploads\/2024\/01\/Powstaniec1863_plakat-736x1024-1.jpg",736,1024,false],"thumbnail":["https:\/\/albert.radom.pl\/wp-content\/uploads\/2024\/01\/Powstaniec1863_plakat-736x1024-1-150x150.jpg",150,150,true],"medium":["https:\/\/albert.radom.pl\/wp-content\/uploads\/2024\/01\/Powstaniec1863_plakat-736x1024-1-216x300.jpg",216,300,true],"medium_large":["https:\/\/albert.radom.pl\/wp-content\/uploads\/2024\/01\/Powstaniec1863_plakat-736x1024-1.jpg",640,890,false],"large":["https:\/\/albert.radom.pl\/wp-content\/uploads\/2024\/01\/Powstaniec1863_plakat-736x1024-1.jpg",640,890,false],"1536x1536":["https:\/\/albert.radom.pl\/wp-content\/uploads\/2024\/01\/Powstaniec1863_plakat-736x1024-1.jpg",736,1024,false],"2048x2048":["https:\/\/albert.radom.pl\/wp-content\/uploads\/2024\/01\/Powstaniec1863_plakat-736x1024-1.jpg",736,1024,false],"newsever-slider-full":["https:\/\/albert.radom.pl\/wp-content\/uploads\/2024\/01\/Powstaniec1863_plakat-736x1024-1-736x845.jpg",736,845,true],"newsever-featured":["https:\/\/albert.radom.pl\/wp-content\/uploads\/2024\/01\/Powstaniec1863_plakat-736x1024-1.jpg",736,1024,false],"newsever-medium":["https:\/\/albert.radom.pl\/wp-content\/uploads\/2024\/01\/Powstaniec1863_plakat-736x1024-1-720x475.jpg",720,475,true]},"author_info":{"display_name":"xdar","author_link":"https:\/\/albert.radom.pl\/?author=1"},"category_info":"<a href=\"https:\/\/albert.radom.pl\/?cat=19\" rel=\"category\">Aktualno\u015bci<\/a> <a href=\"https:\/\/albert.radom.pl\/?cat=14\" rel=\"category\">Polecamy<\/a> <a href=\"https:\/\/albert.radom.pl\/?cat=17\" rel=\"category\">Warto obejrze\u0107<\/a>","tag_info":"Warto obejrze\u0107","comment_count":"0","_links":{"self":[{"href":"https:\/\/albert.radom.pl\/index.php?rest_route=\/wp\/v2\/posts\/4363","targetHints":{"allow":["GET"]}}],"collection":[{"href":"https:\/\/albert.radom.pl\/index.php?rest_route=\/wp\/v2\/posts"}],"about":[{"href":"https:\/\/albert.radom.pl\/index.php?rest_route=\/wp\/v2\/types\/post"}],"author":[{"embeddable":true,"href":"https:\/\/albert.radom.pl\/index.php?rest_route=\/wp\/v2\/users\/1"}],"replies":[{"embeddable":true,"href":"https:\/\/albert.radom.pl\/index.php?rest_route=%2Fwp%2Fv2%2Fcomments&post=4363"}],"version-history":[{"count":1,"href":"https:\/\/albert.radom.pl\/index.php?rest_route=\/wp\/v2\/posts\/4363\/revisions"}],"predecessor-version":[{"id":4365,"href":"https:\/\/albert.radom.pl\/index.php?rest_route=\/wp\/v2\/posts\/4363\/revisions\/4365"}],"wp:featuredmedia":[{"embeddable":true,"href":"https:\/\/albert.radom.pl\/index.php?rest_route=\/wp\/v2\/media\/4364"}],"wp:attachment":[{"href":"https:\/\/albert.radom.pl\/index.php?rest_route=%2Fwp%2Fv2%2Fmedia&parent=4363"}],"wp:term":[{"taxonomy":"category","embeddable":true,"href":"https:\/\/albert.radom.pl\/index.php?rest_route=%2Fwp%2Fv2%2Fcategories&post=4363"},{"taxonomy":"post_tag","embeddable":true,"href":"https:\/\/albert.radom.pl\/index.php?rest_route=%2Fwp%2Fv2%2Ftags&post=4363"}],"curies":[{"name":"wp","href":"https:\/\/api.w.org\/{rel}","templated":true}]}}