{"id":437,"date":"2022-09-20T11:41:13","date_gmt":"2022-09-20T09:41:13","guid":{"rendered":"https:\/\/albert.radom.pl\/?p=437"},"modified":"2022-09-20T11:41:13","modified_gmt":"2022-09-20T09:41:13","slug":"zapraszamy-na-spotkania-oazowe","status":"publish","type":"post","link":"https:\/\/albert.radom.pl\/?p=437","title":{"rendered":"Zapraszamy na spotkania OAZOWE"},"content":{"rendered":"<p>Serdecznie zapraszamy dzieci i m\u0142odzie\u017c do udzia\u0142u w formacji oazowej.<!--more--><br \/>\nSpotkania oazowe prowadzone przez ksi\u0119dza moderatora oraz animator\u00f3w s\u0105 <strong>sta\u0142\u0105 formacj\u0105 duchow\u0105 skierowan\u0105 do dzieci i m\u0142odzie\u017cy w my\u015bl charyzmatu Ruchu \u015awiat\u0142o-\u017bycie,\u00a0<\/strong>by odkry\u0107 w swoim \u017cyciu obecno\u015b\u0107 Pana Boga objawiaj\u0105cego si\u0119 w sakramentach Ko\u015bcio\u0142a i S\u0142owie Bo\u017cym. Cykliczne spotkania pozwalaj\u0105, w m\u0142odym cz\u0142owieku, budzi\u0107 i pog\u0142\u0119bia\u0107 wiar\u0119 w Boga oraz rozpali\u0107 w nim mi\u0142o\u015b\u0107 do Niego i Jego Ko\u015bcio\u0142a. Dlatego zapraszamy m\u0142odych ludzi na <strong>spotkania formacyjne, kt\u00f3re odbywaj\u0105 si\u0119 w salce oazowej w domu parafialnym<\/strong>.<br \/>\n<strong>Spotkania dla grup Oazy Dzieci Bo\u017cych (kl. III &#8211; VI szko\u0142y podstawowej) \u2013 <span style=\"text-decoration: underline;\">SOBOTA GODZ. 10:50<\/span>.<\/strong><br \/>\nS<strong>potkania dla grup m\u0142odzie\u017cowych Oazy Nowej Drogi i Oazy Nowego \u017bycia (kl. VII &#8211; VIII szko\u0142y podstawowej oraz szko\u0142y \u015bredniej) \u2013 <span style=\"text-decoration: underline;\">PI\u0104TEK GODZ. 18:45<\/span>.<\/strong><br \/>\nPonadto <strong>w <span style=\"text-decoration: underline;\">2 i 4 sobot\u0119 miesi\u0105ca o godz. 19:00<\/span> m\u0142odzie\u017c spotyka si\u0119 na <span style=\"text-decoration: underline;\">integracji oazowej<\/span> w salce oazowej.<\/strong><\/p>\n<p>Wi\u0119cej informacji u ks. Moderatora Oazy: ks. Karol Kostecki &#8211; karol.kostecki22@gmail.com<\/p>\n","protected":false},"excerpt":{"rendered":"<p>Serdecznie zapraszamy dzieci i m\u0142odzie\u017c do udzia\u0142u w formacji oazowej.<\/p>\n","protected":false},"author":1,"featured_media":432,"comment_status":"closed","ping_status":"closed","sticky":false,"template":"","format":"standard","meta":{"footnotes":""},"categories":[19,41,40],"tags":[],"class_list":["post-437","post","type-post","status-publish","format-standard","has-post-thumbnail","hentry","category-aktualnosci","category-oaza-dzeici-i-mlodziezy","category-ruch-swiatlo-zycie"],"featured_image_urls":{"full":["https:\/\/albert.radom.pl\/wp-content\/uploads\/2022\/09\/IMG_0588.jpeg",1024,768,false],"thumbnail":["https:\/\/albert.radom.pl\/wp-content\/uploads\/2022\/09\/IMG_0588-150x150.jpeg",150,150,true],"medium":["https:\/\/albert.radom.pl\/wp-content\/uploads\/2022\/09\/IMG_0588-300x225.jpeg",300,225,true],"medium_large":["https:\/\/albert.radom.pl\/wp-content\/uploads\/2022\/09\/IMG_0588-768x576.jpeg",640,480,true],"large":["https:\/\/albert.radom.pl\/wp-content\/uploads\/2022\/09\/IMG_0588.jpeg",640,480,false],"1536x1536":["https:\/\/albert.radom.pl\/wp-content\/uploads\/2022\/09\/IMG_0588.jpeg",1024,768,false],"2048x2048":["https:\/\/albert.radom.pl\/wp-content\/uploads\/2022\/09\/IMG_0588.jpeg",1024,768,false],"newsever-slider-full":["https:\/\/albert.radom.pl\/wp-content\/uploads\/2022\/09\/IMG_0588.jpeg",1024,768,false],"newsever-featured":["https:\/\/albert.radom.pl\/wp-content\/uploads\/2022\/09\/IMG_0588.jpeg",1024,768,false],"newsever-medium":["https:\/\/albert.radom.pl\/wp-content\/uploads\/2022\/09\/IMG_0588-720x475.jpeg",720,475,true]},"author_info":{"display_name":"xdar","author_link":"https:\/\/albert.radom.pl\/?author=1"},"category_info":"<a href=\"https:\/\/albert.radom.pl\/?cat=19\" rel=\"category\">Aktualno\u015bci<\/a> <a href=\"https:\/\/albert.radom.pl\/?cat=41\" rel=\"category\">Oaza Dzeici i M\u0142odzie\u017cy<\/a> <a href=\"https:\/\/albert.radom.pl\/?cat=40\" rel=\"category\">Ruch \u015awiat\u0142o-\u017bycie<\/a>","tag_info":"Ruch \u015awiat\u0142o-\u017bycie","comment_count":"0","_links":{"self":[{"href":"https:\/\/albert.radom.pl\/index.php?rest_route=\/wp\/v2\/posts\/437","targetHints":{"allow":["GET"]}}],"collection":[{"href":"https:\/\/albert.radom.pl\/index.php?rest_route=\/wp\/v2\/posts"}],"about":[{"href":"https:\/\/albert.radom.pl\/index.php?rest_route=\/wp\/v2\/types\/post"}],"author":[{"embeddable":true,"href":"https:\/\/albert.radom.pl\/index.php?rest_route=\/wp\/v2\/users\/1"}],"replies":[{"embeddable":true,"href":"https:\/\/albert.radom.pl\/index.php?rest_route=%2Fwp%2Fv2%2Fcomments&post=437"}],"version-history":[{"count":1,"href":"https:\/\/albert.radom.pl\/index.php?rest_route=\/wp\/v2\/posts\/437\/revisions"}],"predecessor-version":[{"id":438,"href":"https:\/\/albert.radom.pl\/index.php?rest_route=\/wp\/v2\/posts\/437\/revisions\/438"}],"wp:featuredmedia":[{"embeddable":true,"href":"https:\/\/albert.radom.pl\/index.php?rest_route=\/wp\/v2\/media\/432"}],"wp:attachment":[{"href":"https:\/\/albert.radom.pl\/index.php?rest_route=%2Fwp%2Fv2%2Fmedia&parent=437"}],"wp:term":[{"taxonomy":"category","embeddable":true,"href":"https:\/\/albert.radom.pl\/index.php?rest_route=%2Fwp%2Fv2%2Fcategories&post=437"},{"taxonomy":"post_tag","embeddable":true,"href":"https:\/\/albert.radom.pl\/index.php?rest_route=%2Fwp%2Fv2%2Ftags&post=437"}],"curies":[{"name":"wp","href":"https:\/\/api.w.org\/{rel}","templated":true}]}}