{"id":439,"date":"2022-09-20T11:51:34","date_gmt":"2022-09-20T09:51:34","guid":{"rendered":"https:\/\/albert.radom.pl\/?p=439"},"modified":"2022-09-29T16:24:50","modified_gmt":"2022-09-29T14:24:50","slug":"przygotowanie-do-sakramentu-bierzmowania-w-parafii-sw-brata-alberta-w-radomiu-w-roku-szkolnym-2022-2023","status":"publish","type":"post","link":"https:\/\/albert.radom.pl\/?p=439","title":{"rendered":"Przygotowanie do sakramentu bierzmowania w roku szkolnym 2022\/2023"},"content":{"rendered":"<p>Zapraszamy m\u0142odzie\u017c przygotowuj\u0105c\u0105 si\u0119 do bierzmowania na spotkania formacyjne.<!--more--><\/p>\n<p><strong>Terminy spotka\u0144:\u00a0<\/strong><\/p>\n<p>11 IX 2022 godz. 19:00 &#8211; spotkanie organizacyjne<br \/>\n25 IX 2022 godz. 19:00 &#8211; termin z\u0142o\u017cenia deklaracji do bierzmowania<br \/>\n30 X 2022 godz. 19:00<br \/>\n20 XI 2022 godz. 19:00<br \/>\n4 XII 2022 godz. 19:00<br \/>\n29 I 2023 godz. 19:00<br \/>\n5 III 2023 godz. 19:00<br \/>\n19 III 2023 godz. 19:00<br \/>\n16 IV 2023 godz. 19:00<\/p>\n<p>Prosimy m\u0142odych pragn\u0105cych w tym roku przyst\u0105pi\u0107 do sakramentu bierzmowania o z\u0142o\u017cenie stosownej deklaracji.<br \/>\n<span style=\"text-decoration: underline; color: #ff0000;\"><strong>Termin z\u0142o\u017cenia deklaracji na spotkaniu 25 wrze\u015bnia 2022 godz. 19:00.<\/strong><\/span><\/p>\n<p>Sk\u0142adaj\u0105c deklaracj\u0119 do bierzmowania zobowi\u0105zujesz si\u0119 do:<\/p>\n<ul>\n<li>uczestnictwa w coniedzielnej Eucharystii (podpis\/piecz\u0105tka w indeksie);<\/li>\n<li>systematycznej comiesi\u0119cznej spowiedzi (I pi\u0105tek miesi\u0105ca &#8211; podpisy);<\/li>\n<li>modlitwy osobistej;<\/li>\n<li>udzia\u0142u w \u017cyciu liturgicznym Ko\u015bcio\u0142a (r\u00f3\u017caniec, roraty, Droga Krzy\u017cowa);<\/li>\n<li>udzia\u0142u w comiesi\u0119cznych spotkaniach formacyjnych (kalendarium).<\/li>\n<\/ul>\n<p>Za nieuczestniczenie w spotkaniach formacyjnych i niepraktykowanie wiary podczas przygotowania do bierzmowania osoba mo\u017ce zosta\u0107 skre\u015blony(-a) z listy os\u00f3b i zaproszony(-a) do podj\u0119cia przygotowania w przysz\u0142ym roku.<\/p>\n<p><strong><span style=\"color: #ff0000;\">Pr\u00f3by przed bierzmowaniem:<\/span><\/strong> <strong>12, 18, 19 IV 2023 godz. 18:45<\/strong><br \/>\n<strong>Spowied\u017a przed bierzmowaniem 21 IV<\/strong><br \/>\n<span style=\"text-decoration: underline; color: #ff0000;\"><strong>Bierzmowanie 22 IV 2023 godz. 12:00<\/strong><\/span><\/p>\n<p>&nbsp;<\/p>\n<p>Zapraszamy m\u0142odzie\u017c do udzia\u0142u we wsp\u00f3lnotach parafialnych:<br \/>\nOAZA &#8211; pi\u0105tki godz. 18:45<br \/>\nMINISTRANCI LEKTORZY &#8211; soboty godz. 11:00<\/p>\n","protected":false},"excerpt":{"rendered":"<p>Zapraszamy m\u0142odzie\u017c przygotowuj\u0105c\u0105 si\u0119 do bierzmowania na spotkania formacyjne.<\/p>\n","protected":false},"author":1,"featured_media":440,"comment_status":"closed","ping_status":"closed","sticky":false,"template":"","format":"standard","meta":{"footnotes":""},"categories":[19,27],"tags":[],"class_list":["post-439","post","type-post","status-publish","format-standard","has-post-thumbnail","hentry","category-aktualnosci","category-bierzmowanie"],"featured_image_urls":{"full":["https:\/\/albert.radom.pl\/wp-content\/uploads\/2022\/09\/ds-bierzmowanie.png",651,328,false],"thumbnail":["https:\/\/albert.radom.pl\/wp-content\/uploads\/2022\/09\/ds-bierzmowanie-150x150.png",150,150,true],"medium":["https:\/\/albert.radom.pl\/wp-content\/uploads\/2022\/09\/ds-bierzmowanie-300x151.png",300,151,true],"medium_large":["https:\/\/albert.radom.pl\/wp-content\/uploads\/2022\/09\/ds-bierzmowanie.png",640,322,false],"large":["https:\/\/albert.radom.pl\/wp-content\/uploads\/2022\/09\/ds-bierzmowanie.png",640,322,false],"1536x1536":["https:\/\/albert.radom.pl\/wp-content\/uploads\/2022\/09\/ds-bierzmowanie.png",651,328,false],"2048x2048":["https:\/\/albert.radom.pl\/wp-content\/uploads\/2022\/09\/ds-bierzmowanie.png",651,328,false],"newsever-slider-full":["https:\/\/albert.radom.pl\/wp-content\/uploads\/2022\/09\/ds-bierzmowanie.png",651,328,false],"newsever-featured":["https:\/\/albert.radom.pl\/wp-content\/uploads\/2022\/09\/ds-bierzmowanie.png",651,328,false],"newsever-medium":["https:\/\/albert.radom.pl\/wp-content\/uploads\/2022\/09\/ds-bierzmowanie.png",651,328,false]},"author_info":{"display_name":"xdar","author_link":"https:\/\/albert.radom.pl\/?author=1"},"category_info":"<a href=\"https:\/\/albert.radom.pl\/?cat=19\" rel=\"category\">Aktualno\u015bci<\/a> <a href=\"https:\/\/albert.radom.pl\/?cat=27\" rel=\"category\">Bierzmowanie<\/a>","tag_info":"Bierzmowanie","comment_count":"0","_links":{"self":[{"href":"https:\/\/albert.radom.pl\/index.php?rest_route=\/wp\/v2\/posts\/439","targetHints":{"allow":["GET"]}}],"collection":[{"href":"https:\/\/albert.radom.pl\/index.php?rest_route=\/wp\/v2\/posts"}],"about":[{"href":"https:\/\/albert.radom.pl\/index.php?rest_route=\/wp\/v2\/types\/post"}],"author":[{"embeddable":true,"href":"https:\/\/albert.radom.pl\/index.php?rest_route=\/wp\/v2\/users\/1"}],"replies":[{"embeddable":true,"href":"https:\/\/albert.radom.pl\/index.php?rest_route=%2Fwp%2Fv2%2Fcomments&post=439"}],"version-history":[{"count":2,"href":"https:\/\/albert.radom.pl\/index.php?rest_route=\/wp\/v2\/posts\/439\/revisions"}],"predecessor-version":[{"id":442,"href":"https:\/\/albert.radom.pl\/index.php?rest_route=\/wp\/v2\/posts\/439\/revisions\/442"}],"wp:featuredmedia":[{"embeddable":true,"href":"https:\/\/albert.radom.pl\/index.php?rest_route=\/wp\/v2\/media\/440"}],"wp:attachment":[{"href":"https:\/\/albert.radom.pl\/index.php?rest_route=%2Fwp%2Fv2%2Fmedia&parent=439"}],"wp:term":[{"taxonomy":"category","embeddable":true,"href":"https:\/\/albert.radom.pl\/index.php?rest_route=%2Fwp%2Fv2%2Fcategories&post=439"},{"taxonomy":"post_tag","embeddable":true,"href":"https:\/\/albert.radom.pl\/index.php?rest_route=%2Fwp%2Fv2%2Ftags&post=439"}],"curies":[{"name":"wp","href":"https:\/\/api.w.org\/{rel}","templated":true}]}}