{"id":4394,"date":"2024-02-09T16:29:29","date_gmt":"2024-02-09T15:29:29","guid":{"rendered":"https:\/\/albert.radom.pl\/?p=4394"},"modified":"2024-02-18T21:42:23","modified_gmt":"2024-02-18T20:42:23","slug":"oredzie-papieza-franciszka-na-32-swiatowy-dzien-chorego","status":"publish","type":"post","link":"https:\/\/albert.radom.pl\/?p=4394","title":{"rendered":"Or\u0119dzie papie\u017ca Franciszka na 32. \u015awiatowy Dzie\u0144 Chorego"},"content":{"rendered":"<p style=\"text-align: center;\"><strong>\u201eNie jest dobrze, by cz\u0142owiek by\u0142 sam\u201d.<br \/>\nLeczy\u0107 chorego poprzez leczenie relacji.<\/strong><!--more--><\/p>\n<p>\u201eNie jest dobrze, by cz\u0142owiek by\u0142 sam\u201d (Rdz 2, 18). Od pocz\u0105tku B\u00f3g, kt\u00f3ry jest mi\u0142o\u015bci\u0105, stworzy\u0142 cz\u0142owieka dla komunii, wpisuj\u0105c w jego istot\u0119 wymiar relacji. W ten spos\u00f3b nasze \u017cycie, ukszta\u0142towane na obraz Tr\u00f3jcy \u015awi\u0119tej, jest powo\u0142ane do pe\u0142nego realizowania si\u0119 w dynamizmie relacji, przyja\u017ani i wzajemnej mi\u0142o\u015bci. Jeste\u015bmy stworzeni, by przebywa\u0107 razem, a nie samotnie. I w\u0142a\u015bnie dlatego, \u017ce \u00f3w projekt komunii jest tak g\u0142\u0119boko wpisany w ludzkie serce, do\u015bwiadczenie opuszczenia i samotno\u015bci przera\u017ca nas i okazuje si\u0119 dla nas bolesne, a nawet nieludzkie. Staje si\u0119 ono jeszcze bardziej dotkliwe w czasie s\u0142abo\u015bci, niepewno\u015bci i poczucia braku bezpiecze\u0144stwa, cz\u0119sto spowodowanych wyst\u0105pieniem jakiej\u015b powa\u017cnej choroby.<\/p>\n<p>My\u015bl\u0119 na przyk\u0142ad o tych, kt\u00f3rzy byli przera\u017caj\u0105co samotni podczas pandemii Covid-19: pacjentach, kt\u00f3rzy nie mogli przyjmowa\u0107 odwiedzaj\u0105cych, ale tak\u017ce piel\u0119gniarkach, lekarzach oraz o personelu pomocniczym, wszystkich przeci\u0105\u017conych prac\u0105 i odizolowanych na oddzia\u0142ach zamkni\u0119tych. I oczywi\u015bcie nie zapominajmy o tych, kt\u00f3rzy musieli samotnie stawi\u0107 czo\u0142a godzinie \u015bmierci, wprawdzie pod opiek\u0105 personelu medycznego, ale z dala od swoich rodzin.<\/p>\n<p>Jednocze\u015bnie, ze smutkiem dziel\u0119 cierpienie i samotno\u015b\u0107 tych, kt\u00f3rzy z powodu wojny i jej tragicznych nast\u0119pstw, znajduj\u0105 i si\u0119 bez wsparcia i pomocy: wojna jest najstraszniejsz\u0105 z chor\u00f3b spo\u0142ecznych, a osoby najs\u0142absze p\u0142ac\u0105 za ni\u0105 najwy\u017csz\u0105 cen\u0119.<\/p>\n<p>Trzeba jednak podkre\u015bli\u0107, \u017ce nawet w krajach, kt\u00f3re ciesz\u0105 si\u0119 pokojem i wi\u0119kszymi zasobami, czas staro\u015bci i choroby jest cz\u0119sto prze\u017cywany w samotno\u015bci, a niekiedy wr\u0119cz w opuszczeniu. Ta smutna sytuacja jest przede wszystkim konsekwencj\u0105 kultury indywidualizmu, kt\u00f3ra wychwala wydajno\u015b\u0107 za wszelk\u0105 cen\u0119 i kultywuje mit efektywno\u015bci, staj\u0105c si\u0119 oboj\u0119tn\u0105, a nawet bezlitosn\u0105, gdy ludzie nie maj\u0105 ju\u017c si\u0142y, by dotrzyma\u0107 kroku. Staje si\u0119 wtedy kultur\u0105 odrzucenia, w kt\u00f3rej \u201eludzie nie s\u0105 ju\u017c postrzegani jako podstawowa warto\u015b\u0107, kt\u00f3r\u0105 nale\u017cy szanowa\u0107 i chroni\u0107, szczeg\u00f3lnie je\u015bli s\u0105 ubodzy lub niepe\u0142nosprawni, je\u015bli \u00abnie s\u0105 jeszcze potrzebni\u00bb \u2013 jak dzieci nienarodzone \u2013 lub \u00abnie s\u0105 ju\u017c potrzebni\u00bb \u2013 jak osoby starsze\u201d (Enc. Fratelli tutti, 18). Niestety, logika ta przenika r\u00f3wnie\u017c niekt\u00f3re wybory polityczne, kt\u00f3re nie potrafi\u0105 w centrum umie\u015bci\u0107 godno\u015bci osoby ludzkiej i jej potrzeb, oraz nie zawsze sprzyjaj\u0105 strategiom i zasobom niezb\u0119dnym do zapewnienia ka\u017cdej istocie ludzkiej podstawowego prawa do zdrowia i dost\u0119pu do leczenia. Jednocze\u015bnie, porzucanie os\u00f3b s\u0142abych i ich samotno\u015b\u0107 s\u0105 pot\u0119gowane tak\u017ce przez ograniczenie opieki wy\u0142\u0105cznie do us\u0142ug zdrowotnych, bez m\u0105drego wspierania ich przez \u201eprzymierze terapeutyczne\u201d mi\u0119dzy lekarzem, pacjentem i cz\u0142onkiem rodziny.<\/p>\n<p>Warto, aby\u015bmy raz jeszcze us\u0142yszeli to biblijne s\u0142owo: nie jest dobrze, by cz\u0142owiek by\u0142 sam! B\u00f3g wypowiada je na samym pocz\u0105tku stworzenia, i w ten spos\u00f3b ukazuje nam g\u0142\u0119boki sens swojego planu dla ludzko\u015bci, ale jednocze\u015bnie, ukazuje \u015bmierteln\u0105 ran\u0119 grzechu, kt\u00f3r\u0105 wprowadzamy rodz\u0105c podejrzenia, p\u0119kni\u0119cia, podzia\u0142y, a zatem izolacj\u0119. Grzech dotyka cz\u0142owieka we wszystkich jego relacjach: z Bogiem, z samym sob\u0105, z innymi, ze stworzeniem. Taka izolacja sprawia, \u017ce zatracamy sens istnienia, odbiera nam rado\u015b\u0107 mi\u0142o\u015bci i sprawia, \u017ce do\u015bwiadczamy przyt\u0142aczaj\u0105cego poczucia samotno\u015bci we wszystkich kluczowych etapach \u017cycia.<\/p>\n<p>Bracia i siostry, pierwsz\u0105 form\u0105 opieki, jakiej potrzebujemy w chorobie, jest blisko\u015b\u0107 pe\u0142na wsp\u00f3\u0142czucia i czu\u0142o\u015bci. Dlatego opieka nad chorym oznacza przede wszystkim trosk\u0119 o jego relacje, wszystkie jego relacje: z Bogiem, z innymi \u2013 rodzin\u0105, przyjaci\u00f3\u0142mi, pracownikami s\u0142u\u017cby zdrowia \u2013 ze stworzeniem, z samym sob\u0105. Czy jest to mo\u017cliwe? Tak, jest to mo\u017cliwe i wszyscy jeste\u015bmy wezwani do zaanga\u017cowania si\u0119, aby tak si\u0119 sta\u0142o. Sp\u00f3jrzmy na obraz Dobrego Samarytanina (por. \u0141k 10, 25-37), na jego zdolno\u015b\u0107 do zwolnienia kroku i stania si\u0119 bli\u017anim, na czu\u0142o\u015b\u0107, z jak\u0105 koi rany cierpi\u0105cego brata.<\/p>\n<p>Pami\u0119tajmy o tej centralnej prawdzie naszego \u017cycia: przyszli\u015bmy na \u015bwiat, poniewa\u017c kto\u015b nas przyj\u0105\u0142, jeste\u015bmy stworzeni do mi\u0142o\u015bci, jeste\u015bmy powo\u0142ani do komunii i braterstwa. Ten wymiar naszego jestestwa podtrzymuje nas szczeg\u00f3lnie w okresach choroby i s\u0142abo\u015bci, i jest pierwsz\u0105 terapi\u0105, kt\u00f3r\u0105 musimy wszyscy razem zastosowa\u0107, aby uleczy\u0107 choroby spo\u0142ecze\u0144stwa, w kt\u00f3rym \u017cyjemy.<\/p>\n<p>Wam, kt\u00f3rzy do\u015bwiadczacie choroby, czy to przej\u015bciowej, czy przewlek\u0142ej, chcia\u0142bym powiedzie\u0107: nie wstyd\u017acie si\u0119 swojego pragnienia blisko\u015bci i czu\u0142o\u015bci! Nie ukrywajcie go i nigdy nie my\u015blcie, \u017ce jeste\u015bcie ci\u0119\u017carem dla innych. Sytuacja os\u00f3b chorych zach\u0119ca wszystkich do zahamowania nadmiernego tempa, w kt\u00f3rym jeste\u015bmy zanurzeni, i do odnalezienia siebie.<\/p>\n<p>W tym okresie zachodz\u0105cych zmian, w kt\u00f3rym \u017cyjemy, szczeg\u00f3lnie my chrze\u015bcijanie, jeste\u015bmy wezwani do przyj\u0119cia wsp\u00f3\u0142czuj\u0105cego spojrzenia Jezusa. Troszczmy si\u0119 o tych, kt\u00f3rzy cierpi\u0105 i s\u0105 samotni, by\u0107 mo\u017ce zepchni\u0119ci na margines i odrzuceni. Z wzajemn\u0105 mi\u0142o\u015bci\u0105, kt\u00f3r\u0105 Chrystus Pan daje nam w modlitwie, a zw\u0142aszcza w Eucharystii, uleczmy rany samotno\u015bci i izolacji. I w ten spos\u00f3b wsp\u00f3\u0142pracujmy, aby przeciwdzia\u0142a\u0107 kulturze indywidualizmu, oboj\u0119tno\u015bci, odrzucenia, oraz rozwija\u0107 kultur\u0119 czu\u0142o\u015bci i wsp\u00f3\u0142czucia.<\/p>\n<p>Chorzy, s\u0142abi, ubodzy s\u0105 w sercu Ko\u015bcio\u0142a i musz\u0105 by\u0107 tak\u017ce w centrum naszej ludzkiej uwagi oraz duszpasterskiej troski. Nie zapominajmy o tym! Powierzmy si\u0119 Naj\u015bwi\u0119tszej Maryi Pannie, Uzdrowieniu Chorych, aby wstawia\u0142a si\u0119 za nami i pomaga\u0142a nam by\u0107 tw\u00f3rcami blisko\u015bci i relacji braterskich.<\/p>\n<p style=\"text-align: right;\">Rzym, u \u015awi\u0119tego Jana na Lateranie, dnia 10 stycznia 2024 roku.<\/p>\n<p style=\"text-align: right;\">FRANCISZEK<\/p>\n<p>&nbsp;<\/p>\n<p>&nbsp;<\/p>\n<p>&nbsp;<\/p>\n","protected":false},"excerpt":{"rendered":"<p>\u201eNie jest dobrze, by cz\u0142owiek by\u0142 sam\u201d. Leczy\u0107 chorego poprzez leczenie relacji.<\/p>\n","protected":false},"author":1,"featured_media":4395,"comment_status":"closed","ping_status":"closed","sticky":false,"template":"","format":"standard","meta":{"footnotes":""},"categories":[19,61,79,59],"tags":[],"class_list":["post-4394","post","type-post","status-publish","format-standard","has-post-thumbnail","hentry","category-aktualnosci","category-czytelnia","category-papiez-franciszek","category-zycie-kosciola"],"featured_image_urls":{"full":["https:\/\/albert.radom.pl\/wp-content\/uploads\/2024\/02\/swiatowy-dzien-chorego-2019.jpg",800,687,false],"thumbnail":["https:\/\/albert.radom.pl\/wp-content\/uploads\/2024\/02\/swiatowy-dzien-chorego-2019-150x150.jpg",150,150,true],"medium":["https:\/\/albert.radom.pl\/wp-content\/uploads\/2024\/02\/swiatowy-dzien-chorego-2019-300x258.jpg",300,258,true],"medium_large":["https:\/\/albert.radom.pl\/wp-content\/uploads\/2024\/02\/swiatowy-dzien-chorego-2019-768x660.jpg",640,550,true],"large":["https:\/\/albert.radom.pl\/wp-content\/uploads\/2024\/02\/swiatowy-dzien-chorego-2019.jpg",640,550,false],"1536x1536":["https:\/\/albert.radom.pl\/wp-content\/uploads\/2024\/02\/swiatowy-dzien-chorego-2019.jpg",800,687,false],"2048x2048":["https:\/\/albert.radom.pl\/wp-content\/uploads\/2024\/02\/swiatowy-dzien-chorego-2019.jpg",800,687,false],"newsever-slider-full":["https:\/\/albert.radom.pl\/wp-content\/uploads\/2024\/02\/swiatowy-dzien-chorego-2019.jpg",800,687,false],"newsever-featured":["https:\/\/albert.radom.pl\/wp-content\/uploads\/2024\/02\/swiatowy-dzien-chorego-2019.jpg",800,687,false],"newsever-medium":["https:\/\/albert.radom.pl\/wp-content\/uploads\/2024\/02\/swiatowy-dzien-chorego-2019-720x475.jpg",720,475,true]},"author_info":{"display_name":"xdar","author_link":"https:\/\/albert.radom.pl\/?author=1"},"category_info":"<a href=\"https:\/\/albert.radom.pl\/?cat=19\" rel=\"category\">Aktualno\u015bci<\/a> <a href=\"https:\/\/albert.radom.pl\/?cat=61\" rel=\"category\">Czytelnia<\/a> <a href=\"https:\/\/albert.radom.pl\/?cat=79\" rel=\"category\">Papie\u017c Franciszek<\/a> <a href=\"https:\/\/albert.radom.pl\/?cat=59\" rel=\"category\">\u017bycie Ko\u015bcio\u0142a<\/a>","tag_info":"\u017bycie Ko\u015bcio\u0142a","comment_count":"0","_links":{"self":[{"href":"https:\/\/albert.radom.pl\/index.php?rest_route=\/wp\/v2\/posts\/4394","targetHints":{"allow":["GET"]}}],"collection":[{"href":"https:\/\/albert.radom.pl\/index.php?rest_route=\/wp\/v2\/posts"}],"about":[{"href":"https:\/\/albert.radom.pl\/index.php?rest_route=\/wp\/v2\/types\/post"}],"author":[{"embeddable":true,"href":"https:\/\/albert.radom.pl\/index.php?rest_route=\/wp\/v2\/users\/1"}],"replies":[{"embeddable":true,"href":"https:\/\/albert.radom.pl\/index.php?rest_route=%2Fwp%2Fv2%2Fcomments&post=4394"}],"version-history":[{"count":1,"href":"https:\/\/albert.radom.pl\/index.php?rest_route=\/wp\/v2\/posts\/4394\/revisions"}],"predecessor-version":[{"id":4396,"href":"https:\/\/albert.radom.pl\/index.php?rest_route=\/wp\/v2\/posts\/4394\/revisions\/4396"}],"wp:featuredmedia":[{"embeddable":true,"href":"https:\/\/albert.radom.pl\/index.php?rest_route=\/wp\/v2\/media\/4395"}],"wp:attachment":[{"href":"https:\/\/albert.radom.pl\/index.php?rest_route=%2Fwp%2Fv2%2Fmedia&parent=4394"}],"wp:term":[{"taxonomy":"category","embeddable":true,"href":"https:\/\/albert.radom.pl\/index.php?rest_route=%2Fwp%2Fv2%2Fcategories&post=4394"},{"taxonomy":"post_tag","embeddable":true,"href":"https:\/\/albert.radom.pl\/index.php?rest_route=%2Fwp%2Fv2%2Ftags&post=4394"}],"curies":[{"name":"wp","href":"https:\/\/api.w.org\/{rel}","templated":true}]}}