{"id":4427,"date":"2024-02-24T21:43:36","date_gmt":"2024-02-24T20:43:36","guid":{"rendered":"https:\/\/albert.radom.pl\/?p=4427"},"modified":"2024-02-24T21:49:53","modified_gmt":"2024-02-24T20:49:53","slug":"niedziela-ad-gentes","status":"publish","type":"post","link":"https:\/\/albert.radom.pl\/?p=4427","title":{"rendered":"Niedziela &#8222;Ad Gentes&#8221;"},"content":{"rendered":"<p>W Ko\u015bciele jeste\u015bmy misjonarzami nie w pojedynk\u0119, ale jako wsp\u00f3lnota, a to oznacza, \u017ce spoczywa na nas wszystkich odpowiedzialno\u015b\u0107 za dzie\u0142o misyjne \u2013 napisa\u0142 bp Jan Piotrowski, przewodnicz\u0105cy Komisji Episkopatu Polski ds. Misji, w komunikacie na II Niedziel\u0119 Wielkiego Postu \u201eAd Gentes\u201d, b\u0119d\u0105c\u0105 Dniem Modlitwy, Postu i Solidarno\u015bci z Misjonarzami. W tym roku Dzie\u0144 ten b\u0119dziemy prze\u017cywa\u0107 25 lutego pod has\u0142em: \u201eW Ko\u015bciele jeste\u015bmy wsp\u00f3lnot\u0105 misyjn\u0105\u201d.<!--more--><\/p>\n<p style=\"text-align: center;\"><strong>KOMUNIKAT BP. JANA PIOTROWSKIEGO,<\/strong><br \/>\n<strong>PRZEWODNICZ\u0104CEGO KOMISJI EPISKOPATU POLSKI DS. MISJI,<\/strong><br \/>\n<strong>NA II NIEDZIEL\u0118 WIELKIEGO POSTU \u201eAD GENTES\u201d 2024 r.,<\/strong><br \/>\n<strong>B\u0118D\u0104C\u0104 DNIEM MODLITWY, POSTU I SOLIDARNO\u015aCI Z MISJONARZAMI<\/strong><\/p>\n<p>Siostry i bracia, misjonarki i misjonarze oraz przyjaciele misji!<\/p>\n<p>I. Od kilku lat, w II niedziel\u0119 Wielkiego Postu Ko\u015bci\u00f3\u0142 w Polsce wraz z Dzie\u0142em Pomocy Misjom \u201eAd Gentes\u201d zaprasza nas do modlitwy i materialnego wsparcia polskich misjonarek i misjonarzy. Tegoroczny Dzie\u0144 Modlitwy, Postu i Solidarno\u015bci z misjonarzami prze\u017cywamy pod has\u0142em: \u201eW Ko\u015bciele jeste\u015bmy wsp\u00f3lnot\u0105 misyjn\u0105\u201d. Raz jeszcze przywo\u0142ujemy prawd\u0119, blisk\u0105 sercu Ojca \u015awi\u0119tego Benedykta XVI, \u017ce kto wierzy nigdy nie jest sam. Zawsze wierzymy we wsp\u00f3lnocie Ko\u015bcio\u0142a. Jako wsp\u00f3lnota uczni\u00f3w Jezusa \u017cyje on mandatem misyjnym \u2013 nakazem Chrystusa: \u201eId\u017acie i g\u0142o\u015bcie\u201d. Jego zadaniem jest dzielenie si\u0119 Ewangeli\u0105 z lud\u017ami na ca\u0142ym \u015bwiecie.<\/p>\n<p>W tym roku dzi\u0119kujemy Bogu za misjonarki i misjonarzy pochodz\u0105cych z Polski, kt\u00f3rzy mimo wielu trudnych wyzwa\u0144 ofiarnie pos\u0142uguj\u0105 w 99 krajach misyjnych daj\u0105c \u015bwiadectwo wierno\u015bci Chrystusowi i Jego Ko\u015bcio\u0142owi. Pro\u015bmy, nie tylko dzisiaj, aby w Ko\u015bciele rodzi\u0142y si\u0119 oddane Bogu powo\u0142ania misyjne. Niech nasze rodziny i parafie pomagaj\u0105 powo\u0142anym w odczytaniu ich misji i jej wype\u0142nieniu. Ta modlitwa powinna by\u0107 coraz gor\u0119tsza, zwa\u017cywszy ogrom potrzeb misyjnych. Obecnie ok. 1 700 misjonarek i misjonarzy z Polski pracuje w \u015bwiecie, a potrzeby m\u0142odych Ko\u015bcio\u0142\u00f3w misyjnych s\u0105 znacznie wi\u0119ksze.<\/p>\n<p>II. W Ko\u015bciele jeste\u015bmy misjonarzami nie w pojedynk\u0119, ale jako wsp\u00f3lnota, a to oznacza, \u017ce spoczywa na nas wszystkich odpowiedzialno\u015b\u0107 za dzie\u0142o misyjne. I chocia\u017c nie wszyscy mamy mo\u017cliwo\u015b\u0107 wyjazdu na plac\u00f3wki misyjne w Afryce, Ameryce \u0141aci\u0144skiej, Azji i Oceanii, wszyscy mo\u017cemy s\u0142u\u017cy\u0107 misjom poprzez modlitw\u0119, ofiarowanie cierpie\u0144 i niedostatk\u00f3w \u017cyciowych w intencji misji, a tak\u017ce \u017cywe zaanga\u017cowanie w zdobywanie \u015brodk\u00f3w finansowych i materialnych na misje. Korzystaj\u0105c z okazji pragn\u0119 serdecznie podzi\u0119kowa\u0107 wszystkim duchownym i wiernym \u015bwieckim Ko\u015bcio\u0142a w Polsce \u2012 naszej wsp\u00f3lnoty misyjnej \u2012 za \u017cyczliwe i sta\u0142e zatroskanie o misje i pomoc. Bez niego misjonarze nie byliby w stanie wype\u0142nia\u0107 swych zada\u0144 i s\u0142u\u017cy\u0107 ubogim.<\/p>\n<p>Dzi\u0119kuj\u0119 wszystkim: duszpasterzom oraz ich wsp\u00f3\u0142pracownikom, kt\u00f3rzy anga\u017cuj\u0105 si\u0119 w pomoc misjom i w innych rozpalaj\u0105 zapa\u0142 misyjny. Zach\u0119cam Was do o\u017cywienia zainteresowania misjami. Dzi\u0119kuj\u0119 katechetom, dzieciom i m\u0142odzie\u017cy, zw\u0142aszcza aktywnie dzia\u0142aj\u0105cym w grupach misyjnych. Jestem wdzi\u0119czny doros\u0142ym, chorym, seniorom, niepe\u0142nosprawnym i wszystkim, kt\u00f3rzy staj\u0105 u boku misjonarek i misjonarzy z r\u00f3\u017cnorakimi darami, nie tylko dzisiaj, ale ci\u0105gu ca\u0142ego roku.<\/p>\n<p>Niech czas Wielkiego Postu sk\u0142oni nas do hojnej ja\u0142mu\u017cny na rzecz misji. Zach\u0119cam, by \u015brodowiska misyjne w Polsce podejmowa\u0142y w tym czasie \u0142aski nowe i po\u017cyteczne inicjatywy duszpasterskie.<\/p>\n<p>III. W tym roku pragn\u0119 zwr\u00f3ci\u0107 uwag\u0119 na jeszcze jedn\u0105, bardzo wa\u017cn\u0105 prawd\u0119, \u017ce misje nas ubogacaj\u0105 duchowo i s\u0105 \u017ar\u00f3d\u0142em Bo\u017cego b\u0142ogos\u0142awie\u0144stwa dla nas. Nie tylko rodz\u0105 w nas rado\u015b\u0107 z tego, \u017ce jeste\u015bmy u\u017cyteczni i mo\u017cemy pomaga\u0107 innym; \u017ce wsp\u00f3\u0142pracuj\u0105c z misjonarzami uczestniczymy w dziele zbawienia \u015bwiata. Ci, kt\u00f3rym pomagamy na misjach odwdzi\u0119czaj\u0105 si\u0119 modlitw\u0105 i wypraszaj\u0105 nam potrzebne \u0142aski. Modl\u0105 si\u0119 r\u00f3wnie\u017c za zmar\u0142ych darczy\u0144c\u00f3w misji, b\u0142agaj\u0105c Pana Boga o ich wieczne zbawienie.<\/p>\n<p>Przed nami \u2013 jako wsp\u00f3lnot\u0105 misyjn\u0105 \u2013 ogromne pole mo\u017cliwo\u015bci dzia\u0142ania. Oby\u015bmy tylko pragn\u0119li by\u0107 przydatni, a znajdziemy swe miejsce w misyjnym dziele Ko\u015bcio\u0142a i we wsp\u00f3lnocie, kt\u00f3ra ze swej natury jest misyjna.<\/p>\n<p>Niech Chrystus, pos\u0142any przez Ojca z Dobr\u0105 Nowin\u0105, wszystkim zaanga\u017cowanym w dzie\u0142o misyjne b\u0142ogos\u0142awi i utwierdza w dobrych uczynkach.<\/p>\n<p style=\"text-align: right;\">Bp Jan Piotrowski<br \/>\nPrzewodnicz\u0105cy Komisji Episkopatu Polski ds. Misji<\/p>\n<p style=\"text-align: center;\"><img loading=\"lazy\" decoding=\"async\" class=\"aligncenter size-large wp-image-4431\" src=\"https:\/\/albert.radom.pl\/wp-content\/uploads\/2024\/02\/plakat-2024-724x1024.jpg\" alt=\"\" width=\"640\" height=\"905\" srcset=\"https:\/\/albert.radom.pl\/wp-content\/uploads\/2024\/02\/plakat-2024-724x1024.jpg 724w, https:\/\/albert.radom.pl\/wp-content\/uploads\/2024\/02\/plakat-2024-212x300.jpg 212w, https:\/\/albert.radom.pl\/wp-content\/uploads\/2024\/02\/plakat-2024-768x1086.jpg 768w, https:\/\/albert.radom.pl\/wp-content\/uploads\/2024\/02\/plakat-2024.jpg 849w\" sizes=\"auto, (max-width: 640px) 100vw, 640px\" \/><\/p>\n","protected":false},"excerpt":{"rendered":"<p>W Ko\u015bciele jeste\u015bmy misjonarzami nie w pojedynk\u0119, ale jako wsp\u00f3lnota, a to oznacza, \u017ce spoczywa&#8230;<\/p>\n","protected":false},"author":1,"featured_media":4428,"comment_status":"closed","ping_status":"closed","sticky":false,"template":"","format":"standard","meta":{"footnotes":""},"categories":[19,61,74],"tags":[],"class_list":["post-4427","post","type-post","status-publish","format-standard","has-post-thumbnail","hentry","category-aktualnosci","category-czytelnia","category-misje"],"featured_image_urls":{"full":["https:\/\/albert.radom.pl\/wp-content\/uploads\/2024\/02\/scan1-1-324x235-1.png",324,235,false],"thumbnail":["https:\/\/albert.radom.pl\/wp-content\/uploads\/2024\/02\/scan1-1-324x235-1-150x150.png",150,150,true],"medium":["https:\/\/albert.radom.pl\/wp-content\/uploads\/2024\/02\/scan1-1-324x235-1-300x218.png",300,218,true],"medium_large":["https:\/\/albert.radom.pl\/wp-content\/uploads\/2024\/02\/scan1-1-324x235-1.png",324,235,false],"large":["https:\/\/albert.radom.pl\/wp-content\/uploads\/2024\/02\/scan1-1-324x235-1.png",324,235,false],"1536x1536":["https:\/\/albert.radom.pl\/wp-content\/uploads\/2024\/02\/scan1-1-324x235-1.png",324,235,false],"2048x2048":["https:\/\/albert.radom.pl\/wp-content\/uploads\/2024\/02\/scan1-1-324x235-1.png",324,235,false],"newsever-slider-full":["https:\/\/albert.radom.pl\/wp-content\/uploads\/2024\/02\/scan1-1-324x235-1.png",324,235,false],"newsever-featured":["https:\/\/albert.radom.pl\/wp-content\/uploads\/2024\/02\/scan1-1-324x235-1.png",324,235,false],"newsever-medium":["https:\/\/albert.radom.pl\/wp-content\/uploads\/2024\/02\/scan1-1-324x235-1.png",324,235,false]},"author_info":{"display_name":"xdar","author_link":"https:\/\/albert.radom.pl\/?author=1"},"category_info":"<a href=\"https:\/\/albert.radom.pl\/?cat=19\" rel=\"category\">Aktualno\u015bci<\/a> <a href=\"https:\/\/albert.radom.pl\/?cat=61\" rel=\"category\">Czytelnia<\/a> <a href=\"https:\/\/albert.radom.pl\/?cat=74\" rel=\"category\">Misje<\/a>","tag_info":"Misje","comment_count":"0","_links":{"self":[{"href":"https:\/\/albert.radom.pl\/index.php?rest_route=\/wp\/v2\/posts\/4427","targetHints":{"allow":["GET"]}}],"collection":[{"href":"https:\/\/albert.radom.pl\/index.php?rest_route=\/wp\/v2\/posts"}],"about":[{"href":"https:\/\/albert.radom.pl\/index.php?rest_route=\/wp\/v2\/types\/post"}],"author":[{"embeddable":true,"href":"https:\/\/albert.radom.pl\/index.php?rest_route=\/wp\/v2\/users\/1"}],"replies":[{"embeddable":true,"href":"https:\/\/albert.radom.pl\/index.php?rest_route=%2Fwp%2Fv2%2Fcomments&post=4427"}],"version-history":[{"count":2,"href":"https:\/\/albert.radom.pl\/index.php?rest_route=\/wp\/v2\/posts\/4427\/revisions"}],"predecessor-version":[{"id":4432,"href":"https:\/\/albert.radom.pl\/index.php?rest_route=\/wp\/v2\/posts\/4427\/revisions\/4432"}],"wp:featuredmedia":[{"embeddable":true,"href":"https:\/\/albert.radom.pl\/index.php?rest_route=\/wp\/v2\/media\/4428"}],"wp:attachment":[{"href":"https:\/\/albert.radom.pl\/index.php?rest_route=%2Fwp%2Fv2%2Fmedia&parent=4427"}],"wp:term":[{"taxonomy":"category","embeddable":true,"href":"https:\/\/albert.radom.pl\/index.php?rest_route=%2Fwp%2Fv2%2Fcategories&post=4427"},{"taxonomy":"post_tag","embeddable":true,"href":"https:\/\/albert.radom.pl\/index.php?rest_route=%2Fwp%2Fv2%2Ftags&post=4427"}],"curies":[{"name":"wp","href":"https:\/\/api.w.org\/{rel}","templated":true}]}}