{"id":443,"date":"2022-09-20T12:03:56","date_gmt":"2022-09-20T10:03:56","guid":{"rendered":"https:\/\/albert.radom.pl\/?p=443"},"modified":"2025-09-12T20:42:51","modified_gmt":"2025-09-12T18:42:51","slug":"przygotowanie-do-i-komunii-swietej-w-roku-szkolnym-2022-2023","status":"publish","type":"post","link":"https:\/\/albert.radom.pl\/?p=443","title":{"rendered":"Przygotowanie do I Komunii \u015awi\u0119tej w roku szkolnym 2022\/2023"},"content":{"rendered":"<p>Prosimy rodzic\u00f3w o zg\u0142aszanie dzieci do I Komunii \u015bw. <!--more--><\/p>\n<p><span style=\"color: #ff0000;\"><strong>Deklaracje<\/strong><\/span> z informacj\u0105 o chrzcie dziecka z parafii chrztu nale\u017cy dostarczy\u0107 do kancelarii parafialnej<span style=\"text-decoration: underline; color: #ff0000;\"><strong> najp\u00f3\u017aniej do niedzieli 25 wrze\u015bnia<\/strong><\/span>.<\/p>\n<p><span style=\"text-decoration: underline;\"><strong><span style=\"color: #ff0000; text-decoration: underline;\">Termin I Komunii \u015bw. &#8211; 14 maja 2023 r.<\/span><\/strong><\/span><\/p>\n<p><strong>Katechezy dla rodzic\u00f3w w sali konferencyjnej w domu parafialnym (soboty 16:30 &#8211; 17:15) <\/strong>odb\u0119d\u0105 si\u0119 <strong>w nast\u0119puj\u0105cych terminach:\u00a0<\/strong>1 X; 29 X; 19 XI; 3 XII; 28 I; 4 III; 25 III; 15 IV; 6 V<\/p>\n<p><span style=\"text-decoration: underline;\"><strong>Katecheza dzieci obejmuje:<\/strong><\/span><\/p>\n<ul>\n<li>Katecheza szkolna w ramach lekcji religii<\/li>\n<li>Katecheza domowa (modlitwa s\u0142owem Bo\u017cym z ziarenek w niedziel\u0119)<\/li>\n<li>Niedzielne kazania dla dzieci na Mszy \u015bw. o godz. 11:00<\/li>\n<\/ul>\n<p>a tak\u017ce\u00a0<strong>wydarzenia liturgiczne:<\/strong><\/p>\n<ul>\n<li>Po\u015bwi\u0119cenie r\u00f3\u017ca\u0144c\u00f3w &#8211; 9 pa\u017adziernika godz. 11:00<\/li>\n<li>Po\u015bwi\u0119cenie medalik\u00f3w &#8211; 8 grudnia godz. 18:00<\/li>\n<li>Po\u015bwi\u0119cenie ksi\u0105\u017ceczek do nabo\u017ce\u0144stwa &#8211; 12 marca godz. 11:00<\/li>\n<li>Materia\u0142 pami\u0119ciowy do zaliczenia<\/li>\n<\/ul>\n<p>Na ko\u0144cu zeszytu \u0107wicze\u0144 jest tabelka z obowi\u0105zkowymi modlitwami i tre\u015bciami do nauczenia przez dzieci. Warto, aby dzieci w szkole w najbli\u017cszym czasie zna\u0142y w\/w tre\u015bci i potrafi\u0142y na nie odpowiedzie\u0107 przed katechet\u0105 w szkole co nauczyciel religii potwierdza podpisem. Prosz\u0119 zach\u0119ci\u0107 dzieci, aby tre\u015bci zalicza\u0142y regularnie, oraz by nie zostawia\u0107 tego na ko\u0144cowe miesi\u0105ce.<\/p>\n<p>Zapraszamy dzieci do udzia\u0142u we wsp\u00f3lnotach parafialnych:<br \/>\n<strong>SCHOLA<\/strong> &#8211; soboty godz. 10:00 &#8211; po pr\u00f3bie scholi spotkanie oazowe do 11:45<br \/>\n<strong>MINISTRANCI<\/strong> &#8211; soboty godz. 9:00<\/p>\n<p>Rodzic\u00f3w zapraszamy do wsp\u00f3lnot:<br \/>\nR\u00f3\u017ca\u0144ca Rodzic\u00f3w za dzieci, Domowego Ko\u015bcio\u0142a lub Odnowy w Duchu \u015awi\u0119tym.<\/p>\n<p><span style=\"color: #ff0000;\"><strong>Obowi\u0105zkowe jest uczestnictwo w pr\u00f3bach komunijnych, kt\u00f3re odbywaj\u0105 si\u0119 w dniach: 25 IV, 27 IV, 9 V, 11V, ew. 12 V.<\/strong><\/span><\/p>\n<p><strong>Spowied\u017a dzieci przed pierwsz\u0105 Komuni\u0105 \u015bw. 13 maja.<\/strong><\/p>\n<p>\u201eKomitet Rodzicielski\u201d odpowiada za sprawy organizacyjne, w tym: wyb\u00f3r fotografa, wystr\u00f3j ko\u015bcio\u0142a w dniu uroczysto\u015bci, wyb\u00f3r stroj\u00f3w, itp.; Str\u00f3j komunijny jest jednolity. Nie ma dowolno\u015bci w komunijnym ubiorze dzieci. W trakcie uroczysto\u015bci s\u0105 wykonywane pami\u0105tkowe fotografie przez jedn\u0105 firm\u0119 fotograficzn\u0105. Nie ma mo\u017cliwo\u015bci zaanga\u017cowania dodatkowych fotograf\u00f3w lub nagrywania filmu.<\/p>\n<p>Kontakt do ksi\u0119dza prowadz\u0105cego:\u00a0Ks. Karol Kostecki Tel.: karol.kostecki22@gmail.com<\/p>\n","protected":false},"excerpt":{"rendered":"<p>Prosimy rodzic\u00f3w o zg\u0142aszanie dzieci do I Komunii \u015bw.<\/p>\n","protected":false},"author":1,"featured_media":446,"comment_status":"closed","ping_status":"closed","sticky":false,"template":"","format":"standard","meta":{"footnotes":""},"categories":[9],"tags":[],"class_list":["post-443","post","type-post","status-publish","format-standard","has-post-thumbnail","hentry","category-archiwum"],"featured_image_urls":{"full":["https:\/\/albert.radom.pl\/wp-content\/uploads\/2022\/09\/z27049728AMPPierwsza-komunia-swieta-Zdjecie-ilustracyjne.jpg",1000,667,false],"thumbnail":["https:\/\/albert.radom.pl\/wp-content\/uploads\/2022\/09\/z27049728AMPPierwsza-komunia-swieta-Zdjecie-ilustracyjne-150x150.jpg",150,150,true],"medium":["https:\/\/albert.radom.pl\/wp-content\/uploads\/2022\/09\/z27049728AMPPierwsza-komunia-swieta-Zdjecie-ilustracyjne-300x200.jpg",300,200,true],"medium_large":["https:\/\/albert.radom.pl\/wp-content\/uploads\/2022\/09\/z27049728AMPPierwsza-komunia-swieta-Zdjecie-ilustracyjne-768x512.jpg",640,427,true],"large":["https:\/\/albert.radom.pl\/wp-content\/uploads\/2022\/09\/z27049728AMPPierwsza-komunia-swieta-Zdjecie-ilustracyjne.jpg",640,427,false],"1536x1536":["https:\/\/albert.radom.pl\/wp-content\/uploads\/2022\/09\/z27049728AMPPierwsza-komunia-swieta-Zdjecie-ilustracyjne.jpg",1000,667,false],"2048x2048":["https:\/\/albert.radom.pl\/wp-content\/uploads\/2022\/09\/z27049728AMPPierwsza-komunia-swieta-Zdjecie-ilustracyjne.jpg",1000,667,false],"newsever-slider-full":["https:\/\/albert.radom.pl\/wp-content\/uploads\/2022\/09\/z27049728AMPPierwsza-komunia-swieta-Zdjecie-ilustracyjne.jpg",1000,667,false],"newsever-featured":["https:\/\/albert.radom.pl\/wp-content\/uploads\/2022\/09\/z27049728AMPPierwsza-komunia-swieta-Zdjecie-ilustracyjne.jpg",1000,667,false],"newsever-medium":["https:\/\/albert.radom.pl\/wp-content\/uploads\/2022\/09\/z27049728AMPPierwsza-komunia-swieta-Zdjecie-ilustracyjne-720x475.jpg",720,475,true]},"author_info":{"display_name":"xdar","author_link":"https:\/\/albert.radom.pl\/?author=1"},"category_info":"<a href=\"https:\/\/albert.radom.pl\/?cat=9\" rel=\"category\">Archiwum<\/a>","tag_info":"Archiwum","comment_count":"0","_links":{"self":[{"href":"https:\/\/albert.radom.pl\/index.php?rest_route=\/wp\/v2\/posts\/443","targetHints":{"allow":["GET"]}}],"collection":[{"href":"https:\/\/albert.radom.pl\/index.php?rest_route=\/wp\/v2\/posts"}],"about":[{"href":"https:\/\/albert.radom.pl\/index.php?rest_route=\/wp\/v2\/types\/post"}],"author":[{"embeddable":true,"href":"https:\/\/albert.radom.pl\/index.php?rest_route=\/wp\/v2\/users\/1"}],"replies":[{"embeddable":true,"href":"https:\/\/albert.radom.pl\/index.php?rest_route=%2Fwp%2Fv2%2Fcomments&post=443"}],"version-history":[{"count":1,"href":"https:\/\/albert.radom.pl\/index.php?rest_route=\/wp\/v2\/posts\/443\/revisions"}],"predecessor-version":[{"id":447,"href":"https:\/\/albert.radom.pl\/index.php?rest_route=\/wp\/v2\/posts\/443\/revisions\/447"}],"wp:featuredmedia":[{"embeddable":true,"href":"https:\/\/albert.radom.pl\/index.php?rest_route=\/wp\/v2\/media\/446"}],"wp:attachment":[{"href":"https:\/\/albert.radom.pl\/index.php?rest_route=%2Fwp%2Fv2%2Fmedia&parent=443"}],"wp:term":[{"taxonomy":"category","embeddable":true,"href":"https:\/\/albert.radom.pl\/index.php?rest_route=%2Fwp%2Fv2%2Fcategories&post=443"},{"taxonomy":"post_tag","embeddable":true,"href":"https:\/\/albert.radom.pl\/index.php?rest_route=%2Fwp%2Fv2%2Ftags&post=443"}],"curies":[{"name":"wp","href":"https:\/\/api.w.org\/{rel}","templated":true}]}}