{"id":449,"date":"2022-09-20T11:07:52","date_gmt":"2022-09-20T09:07:52","guid":{"rendered":"https:\/\/albert.radom.pl\/?p=449"},"modified":"2022-09-20T12:09:03","modified_gmt":"2022-09-20T10:09:03","slug":"o-ruchu-swiatlo-zycie","status":"publish","type":"post","link":"https:\/\/albert.radom.pl\/?p=449","title":{"rendered":"O Ruchu \u015awiat\u0142o-\u017bycie"},"content":{"rendered":"<p>Za\u0142o\u017cyciel Ruchu Oazowego s\u0142. Bo\u017cy Franciszek Blachnicki urodzi\u0142 si\u0119 24 marca 1921 roku w Rybniku na \u015al\u0105sku w wielodzietnej rodzinie. Do gimnazjum ucz\u0119szcza\u0142 w Tarnowskich G\u00f3rach. By\u0142 bardzo aktywny w harcerstwie. W 1938 roku zda\u0142 matur\u0119; we wrze\u015bniu podj\u0105\u0142 s\u0142u\u017cb\u0119 wojskow\u0105. Bra\u0142 udzia\u0142 w kampanii wrze\u015bniowej w 1939 roku, a\u017c do kapitulacji. W pa\u017adzierniku w Tarnowskich G\u00f3rach rozpocz\u0105\u0142 dzia\u0142alno\u015b\u0107 konspiracyjn\u0105. W marcu 1940 roku musia\u0142 ucieka\u0107 przed gestapo. Uj\u0119ty w Zawicho\u015bcie i aresztowany, po kilku tygodniach przes\u0142ucha\u0144 zosta\u0142 wywieziony do obozu koncentracyjnego w O\u015bwi\u0119cimiu. Przebywa\u0142 tam z numerem 1201, przez 14 miesi\u0119cy, z tego przez 9 miesi\u0119cy w karnej kompanii, w bloku 13 oraz przez prawie miesi\u0105c w bunkrze. We wrze\u015bniu 1941 roku zosta\u0142 przewieziony z O\u015bwi\u0119cimia do wi\u0119zienia \u015bledczego w Zabrzu, potem przebywa\u0142 w Katowicach. W marcu 1942 roku zosta\u0142 skazany na kar\u0119 \u015bmierci przez \u015bci\u0119cie za dzia\u0142alno\u015b\u0107 konspiracyjn\u0105 przeciw hitlerowskiej Rzeszy. Po ponad 4,5 miesi\u0105cach oczekiwania na wykonanie wyroku zosta\u0142 u\u0142askawiony, a kar\u0119 \u015bmierci zamieniono mu na 10 lat wi\u0119zienia po zako\u0144czeniu wojny.<\/p>\n<p>W czasie pobytu na oddziale skaza\u0144c\u00f3w dokona\u0142o si\u0119 nagle, cudowne nawr\u00f3cenie Franciszka Blachnickiego na osobow\u0105 wiar\u0119 w Chrystusa, po\u0142\u0105czone z decyzj\u0105 oddania \u017cycia na Jego s\u0142u\u017cb\u0119. W latach 1942-45 Blachnicki przebywa\u0142 w r\u00f3\u017cnych niemieckich obozach i wi\u0119zieniach. W kwietniu 1945 roku zosta\u0142 uwolniony przez Armi\u0119 Ameryka\u0144sk\u0105. Po zako\u0144czeniu wojny wst\u0105pi\u0142 do \u015al\u0105skiego Seminarium Duchownego w Krakowie. Studiowa\u0142 na Wydziale Teologicznym Uniwersytetu Jagiello\u0144skiego. Uzyskawszy magisterium z teologii, 25 czerwca 1950 roku otrzyma\u0142 \u015bwi\u0119cenia kap\u0142a\u0144skie. Jako wikariusz pracowa\u0142 kolejno w kilku parafiach diecezji katowickiej. W pracy duszpasterskiej zwraca\u0142 szczeg\u00f3ln\u0105 uwag\u0119 na formowanie grup elitarnych. Wypracowa\u0142 metod\u0119 dzieci\u0119cych rekolekcji zamkni\u0119tych (Oaza Dzieci Bo\u017cych).<\/p>\n<p>W latach 1954-56, w okresie wysiedlenia biskup\u00f3w \u015bl\u0105skich uczestniczy\u0142 w pracach tajnej Kurii w Katowicach. Przez rok przebywa\u0142 poza diecezj\u0105 w Niepokalanowie, studiowa\u0142 tam duchowo\u015b\u0107 i metody pracy apostolskiej o. Maksymiliana Kolbego. W pa\u017adzierniku 1956 roku uczestniczy\u0142 w organizowaniu powrotu biskup\u00f3w do diecezji. W tym samym roku rozpocz\u0105\u0142 prac\u0119 w Referacie Duszpasterskim Kurii diecezjalnej w Katowicach i w redakcji tygodnika ,,Go\u015b\u0107 Niedzielny\u201d. Zorganizowa\u0142 i prowadzi\u0142 O\u015brodek Katechetyczny, a od 1957 roku spo\u0142eczn\u0105 akcj\u0119 przeciwalkoholow\u0105 pod nazw\u0105 Krucjata Wstrzemi\u0119\u017aliwo\u015bci,kt\u00f3ra przybra\u0142a charakter ruchu odnowy religijno-moralnej, opartego na duchowo\u015bci o. Maksymiliana Kolbego. Krucjata wydawa\u0142a sw\u00f3j dwutygodnik pt. ,,Niepokalana zwyci\u0119\u017ca\u201d. 29 sierpnia 1960 roku Centrala Krucjaty Wstrzemi\u0119\u017aliwo\u015bci w Katowicach zosta\u0142a zlikwidowana przez w\u0142adze pa\u0144stwowe, a w marcu 1961 roku ks. Blachnickiego aresztowano. Po ponad 4 miesi\u0105cach aresztu w wi\u0119zieniu w Katowicach otrzyma\u0142 wyrok 13 miesi\u0119cy wi\u0119zienia z zawieszeniem na trzy lata, po czym zosta\u0142 zwolniony.<\/p>\n<p>W pa\u017adzierniku 1961 roku ks. Blachnicki podj\u0105\u0142 dalsze studia na Katolickim Uniwersytecie Lubelskim. W latach 1964-1972 pracowa\u0142 na KUL-u w charakterze asystenta i adiunkta, wsp\u00f3\u0142organizowa\u0142 Instytut Teologii Pastoralnej. W czerwcu 1972 roku zrezygnowa\u0142 z etatu na KUL-u na znak protestu wobec niezatwierdzenia habilitacji przez Ministerstwo O\u015bwiaty. W tym okresie dzia\u0142alno\u015bci naukowej opublikowa\u0142 ok. 100 prac naukowych i popularnych. Wypracowa\u0142, w oparciu o nauk\u0119 Soboru Watyka\u0144skiego II, personalistyczno-eklezjologiczn\u0105 koncepcj\u0119 teologii pastoralnej. Prowadzi\u0142 wyk\u0142ady pastoralno-naukowe w r\u00f3\u017cnych miastach Polski. W latach 1964-1980 ks. F. Blachnicki rozwija\u0142 o\u017cywion\u0105 dzia\u0142alno\u015b\u0107 w dziedzinie posoborowej odnowy liturgii w Polsce. Za\u0142o\u017cy\u0142 ,,Lubelski Zesp\u00f3\u0142 Liturgist\u00f3w\u201d. Przez 10 lat by\u0142 redaktorem ,,Biuletynu Odnowy Liturgii\u201d. Od roku 1967 by\u0142 Krajowym Duszpasterzem S\u0142u\u017cby Liturgicznej. Wypracowa\u0142 koncepcj\u0119 i metody posoborowej formacji s\u0142u\u017cby liturgicznej.<\/p>\n<p>W 1963 roku ks. F. Blachnicki podj\u0105\u0142 na nowo prowadzenie rekolekcji oazowych. Metod\u0119 15-dniowych rekolekcji prze\u017cyciowych zastosowa\u0142 stopniowo do r\u00f3\u017cnych grup m\u0142odzie\u017cy, doros\u0142ych i ca\u0142ych rodzin. Praca formacyjna zapocz\u0105tkowana w oazie rekolekcyjnej, by\u0142a kontynuowana w ma\u0142ej grupie w parafii. Ks. Franciszek opracowa\u0142 potrzebne do niej pomoce. W ten spos\u00f3b oazy rozwin\u0119\u0142y si\u0119 w ruch, zwany dzi\u015b Ruchem \u015awiat\u0142o-\u017bycie.<\/p>\n<p>Celem Ruchu, obejmuj\u0105cego ludzi ka\u017cdego wieku i stanu, jest wychowanie dojrza\u0142ych chrze\u015bcijan i zrealizowanie soborowej wizji Ko\u015bcio\u0142a \u2013 wsp\u00f3lnoty wsp\u00f3lnot. Ruch rozwija\u0142 si\u0119 w Polsce mimo r\u00f3\u017cnych trudno\u015bci zewn\u0119trznych. Przenika\u0142 te\u017c na S\u0142owacj\u0119 i do Czech, a nawet do Boliwii. Podejmowa\u0142 nowe inicjatywy ukazywane przez ks. Blachnickiego: w roku 1979 \u2013 Krucjat\u0119 Wyzwolenia Cz\u0142owieka w celu przezwyci\u0119\u017cenia alkoholizmu i innych zniewole\u0144 wsp\u00f3\u0142czesnego cz\u0142owieka, w roku 1980 \u2013 plan Wielkiej Ewangelizacji ,,Ad Christum Redemptorem\u201d dla dotarcia z Ewangeli\u0105 do ka\u017cdego cz\u0142owieka w Polsce.<\/p>\n<p>W okresie rewolucji Solidarno\u015bci (1980-1981) ks. F. Blachnicki powo\u0142a\u0142 do istnienia Niezale\u017cn\u0105 Chrze\u015bcija\u0144sk\u0105 S\u0142u\u017cb\u0119 Spo\u0142eczn\u0105, maj\u0105c\u0105 upowszechnia\u0107 ide\u0119 ,,Prawda \u2013 Krzy\u017c \u2013 Wyzwolenie\u201d, tzn. dzia\u0142a\u0107 w duchu chrze\u015bcija\u0144skiej nauki spo\u0142ecznej i ruchu wyzwolenia bez przemocy.<\/p>\n<p>10 grudnia 1981 roku ks. F. Blachnicki wyjecha\u0142 do Rzymu. Tam zasta\u0142 go stan wojenny. W roku 1982 osiad\u0142 w o\u015brodku polskim Marianum w Carlsbergu w RFN i rozpocz\u0105\u0142 organizowanie Mi\u0119dzynarodowego Centrum Ewangelizacji \u015awiat\u0142o-\u017bycie. Prowadzi\u0142 w nim prac\u0119 duszpastersk\u0105 w\u015br\u00f3d polskich emigrant\u00f3w. Kontynuuj\u0105c prac\u0119 spo\u0142eczno-wyzwole\u0144cz\u0105, wydawa\u0142 biuletyn ,,Prawda-Krzy\u017c-Wyzwolenie\u201d, a w czerwcu 1982 roku za\u0142o\u017cy\u0142 ,,Chrze\u015bcija\u0144sk\u0105 S\u0142u\u017cb\u0119 Wyzwolenia Narod\u00f3w\u201d \u2013 stowarzyszenie skupiaj\u0105ce Polak\u00f3w i przedstawicieli innych narod\u00f3w Europy \u015arodkowo-Wschodniej wok\u00f3\u0142 idei suwerenno\u015bci wewn\u0119trznej i jedno\u015bci narod\u00f3w w walce o wyzwolenie. T\u0119 dzia\u0142alno\u015b\u0107 spo\u0142eczno-wyzwole\u0144cz\u0105 prowadzi\u0142 z pobudek religijnych, inspirowany nauk\u0105 Jana Paw\u0142a II, wierny zasadzie ,,\u015bwiat\u0142o-\u017cycie\u201d.<\/p>\n<p>Jeszcze w Polsce, a potem tak\u017ce zagranic\u0105 nawi\u0105zywa\u0142 kontakty ekumeniczne z r\u00f3\u017cnymi ruchami odnowy. Zmar\u0142 nagle w Carlsbergu 27 lutego 1987 roku.Od 2000 roku gr\u00f3b ksi\u0119dza Franciszka znajduje si\u0119 w ko\u015bciele pw. Dobrego Pasterza w Kro\u015bcienku nad Dunajcem.<\/p>\n<p>Ks. Blachnicki jest ojcem duchowym dla Ruchu \u015awiat\u0142o-\u017bycie i dla zwi\u0105zanych z ruchem wsp\u00f3lnot \u017cycia konsekrowanego: \u017ce\u0144skiej \u2013 Instytutu Niepokalanej, Matki Ko\u015bcio\u0142a, i m\u0119skiej \u2013 Wsp\u00f3lnoty Chrystusa S\u0142ugi. Pozostawi\u0142 bogaty dorobek naukowy, popularno-naukowy i ascetyczno-formacyjny (w tym wiele homilii konferencji w zapisie magnetofonowym).<\/p>\n<p>17 lutego 1994 roku zosta\u0142 odznaczony po\u015bmiertnie Krzy\u017cem Komandorskim Orderem Odrodzenia Polski, 5 maja 1995 roku otrzyma\u0142 po\u015bmiertnie Krzy\u017c O\u015bwi\u0119cimski. 9 grudnia 1995 roku rozpocz\u0105\u0142 si\u0119 jego proces beatyfikacyjny.<\/p>\n","protected":false},"excerpt":{"rendered":"<p>Za\u0142o\u017cyciel Ruchu Oazowego s\u0142. Bo\u017cy Franciszek Blachnicki urodzi\u0142 si\u0119 24 marca 1921 roku w Rybniku&#8230;<\/p>\n","protected":false},"author":1,"featured_media":448,"comment_status":"closed","ping_status":"closed","sticky":false,"template":"","format":"standard","meta":{"footnotes":""},"categories":[40],"tags":[],"class_list":["post-449","post","type-post","status-publish","format-standard","has-post-thumbnail","hentry","category-ruch-swiatlo-zycie"],"featured_image_urls":{"full":["https:\/\/albert.radom.pl\/wp-content\/uploads\/2022\/09\/A5-2-1170x780-1.jpg",1170,780,false],"thumbnail":["https:\/\/albert.radom.pl\/wp-content\/uploads\/2022\/09\/A5-2-1170x780-1-150x150.jpg",150,150,true],"medium":["https:\/\/albert.radom.pl\/wp-content\/uploads\/2022\/09\/A5-2-1170x780-1-300x200.jpg",300,200,true],"medium_large":["https:\/\/albert.radom.pl\/wp-content\/uploads\/2022\/09\/A5-2-1170x780-1-768x512.jpg",640,427,true],"large":["https:\/\/albert.radom.pl\/wp-content\/uploads\/2022\/09\/A5-2-1170x780-1-1024x683.jpg",640,427,true],"1536x1536":["https:\/\/albert.radom.pl\/wp-content\/uploads\/2022\/09\/A5-2-1170x780-1.jpg",1170,780,false],"2048x2048":["https:\/\/albert.radom.pl\/wp-content\/uploads\/2022\/09\/A5-2-1170x780-1.jpg",1170,780,false],"newsever-slider-full":["https:\/\/albert.radom.pl\/wp-content\/uploads\/2022\/09\/A5-2-1170x780-1.jpg",1170,780,false],"newsever-featured":["https:\/\/albert.radom.pl\/wp-content\/uploads\/2022\/09\/A5-2-1170x780-1-1024x683.jpg",1024,683,true],"newsever-medium":["https:\/\/albert.radom.pl\/wp-content\/uploads\/2022\/09\/A5-2-1170x780-1-720x475.jpg",720,475,true]},"author_info":{"display_name":"xdar","author_link":"https:\/\/albert.radom.pl\/?author=1"},"category_info":"<a href=\"https:\/\/albert.radom.pl\/?cat=40\" rel=\"category\">Ruch \u015awiat\u0142o-\u017bycie<\/a>","tag_info":"Ruch \u015awiat\u0142o-\u017bycie","comment_count":"0","_links":{"self":[{"href":"https:\/\/albert.radom.pl\/index.php?rest_route=\/wp\/v2\/posts\/449","targetHints":{"allow":["GET"]}}],"collection":[{"href":"https:\/\/albert.radom.pl\/index.php?rest_route=\/wp\/v2\/posts"}],"about":[{"href":"https:\/\/albert.radom.pl\/index.php?rest_route=\/wp\/v2\/types\/post"}],"author":[{"embeddable":true,"href":"https:\/\/albert.radom.pl\/index.php?rest_route=\/wp\/v2\/users\/1"}],"replies":[{"embeddable":true,"href":"https:\/\/albert.radom.pl\/index.php?rest_route=%2Fwp%2Fv2%2Fcomments&post=449"}],"version-history":[{"count":1,"href":"https:\/\/albert.radom.pl\/index.php?rest_route=\/wp\/v2\/posts\/449\/revisions"}],"predecessor-version":[{"id":450,"href":"https:\/\/albert.radom.pl\/index.php?rest_route=\/wp\/v2\/posts\/449\/revisions\/450"}],"wp:featuredmedia":[{"embeddable":true,"href":"https:\/\/albert.radom.pl\/index.php?rest_route=\/wp\/v2\/media\/448"}],"wp:attachment":[{"href":"https:\/\/albert.radom.pl\/index.php?rest_route=%2Fwp%2Fv2%2Fmedia&parent=449"}],"wp:term":[{"taxonomy":"category","embeddable":true,"href":"https:\/\/albert.radom.pl\/index.php?rest_route=%2Fwp%2Fv2%2Fcategories&post=449"},{"taxonomy":"post_tag","embeddable":true,"href":"https:\/\/albert.radom.pl\/index.php?rest_route=%2Fwp%2Fv2%2Ftags&post=449"}],"curies":[{"name":"wp","href":"https:\/\/api.w.org\/{rel}","templated":true}]}}