{"id":4501,"date":"2024-03-11T09:27:23","date_gmt":"2024-03-11T08:27:23","guid":{"rendered":"https:\/\/albert.radom.pl\/?p=4501"},"modified":"2024-03-24T14:50:32","modified_gmt":"2024-03-24T13:50:32","slug":"nowenna-2120-w-intencji-ojczyzny","status":"publish","type":"post","link":"https:\/\/albert.radom.pl\/?p=4501","title":{"rendered":"Nowenna #2120 w intencji Ojczyzny"},"content":{"rendered":"<p><strong>W dniach od 16-24 marca br. po Mszy \u015aw. o godz. 18.00 b\u0119dzie mia\u0142a miejsce Nowenna w intencji Ojczyzny. B\u0119dziemy prosili Boga o zgod\u0119 narodow\u0105 i poszanowanie \u017cycia ludzkiego przez wstawiennictwo \u015aw. Andrzeja Boboli i b\u0142. ks. Jerzego Popie\u0142uszki.<\/strong><!--more--><\/p>\n<p>W zwi\u0105zku z rodz\u0105c\u0105 wiele pyta\u0144 i niepokoj\u00f3w sytuacj\u0105 spo\u0142eczn\u0105 w naszej Ojczy\u017anie, prosz\u0119 wszystkich o wsp\u00f3ln\u0105 modlitw\u0119 w wa\u017cnych dla naszego kraju intencjach.<\/p>\n<p>Zapraszam do w\u0142\u0105czenia si\u0119 w modlitw\u0119 nowennow\u0105 \u201eAkcja 21:20\u201d w intencji Ojczyzny, zgody narodowej i poszanowania \u017cycia ludzkiego. Nowenna b\u0119dzie mie\u0107 miejsce w dniach od 16 do 24 marca 2024 roku, czyli przed Dniem \u015awi\u0119to\u015bci \u017bycia, przypadaj\u0105cym dnia 25 marca.<\/p>\n<p>W \u0142\u0105czno\u015bci z Sanktuarium Matki Bo\u017cej na Jasnej G\u00f3rze wzno\u015bmy nasze modlitwy do Boga, odmawiaj\u0105c Apel Jasnog\u00f3rski, po nim, o godz. 21:20 modlitwy nowennowe, tak\u017ce po ka\u017cdej Mszy \u015bw. Je\u015bli nie b\u0119dzie to mo\u017cliwe, nowenn\u0119 mo\u017cna odm\u00f3wi\u0107 indywidualnie w dowolnym momencie dnia.<\/p>\n<p>Uk\u0142ad Nowenny jest bardzo prosty. Wystarczy odczyta\u0107 intencj\u0119 na dany dzie\u0144 i odm\u00f3wi\u0107 \u201eOjcze nasz\u201d, \u201eZdrowa\u015b Maryjo\u201d oraz modlitw\u0119 w intencji Ojczyzny, np. autorstwa ks. Piotra Skargi. Zach\u0119cam gor\u0105co, aby odmawia\u0107 modlitw\u0119 w ko\u015bcio\u0142ach, kaplicach, parafiach i wsp\u00f3lnotach duszpasterskich.<\/p>\n<p>Pragniemy modli\u0107 si\u0119 za wstawiennictwem \u015bw. Andrzeja Boboli i b\u0142. ks. Jerzego Popie\u0142uszki &#8211; wielkich or\u0119downik\u00f3w Polski.<\/p>\n<p style=\"text-align: right;\">\u2720 Stanis\u0142aw G\u0105decki<br \/>\nArcybiskup Metropolita Pozna\u0144ski<br \/>\nPrzewodnicz\u0105cy Konferencji Episkopatu Polski<\/p>\n<p style=\"text-align: right;\">Warszawa, 4 marca 2024 roku<\/p>\n<p><iframe loading=\"lazy\" title=\"Nowenna w intencji Ojczyzny (16-24 marca, godz. 21:20)\" width=\"640\" height=\"360\" src=\"https:\/\/www.youtube.com\/embed\/SQwFdYVBIiw?feature=oembed\" frameborder=\"0\" allow=\"accelerometer; autoplay; clipboard-write; encrypted-media; gyroscope; picture-in-picture; web-share\" referrerpolicy=\"strict-origin-when-cross-origin\" allowfullscreen><\/iframe><\/p>\n<p style=\"text-align: center;\"><span style=\"color: #ff0000;\"><em><strong>Modlitwa za Ojczyzn\u0119 przez przyczyn\u0119 \u015bw. Andrzeja Boboli<\/strong><\/em><\/span><\/p>\n<p style=\"text-align: center;\"><em><strong>Bo\u017ce, kt\u00f3ry\u015b zapomnian\u0105 do niedawna Polsk\u0119 wskrzesi\u0142 cudem wszechmocy Twojej, racz za przyczyn\u0105 s\u0142ugi Twojego \u015bw. Andrzeja Boboli dope\u0142ni\u0107 mi\u0142osierdzia nad nasz\u0105 Ojczyzn\u0105 i odwr\u00f3ci\u0107 gro\u017c\u0105ce jej niebezpiecze\u0144stwa. Niech za \u0142ask\u0105 Twoj\u0105 stanie si\u0119 narz\u0119dziem Twojej czci i chwa\u0142y. Natchnij m\u0105dro\u015bci\u0105 jej rz\u0105dc\u00f3w i przedstawicieli, karno\u015bci\u0105 i m\u0119stwem jej obro\u0144c\u00f3w, zgod\u0105 i sumienno\u015bci\u0105 w wype\u0142nianiu obowi\u0105zk\u00f3w jej obywateli. Daj jej kap\u0142an\u00f3w pe\u0142nych ducha Bo\u017cego i \u017carliwych o dusz zbawienie. Wzmocnij w niej ducha wiary i czysto\u015bci obyczaj\u00f3w. Wyt\u0119p wszelk\u0105 stanow\u0105 zazdro\u015b\u0107 i zawi\u015b\u0107, wszelk\u0105 osobist\u0105 czy zbiorow\u0105 pych\u0119, samolubstwo i chciwo\u015b\u0107 tucz\u0105c\u0105 si\u0119 kosztem dobra publicznego. Niech rodzice i nauczyciele w boja\u017ani Bo\u017cej wychowuj\u0105 m\u0142odzie\u017c, zaprawiaj\u0105c j\u0105 do pos\u0142usze\u0144stwa i pracy, a chroni\u0105c od zepsucia. Niech ogarnia wszystkich duch po\u015bwi\u0119cenia si\u0119 i ofiarno\u015bci wzgl\u0119dem Ko\u015bcio\u0142a i Ojczyzny, duch wzajemnej \u017cyczliwo\u015bci i przebaczenia. Jak jeden B\u00f3g, tak jedna wiara, nadzieja i mi\u0142o\u015b\u0107 niech krzepi nasze serca! Amen.<\/strong><\/em><\/p>\n<p style=\"text-align: center;\"><img loading=\"lazy\" decoding=\"async\" class=\"size-large wp-image-4502\" src=\"https:\/\/albert.radom.pl\/wp-content\/uploads\/2024\/03\/nowenna2120_plakat-small-707x1024.jpg\" alt=\"\" width=\"640\" height=\"927\" srcset=\"https:\/\/albert.radom.pl\/wp-content\/uploads\/2024\/03\/nowenna2120_plakat-small-707x1024.jpg 707w, https:\/\/albert.radom.pl\/wp-content\/uploads\/2024\/03\/nowenna2120_plakat-small-207x300.jpg 207w, https:\/\/albert.radom.pl\/wp-content\/uploads\/2024\/03\/nowenna2120_plakat-small-768x1112.jpg 768w, https:\/\/albert.radom.pl\/wp-content\/uploads\/2024\/03\/nowenna2120_plakat-small.jpg 967w\" sizes=\"auto, (max-width: 640px) 100vw, 640px\" \/><\/p>\n","protected":false},"excerpt":{"rendered":"<p>W dniach od 16-24 marca br. po Mszy \u015aw. o godz. 18.00 b\u0119dzie mia\u0142a miejsce&#8230;<\/p>\n","protected":false},"author":1,"featured_media":4504,"comment_status":"closed","ping_status":"closed","sticky":false,"template":"","format":"standard","meta":{"footnotes":""},"categories":[19,59],"tags":[],"class_list":["post-4501","post","type-post","status-publish","format-standard","has-post-thumbnail","hentry","category-aktualnosci","category-zycie-kosciola"],"featured_image_urls":{"full":["https:\/\/albert.radom.pl\/wp-content\/uploads\/2024\/03\/Zrzut-ekranu-2024-03-11-o-09.13.21.png",1300,749,false],"thumbnail":["https:\/\/albert.radom.pl\/wp-content\/uploads\/2024\/03\/Zrzut-ekranu-2024-03-11-o-09.13.21-150x150.png",150,150,true],"medium":["https:\/\/albert.radom.pl\/wp-content\/uploads\/2024\/03\/Zrzut-ekranu-2024-03-11-o-09.13.21-300x173.png",300,173,true],"medium_large":["https:\/\/albert.radom.pl\/wp-content\/uploads\/2024\/03\/Zrzut-ekranu-2024-03-11-o-09.13.21-768x442.png",640,368,true],"large":["https:\/\/albert.radom.pl\/wp-content\/uploads\/2024\/03\/Zrzut-ekranu-2024-03-11-o-09.13.21-1024x590.png",640,369,true],"1536x1536":["https:\/\/albert.radom.pl\/wp-content\/uploads\/2024\/03\/Zrzut-ekranu-2024-03-11-o-09.13.21.png",1300,749,false],"2048x2048":["https:\/\/albert.radom.pl\/wp-content\/uploads\/2024\/03\/Zrzut-ekranu-2024-03-11-o-09.13.21.png",1300,749,false],"newsever-slider-full":["https:\/\/albert.radom.pl\/wp-content\/uploads\/2024\/03\/Zrzut-ekranu-2024-03-11-o-09.13.21-1280x749.png",1280,749,true],"newsever-featured":["https:\/\/albert.radom.pl\/wp-content\/uploads\/2024\/03\/Zrzut-ekranu-2024-03-11-o-09.13.21-1024x590.png",1024,590,true],"newsever-medium":["https:\/\/albert.radom.pl\/wp-content\/uploads\/2024\/03\/Zrzut-ekranu-2024-03-11-o-09.13.21-720x475.png",720,475,true]},"author_info":{"display_name":"xdar","author_link":"https:\/\/albert.radom.pl\/?author=1"},"category_info":"<a href=\"https:\/\/albert.radom.pl\/?cat=19\" rel=\"category\">Aktualno\u015bci<\/a> <a href=\"https:\/\/albert.radom.pl\/?cat=59\" rel=\"category\">\u017bycie Ko\u015bcio\u0142a<\/a>","tag_info":"\u017bycie Ko\u015bcio\u0142a","comment_count":"0","_links":{"self":[{"href":"https:\/\/albert.radom.pl\/index.php?rest_route=\/wp\/v2\/posts\/4501","targetHints":{"allow":["GET"]}}],"collection":[{"href":"https:\/\/albert.radom.pl\/index.php?rest_route=\/wp\/v2\/posts"}],"about":[{"href":"https:\/\/albert.radom.pl\/index.php?rest_route=\/wp\/v2\/types\/post"}],"author":[{"embeddable":true,"href":"https:\/\/albert.radom.pl\/index.php?rest_route=\/wp\/v2\/users\/1"}],"replies":[{"embeddable":true,"href":"https:\/\/albert.radom.pl\/index.php?rest_route=%2Fwp%2Fv2%2Fcomments&post=4501"}],"version-history":[{"count":3,"href":"https:\/\/albert.radom.pl\/index.php?rest_route=\/wp\/v2\/posts\/4501\/revisions"}],"predecessor-version":[{"id":4507,"href":"https:\/\/albert.radom.pl\/index.php?rest_route=\/wp\/v2\/posts\/4501\/revisions\/4507"}],"wp:featuredmedia":[{"embeddable":true,"href":"https:\/\/albert.radom.pl\/index.php?rest_route=\/wp\/v2\/media\/4504"}],"wp:attachment":[{"href":"https:\/\/albert.radom.pl\/index.php?rest_route=%2Fwp%2Fv2%2Fmedia&parent=4501"}],"wp:term":[{"taxonomy":"category","embeddable":true,"href":"https:\/\/albert.radom.pl\/index.php?rest_route=%2Fwp%2Fv2%2Fcategories&post=4501"},{"taxonomy":"post_tag","embeddable":true,"href":"https:\/\/albert.radom.pl\/index.php?rest_route=%2Fwp%2Fv2%2Ftags&post=4501"}],"curies":[{"name":"wp","href":"https:\/\/api.w.org\/{rel}","templated":true}]}}