{"id":458,"date":"2022-09-24T09:36:53","date_gmt":"2022-09-24T07:36:53","guid":{"rendered":"https:\/\/albert.radom.pl\/?p=458"},"modified":"2022-10-01T23:03:15","modified_gmt":"2022-10-01T21:03:15","slug":"xv-pielgrzymka-rodziny-rozancowej-diecezji-radomskiej-do-wysokiego-kola","status":"publish","type":"post","link":"https:\/\/albert.radom.pl\/?p=458","title":{"rendered":"XV Pielgrzymka Rodziny R\u00f3\u017ca\u0144cowej Diecezji Radomskiej do Wysokiego Ko\u0142a"},"content":{"rendered":"<p>Zapraszamy wszystkich, kt\u00f3rzy nale\u017c\u0105 do Rodziny R\u00f3\u017ca\u0144cowej Diecezji Radomskiej, na<strong> XV Pielgrzymk\u0119 do Sanktuarium NMP Kr\u00f3lowej R\u00f3\u017ca\u0144ca \u015awi\u0119tego w Wysokim Kole<\/strong> w sobot\u0119, <strong>1 pa\u017adziernika 2022 r.<\/strong><\/p>\n<p>Has\u0142o tegorocznej pielgrzymki: <strong>\u201eOdmawiajcie r\u00f3\u017caniec, aby wyprosi\u0107 pok\u00f3j dla \u015bwiata\u201d<\/strong><\/p>\n<p><!--more--><strong>Wyjazd pielgrzym\u00f3w spod ko\u015bcio\u0142a \u015bw. Brata Alberta w sobot\u0119 01 .10.2022 o godz. 8.00<\/strong><\/p>\n","protected":false},"excerpt":{"rendered":"<p>Zapraszamy wszystkich, kt\u00f3rzy nale\u017c\u0105 do Rodziny R\u00f3\u017ca\u0144cowej Diecezji Radomskiej, na XV Pielgrzymk\u0119 do Sanktuarium NMP&#8230;<\/p>\n","protected":false},"author":1,"featured_media":460,"comment_status":"closed","ping_status":"closed","sticky":false,"template":"","format":"standard","meta":{"footnotes":""},"categories":[19,50],"tags":[],"class_list":["post-458","post","type-post","status-publish","format-standard","has-post-thumbnail","hentry","category-aktualnosci","category-kola-zywego-rozanca"],"featured_image_urls":{"full":["https:\/\/albert.radom.pl\/wp-content\/uploads\/2022\/09\/plakat-2022.png",595,841,false],"thumbnail":["https:\/\/albert.radom.pl\/wp-content\/uploads\/2022\/09\/plakat-2022-150x150.png",150,150,true],"medium":["https:\/\/albert.radom.pl\/wp-content\/uploads\/2022\/09\/plakat-2022-212x300.png",212,300,true],"medium_large":["https:\/\/albert.radom.pl\/wp-content\/uploads\/2022\/09\/plakat-2022.png",595,841,false],"large":["https:\/\/albert.radom.pl\/wp-content\/uploads\/2022\/09\/plakat-2022.png",595,841,false],"1536x1536":["https:\/\/albert.radom.pl\/wp-content\/uploads\/2022\/09\/plakat-2022.png",595,841,false],"2048x2048":["https:\/\/albert.radom.pl\/wp-content\/uploads\/2022\/09\/plakat-2022.png",595,841,false],"newsever-slider-full":["https:\/\/albert.radom.pl\/wp-content\/uploads\/2022\/09\/plakat-2022.png",595,841,false],"newsever-featured":["https:\/\/albert.radom.pl\/wp-content\/uploads\/2022\/09\/plakat-2022.png",595,841,false],"newsever-medium":["https:\/\/albert.radom.pl\/wp-content\/uploads\/2022\/09\/plakat-2022-595x475.png",595,475,true]},"author_info":{"display_name":"xdar","author_link":"https:\/\/albert.radom.pl\/?author=1"},"category_info":"<a href=\"https:\/\/albert.radom.pl\/?cat=19\" rel=\"category\">Aktualno\u015bci<\/a> <a href=\"https:\/\/albert.radom.pl\/?cat=50\" rel=\"category\">Ko\u0142a \u017bywego R\u00f3\u017ca\u0144ca<\/a>","tag_info":"Ko\u0142a \u017bywego R\u00f3\u017ca\u0144ca","comment_count":"0","_links":{"self":[{"href":"https:\/\/albert.radom.pl\/index.php?rest_route=\/wp\/v2\/posts\/458","targetHints":{"allow":["GET"]}}],"collection":[{"href":"https:\/\/albert.radom.pl\/index.php?rest_route=\/wp\/v2\/posts"}],"about":[{"href":"https:\/\/albert.radom.pl\/index.php?rest_route=\/wp\/v2\/types\/post"}],"author":[{"embeddable":true,"href":"https:\/\/albert.radom.pl\/index.php?rest_route=\/wp\/v2\/users\/1"}],"replies":[{"embeddable":true,"href":"https:\/\/albert.radom.pl\/index.php?rest_route=%2Fwp%2Fv2%2Fcomments&post=458"}],"version-history":[{"count":1,"href":"https:\/\/albert.radom.pl\/index.php?rest_route=\/wp\/v2\/posts\/458\/revisions"}],"predecessor-version":[{"id":461,"href":"https:\/\/albert.radom.pl\/index.php?rest_route=\/wp\/v2\/posts\/458\/revisions\/461"}],"wp:featuredmedia":[{"embeddable":true,"href":"https:\/\/albert.radom.pl\/index.php?rest_route=\/wp\/v2\/media\/460"}],"wp:attachment":[{"href":"https:\/\/albert.radom.pl\/index.php?rest_route=%2Fwp%2Fv2%2Fmedia&parent=458"}],"wp:term":[{"taxonomy":"category","embeddable":true,"href":"https:\/\/albert.radom.pl\/index.php?rest_route=%2Fwp%2Fv2%2Fcategories&post=458"},{"taxonomy":"post_tag","embeddable":true,"href":"https:\/\/albert.radom.pl\/index.php?rest_route=%2Fwp%2Fv2%2Ftags&post=458"}],"curies":[{"name":"wp","href":"https:\/\/api.w.org\/{rel}","templated":true}]}}