{"id":4702,"date":"2024-03-24T23:19:32","date_gmt":"2024-03-24T22:19:32","guid":{"rendered":"https:\/\/albert.radom.pl\/?p=4702"},"modified":"2024-03-29T14:22:52","modified_gmt":"2024-03-29T13:22:52","slug":"koncert-pasyjnyin-cruce-amoris-doctrina","status":"publish","type":"post","link":"https:\/\/albert.radom.pl\/?p=4702","title":{"rendered":"Koncert Pasyjny&#8221;IN CRUCE AMORIS DOCTRINA&#8221;"},"content":{"rendered":"<p>Wieczorem w Niedziel\u0119 Palmow\u0105 naszym ko\u015bciele odby\u0142 si\u0119 koncert pasyjny &#8222;In Cruce Amoris Doctrina&#8221;.<!--more--><\/p>\n<p>Tym cudownym koncertem rozpocz\u0119li\u015bmy prze\u017cywanie Wielkiego Tygodnia. W programie koncertu znalaz\u0142y si\u0119 utwory Lottiego, Haydna, Bacha, Mozarta opracowane i wykonane na instrumentach d\u0119tych blaszanych przez kwintet d\u0119ty blaszany z towarzyszeniem organ\u00f3w.<\/p>\n<p>Podczas koncertu wyst\u0105pi\u0142a tak\u017ce Liturgiczna Schola Doros\u0142ych naszej parafii pod kierunkiem Ewy Burek za\u015b rozwa\u017cania poprowadzi\u0142 diakon Filip Wincewicz. Na zako\u0144czenie koncertu Ksi\u0105dz Proboszcz Marek podzi\u0119kowa\u0142 wykonawcom, a wszystkim zebranym \u017cyczy\u0142 dobrego prze\u017cycia czasu Wielkiego Tygodnia i Wielkanocy.<\/p>\n<div id='gallery-1' class='gallery galleryid-4702 gallery-columns-5 gallery-size-thumbnail'><figure class='gallery-item'>\n\t\t\t<div class='gallery-icon landscape'>\n\t\t\t\t<a href='https:\/\/albert.radom.pl\/wp-content\/uploads\/2024\/03\/PHOTO-2024-03-26-08-32-41-3.jpg'><img loading=\"lazy\" decoding=\"async\" width=\"150\" height=\"150\" src=\"https:\/\/albert.radom.pl\/wp-content\/uploads\/2024\/03\/PHOTO-2024-03-26-08-32-41-3-150x150.jpg\" class=\"attachment-thumbnail size-thumbnail\" alt=\"\" \/><\/a>\n\t\t\t<\/div><\/figure><figure class='gallery-item'>\n\t\t\t<div class='gallery-icon landscape'>\n\t\t\t\t<a href='https:\/\/albert.radom.pl\/wp-content\/uploads\/2024\/03\/PHOTO-2024-03-26-08-32-42-3.jpg'><img loading=\"lazy\" decoding=\"async\" width=\"150\" height=\"150\" src=\"https:\/\/albert.radom.pl\/wp-content\/uploads\/2024\/03\/PHOTO-2024-03-26-08-32-42-3-150x150.jpg\" class=\"attachment-thumbnail size-thumbnail\" alt=\"\" \/><\/a>\n\t\t\t<\/div><\/figure><figure class='gallery-item'>\n\t\t\t<div class='gallery-icon landscape'>\n\t\t\t\t<a href='https:\/\/albert.radom.pl\/wp-content\/uploads\/2024\/03\/DSC_5236.jpg'><img loading=\"lazy\" decoding=\"async\" width=\"150\" height=\"150\" src=\"https:\/\/albert.radom.pl\/wp-content\/uploads\/2024\/03\/DSC_5236-150x150.jpg\" class=\"attachment-thumbnail size-thumbnail\" alt=\"\" \/><\/a>\n\t\t\t<\/div><\/figure><figure class='gallery-item'>\n\t\t\t<div class='gallery-icon portrait'>\n\t\t\t\t<a href='https:\/\/albert.radom.pl\/wp-content\/uploads\/2024\/03\/DSC_5205.jpg'><img loading=\"lazy\" decoding=\"async\" width=\"150\" height=\"150\" src=\"https:\/\/albert.radom.pl\/wp-content\/uploads\/2024\/03\/DSC_5205-150x150.jpg\" class=\"attachment-thumbnail size-thumbnail\" alt=\"\" \/><\/a>\n\t\t\t<\/div><\/figure><figure class='gallery-item'>\n\t\t\t<div class='gallery-icon landscape'>\n\t\t\t\t<a href='https:\/\/albert.radom.pl\/wp-content\/uploads\/2024\/03\/PHOTO-2024-03-26-08-32-41.jpg'><img loading=\"lazy\" decoding=\"async\" width=\"150\" height=\"150\" src=\"https:\/\/albert.radom.pl\/wp-content\/uploads\/2024\/03\/PHOTO-2024-03-26-08-32-41-150x150.jpg\" class=\"attachment-thumbnail size-thumbnail\" alt=\"\" \/><\/a>\n\t\t\t<\/div><\/figure><figure class='gallery-item'>\n\t\t\t<div class='gallery-icon landscape'>\n\t\t\t\t<a href='https:\/\/albert.radom.pl\/wp-content\/uploads\/2024\/03\/DSC_5193.jpg'><img loading=\"lazy\" decoding=\"async\" width=\"150\" height=\"150\" src=\"https:\/\/albert.radom.pl\/wp-content\/uploads\/2024\/03\/DSC_5193-150x150.jpg\" class=\"attachment-thumbnail size-thumbnail\" alt=\"\" \/><\/a>\n\t\t\t<\/div><\/figure><figure class='gallery-item'>\n\t\t\t<div class='gallery-icon landscape'>\n\t\t\t\t<a href='https:\/\/albert.radom.pl\/wp-content\/uploads\/2024\/03\/DSC_5214.jpg'><img loading=\"lazy\" decoding=\"async\" width=\"150\" height=\"150\" src=\"https:\/\/albert.radom.pl\/wp-content\/uploads\/2024\/03\/DSC_5214-150x150.jpg\" class=\"attachment-thumbnail size-thumbnail\" alt=\"\" \/><\/a>\n\t\t\t<\/div><\/figure><figure class='gallery-item'>\n\t\t\t<div class='gallery-icon landscape'>\n\t\t\t\t<a href='https:\/\/albert.radom.pl\/wp-content\/uploads\/2024\/03\/PHOTO-2024-03-26-08-32-41-5.jpg'><img loading=\"lazy\" decoding=\"async\" width=\"150\" height=\"150\" src=\"https:\/\/albert.radom.pl\/wp-content\/uploads\/2024\/03\/PHOTO-2024-03-26-08-32-41-5-150x150.jpg\" class=\"attachment-thumbnail size-thumbnail\" alt=\"\" \/><\/a>\n\t\t\t<\/div><\/figure><figure class='gallery-item'>\n\t\t\t<div class='gallery-icon landscape'>\n\t\t\t\t<a href='https:\/\/albert.radom.pl\/wp-content\/uploads\/2024\/03\/DSC_5245.jpg'><img loading=\"lazy\" decoding=\"async\" width=\"150\" height=\"150\" src=\"https:\/\/albert.radom.pl\/wp-content\/uploads\/2024\/03\/DSC_5245-150x150.jpg\" class=\"attachment-thumbnail size-thumbnail\" alt=\"\" \/><\/a>\n\t\t\t<\/div><\/figure><figure class='gallery-item'>\n\t\t\t<div class='gallery-icon landscape'>\n\t\t\t\t<a href='https:\/\/albert.radom.pl\/wp-content\/uploads\/2024\/03\/PHOTO-2024-03-26-08-32-42-2.jpg'><img loading=\"lazy\" decoding=\"async\" width=\"150\" height=\"150\" src=\"https:\/\/albert.radom.pl\/wp-content\/uploads\/2024\/03\/PHOTO-2024-03-26-08-32-42-2-150x150.jpg\" class=\"attachment-thumbnail size-thumbnail\" alt=\"\" \/><\/a>\n\t\t\t<\/div><\/figure><figure class='gallery-item'>\n\t\t\t<div class='gallery-icon landscape'>\n\t\t\t\t<a href='https:\/\/albert.radom.pl\/wp-content\/uploads\/2024\/03\/DSC_5216.jpg'><img loading=\"lazy\" decoding=\"async\" width=\"150\" height=\"150\" src=\"https:\/\/albert.radom.pl\/wp-content\/uploads\/2024\/03\/DSC_5216-150x150.jpg\" class=\"attachment-thumbnail size-thumbnail\" alt=\"\" \/><\/a>\n\t\t\t<\/div><\/figure><figure class='gallery-item'>\n\t\t\t<div class='gallery-icon landscape'>\n\t\t\t\t<a href='https:\/\/albert.radom.pl\/wp-content\/uploads\/2024\/03\/PHOTO-2024-03-26-08-32-41-6.jpg'><img loading=\"lazy\" decoding=\"async\" width=\"150\" height=\"150\" src=\"https:\/\/albert.radom.pl\/wp-content\/uploads\/2024\/03\/PHOTO-2024-03-26-08-32-41-6-150x150.jpg\" class=\"attachment-thumbnail size-thumbnail\" alt=\"\" \/><\/a>\n\t\t\t<\/div><\/figure><figure class='gallery-item'>\n\t\t\t<div class='gallery-icon landscape'>\n\t\t\t\t<a href='https:\/\/albert.radom.pl\/wp-content\/uploads\/2024\/03\/PHOTO-2024-03-26-08-32-41-4.jpg'><img loading=\"lazy\" decoding=\"async\" width=\"150\" height=\"150\" src=\"https:\/\/albert.radom.pl\/wp-content\/uploads\/2024\/03\/PHOTO-2024-03-26-08-32-41-4-150x150.jpg\" class=\"attachment-thumbnail size-thumbnail\" alt=\"\" \/><\/a>\n\t\t\t<\/div><\/figure><figure class='gallery-item'>\n\t\t\t<div class='gallery-icon landscape'>\n\t\t\t\t<a href='https:\/\/albert.radom.pl\/wp-content\/uploads\/2024\/03\/PHOTO-2024-03-26-08-32-42.jpg'><img loading=\"lazy\" decoding=\"async\" width=\"150\" height=\"150\" src=\"https:\/\/albert.radom.pl\/wp-content\/uploads\/2024\/03\/PHOTO-2024-03-26-08-32-42-150x150.jpg\" class=\"attachment-thumbnail size-thumbnail\" alt=\"\" \/><\/a>\n\t\t\t<\/div><\/figure>\n\t\t<\/div>\n\n<p><iframe loading=\"lazy\" title=\"IN CRUCE AMORIS DOCTRINA  Fragment Koncertu Pasyjnego  Kwintet De\u0328ty Blaszany\" width=\"640\" height=\"360\" src=\"https:\/\/www.youtube.com\/embed\/rySUD6T5xMc?feature=oembed\" frameborder=\"0\" allow=\"accelerometer; autoplay; clipboard-write; encrypted-media; gyroscope; picture-in-picture; web-share\" referrerpolicy=\"strict-origin-when-cross-origin\" allowfullscreen><\/iframe><\/p>\n<p><iframe loading=\"lazy\" title=\"IN CRUCE AMORIS DOCTRINA  Fragment Koncertu Pasyjnego\" width=\"640\" height=\"360\" src=\"https:\/\/www.youtube.com\/embed\/bXmZL611DPg?feature=oembed\" frameborder=\"0\" allow=\"accelerometer; autoplay; clipboard-write; encrypted-media; gyroscope; picture-in-picture; web-share\" referrerpolicy=\"strict-origin-when-cross-origin\" allowfullscreen><\/iframe><\/p>\n<p><iframe loading=\"lazy\" title=\"KONCERT PASYJNY 24.03.2024 \u015aw. Brat Albert Radom - fragmenty\" width=\"640\" height=\"360\" src=\"https:\/\/www.youtube.com\/embed\/bdsDG_6Z8Rs?feature=oembed\" frameborder=\"0\" allow=\"accelerometer; autoplay; clipboard-write; encrypted-media; gyroscope; picture-in-picture; web-share\" referrerpolicy=\"strict-origin-when-cross-origin\" allowfullscreen><\/iframe><\/p>\n","protected":false},"excerpt":{"rendered":"<p>Wieczorem w Niedziel\u0119 Palmow\u0105 naszym ko\u015bciele odby\u0142 si\u0119 koncert pasyjny &#8222;In Cruce Amoris Doctrina&#8221;.<\/p>\n","protected":false},"author":1,"featured_media":4703,"comment_status":"closed","ping_status":"closed","sticky":false,"template":"","format":"standard","meta":{"footnotes":""},"categories":[19,12],"tags":[],"class_list":["post-4702","post","type-post","status-publish","format-standard","has-post-thumbnail","hentry","category-aktualnosci","category-galeria"],"featured_image_urls":{"full":["https:\/\/albert.radom.pl\/wp-content\/uploads\/2024\/03\/DSC_5193.jpg",1200,802,false],"thumbnail":["https:\/\/albert.radom.pl\/wp-content\/uploads\/2024\/03\/DSC_5193-150x150.jpg",150,150,true],"medium":["https:\/\/albert.radom.pl\/wp-content\/uploads\/2024\/03\/DSC_5193-300x201.jpg",300,201,true],"medium_large":["https:\/\/albert.radom.pl\/wp-content\/uploads\/2024\/03\/DSC_5193-768x513.jpg",640,428,true],"large":["https:\/\/albert.radom.pl\/wp-content\/uploads\/2024\/03\/DSC_5193-1024x684.jpg",640,428,true],"1536x1536":["https:\/\/albert.radom.pl\/wp-content\/uploads\/2024\/03\/DSC_5193.jpg",1200,802,false],"2048x2048":["https:\/\/albert.radom.pl\/wp-content\/uploads\/2024\/03\/DSC_5193.jpg",1200,802,false],"newsever-slider-full":["https:\/\/albert.radom.pl\/wp-content\/uploads\/2024\/03\/DSC_5193.jpg",1200,802,false],"newsever-featured":["https:\/\/albert.radom.pl\/wp-content\/uploads\/2024\/03\/DSC_5193-1024x684.jpg",1024,684,true],"newsever-medium":["https:\/\/albert.radom.pl\/wp-content\/uploads\/2024\/03\/DSC_5193-720x475.jpg",720,475,true]},"author_info":{"display_name":"xdar","author_link":"https:\/\/albert.radom.pl\/?author=1"},"category_info":"<a href=\"https:\/\/albert.radom.pl\/?cat=19\" rel=\"category\">Aktualno\u015bci<\/a> <a href=\"https:\/\/albert.radom.pl\/?cat=12\" rel=\"category\">Galerie<\/a>","tag_info":"Galerie","comment_count":"0","_links":{"self":[{"href":"https:\/\/albert.radom.pl\/index.php?rest_route=\/wp\/v2\/posts\/4702","targetHints":{"allow":["GET"]}}],"collection":[{"href":"https:\/\/albert.radom.pl\/index.php?rest_route=\/wp\/v2\/posts"}],"about":[{"href":"https:\/\/albert.radom.pl\/index.php?rest_route=\/wp\/v2\/types\/post"}],"author":[{"embeddable":true,"href":"https:\/\/albert.radom.pl\/index.php?rest_route=\/wp\/v2\/users\/1"}],"replies":[{"embeddable":true,"href":"https:\/\/albert.radom.pl\/index.php?rest_route=%2Fwp%2Fv2%2Fcomments&post=4702"}],"version-history":[{"count":4,"href":"https:\/\/albert.radom.pl\/index.php?rest_route=\/wp\/v2\/posts\/4702\/revisions"}],"predecessor-version":[{"id":4778,"href":"https:\/\/albert.radom.pl\/index.php?rest_route=\/wp\/v2\/posts\/4702\/revisions\/4778"}],"wp:featuredmedia":[{"embeddable":true,"href":"https:\/\/albert.radom.pl\/index.php?rest_route=\/wp\/v2\/media\/4703"}],"wp:attachment":[{"href":"https:\/\/albert.radom.pl\/index.php?rest_route=%2Fwp%2Fv2%2Fmedia&parent=4702"}],"wp:term":[{"taxonomy":"category","embeddable":true,"href":"https:\/\/albert.radom.pl\/index.php?rest_route=%2Fwp%2Fv2%2Fcategories&post=4702"},{"taxonomy":"post_tag","embeddable":true,"href":"https:\/\/albert.radom.pl\/index.php?rest_route=%2Fwp%2Fv2%2Ftags&post=4702"}],"curies":[{"name":"wp","href":"https:\/\/api.w.org\/{rel}","templated":true}]}}