{"id":4751,"date":"2024-03-27T21:05:09","date_gmt":"2024-03-27T20:05:09","guid":{"rendered":"https:\/\/albert.radom.pl\/?p=4751"},"modified":"2024-03-27T21:05:09","modified_gmt":"2024-03-27T20:05:09","slug":"slowo-biskupa-radomskiego-na-wielkanoc-2024","status":"publish","type":"post","link":"https:\/\/albert.radom.pl\/?p=4751","title":{"rendered":"S\u0142owo Biskupa Radomskiego na Wielkanoc 2024"},"content":{"rendered":"<p>Zmartwychwstanie Pa\u0144skie potwierdza, \u017ce Jezus Chrystus jest zwyci\u0119zc\u0105 \u015bmierci, piek\u0142a i szatana. <!--more--><\/p>\n<p>Moi Drodzy!<br \/>\nZmartwychwstanie Pa\u0144skie potwierdza, \u017ce Jezus Chrystus jest zwyci\u0119zc\u0105 \u015bmierci, piek\u0142a i szatana.<br \/>\nDzi\u0119kuj\u0119 wam za tak mocne \u015bwiadectwo waszej wiary i trosk\u0119 o umoc-nienie waszego \u017cycia z Bogiem, czego potwierdzeniem by\u0142o wasze uczestnictwo w rekolekcjach wielkopostnych, nabo\u017ce\u0144stwach pasyjnych w kaplicach i ko-\u015bcio\u0142ach oraz poza nimi, a nade wszystko za przyj\u0119cie i trwanie w \u0142asce Boga dzi\u0119ki otrzymanym sakramentom. Dzi\u0119kuj\u0119 oddanym duszpasterzom za ich opiek\u0119 nad tajemnicami Boga w \u017cyciu ka\u017cdego z was.<br \/>\nZ ufno\u015bci\u0105 wiary zawierzam ka\u017cdego was Bogu i \u017cycz\u0119, aby czas \u015awi\u0105t Wielkanocnych umocni\u0142 w was duchowe dary Boga i przyni\u00f3s\u0142 pomno\u017cenie owoc\u00f3w, jakie daje B\u00f3g: pokoju, mi\u0142o\u015bci, rado\u015bci, dobroci i wierno\u015bci.<br \/>\nDoceniaj\u0105c warto\u015b\u0107 wsp\u00f3lnoty Ko\u015bcio\u0142a, w kt\u00f3rej uczestniczymy i za kt\u00f3-r\u0105 chcemy by\u0107 odpowiedzialni, \u017cycz\u0119 wam, aby dzia\u0142anie \u0142aski Boga umocni\u0142o jedno\u015b\u0107 oraz trosk\u0119 o wsp\u00f3lne dobro w rodzinach, parafiach, naszej diecezji oraz Ojczy\u017anie.<br \/>\nNiech Maryja, Matka Ko\u015bcio\u0142a wspiera was Swoim or\u0119downictwem oraz pomaga \u017cy\u0107 z mocn\u0105 wiar\u0105, \u017cyw\u0105 nadziej\u0105 i ofiarn\u0105 mi\u0142o\u015bci\u0105.<\/p>\n<p>Wasz biskup Marek<\/p>\n","protected":false},"excerpt":{"rendered":"<p>Zmartwychwstanie Pa\u0144skie potwierdza, \u017ce Jezus Chrystus jest zwyci\u0119zc\u0105 \u015bmierci, piek\u0142a i szatana.<\/p>\n","protected":false},"author":1,"featured_media":4752,"comment_status":"closed","ping_status":"closed","sticky":false,"template":"","format":"standard","meta":{"footnotes":""},"categories":[19,67,72],"tags":[],"class_list":["post-4751","post","type-post","status-publish","format-standard","has-post-thumbnail","hentry","category-aktualnosci","category-bp-marek-solarczyk","category-wielkanoc"],"featured_image_urls":{"full":["https:\/\/albert.radom.pl\/wp-content\/uploads\/2024\/03\/433442423_934354028137200_9149542718278464113_n.jpg",1366,2048,false],"thumbnail":["https:\/\/albert.radom.pl\/wp-content\/uploads\/2024\/03\/433442423_934354028137200_9149542718278464113_n-150x150.jpg",150,150,true],"medium":["https:\/\/albert.radom.pl\/wp-content\/uploads\/2024\/03\/433442423_934354028137200_9149542718278464113_n-200x300.jpg",200,300,true],"medium_large":["https:\/\/albert.radom.pl\/wp-content\/uploads\/2024\/03\/433442423_934354028137200_9149542718278464113_n-768x1151.jpg",640,959,true],"large":["https:\/\/albert.radom.pl\/wp-content\/uploads\/2024\/03\/433442423_934354028137200_9149542718278464113_n-683x1024.jpg",640,960,true],"1536x1536":["https:\/\/albert.radom.pl\/wp-content\/uploads\/2024\/03\/433442423_934354028137200_9149542718278464113_n-1025x1536.jpg",1025,1536,true],"2048x2048":["https:\/\/albert.radom.pl\/wp-content\/uploads\/2024\/03\/433442423_934354028137200_9149542718278464113_n.jpg",1366,2048,false],"newsever-slider-full":["https:\/\/albert.radom.pl\/wp-content\/uploads\/2024\/03\/433442423_934354028137200_9149542718278464113_n-1280x845.jpg",1280,845,true],"newsever-featured":["https:\/\/albert.radom.pl\/wp-content\/uploads\/2024\/03\/433442423_934354028137200_9149542718278464113_n-1024x1535.jpg",1024,1535,true],"newsever-medium":["https:\/\/albert.radom.pl\/wp-content\/uploads\/2024\/03\/433442423_934354028137200_9149542718278464113_n-720x475.jpg",720,475,true]},"author_info":{"display_name":"xdar","author_link":"https:\/\/albert.radom.pl\/?author=1"},"category_info":"<a href=\"https:\/\/albert.radom.pl\/?cat=19\" rel=\"category\">Aktualno\u015bci<\/a> <a href=\"https:\/\/albert.radom.pl\/?cat=67\" rel=\"category\">Bp Marek Solarczyk<\/a> <a href=\"https:\/\/albert.radom.pl\/?cat=72\" rel=\"category\">Wielkanoc<\/a>","tag_info":"Wielkanoc","comment_count":"0","_links":{"self":[{"href":"https:\/\/albert.radom.pl\/index.php?rest_route=\/wp\/v2\/posts\/4751","targetHints":{"allow":["GET"]}}],"collection":[{"href":"https:\/\/albert.radom.pl\/index.php?rest_route=\/wp\/v2\/posts"}],"about":[{"href":"https:\/\/albert.radom.pl\/index.php?rest_route=\/wp\/v2\/types\/post"}],"author":[{"embeddable":true,"href":"https:\/\/albert.radom.pl\/index.php?rest_route=\/wp\/v2\/users\/1"}],"replies":[{"embeddable":true,"href":"https:\/\/albert.radom.pl\/index.php?rest_route=%2Fwp%2Fv2%2Fcomments&post=4751"}],"version-history":[{"count":1,"href":"https:\/\/albert.radom.pl\/index.php?rest_route=\/wp\/v2\/posts\/4751\/revisions"}],"predecessor-version":[{"id":4753,"href":"https:\/\/albert.radom.pl\/index.php?rest_route=\/wp\/v2\/posts\/4751\/revisions\/4753"}],"wp:featuredmedia":[{"embeddable":true,"href":"https:\/\/albert.radom.pl\/index.php?rest_route=\/wp\/v2\/media\/4752"}],"wp:attachment":[{"href":"https:\/\/albert.radom.pl\/index.php?rest_route=%2Fwp%2Fv2%2Fmedia&parent=4751"}],"wp:term":[{"taxonomy":"category","embeddable":true,"href":"https:\/\/albert.radom.pl\/index.php?rest_route=%2Fwp%2Fv2%2Fcategories&post=4751"},{"taxonomy":"post_tag","embeddable":true,"href":"https:\/\/albert.radom.pl\/index.php?rest_route=%2Fwp%2Fv2%2Ftags&post=4751"}],"curies":[{"name":"wp","href":"https:\/\/api.w.org\/{rel}","templated":true}]}}