{"id":4906,"date":"2024-04-22T12:27:54","date_gmt":"2024-04-22T10:27:54","guid":{"rendered":"https:\/\/albert.radom.pl\/?p=4906"},"modified":"2024-04-29T09:41:45","modified_gmt":"2024-04-29T07:41:45","slug":"tydzien-modlitw-o-powolania-do-sluzby-w-kosciele","status":"publish","type":"post","link":"https:\/\/albert.radom.pl\/?p=4906","title":{"rendered":"Tydzie\u0144 modlitw o powo\u0142ania do s\u0142u\u017cby w Ko\u015bciele"},"content":{"rendered":"<p>Czwarta niedziela wielkanocna \u2013 21 kwietnia 2024 r. \u2013 nazywana Niedziel\u0105 Dobrego Pasterza jest prze\u017cywana w Ko\u015bciele katolickim jako \u015awiatowy Dzie\u0144 Modlitw o Powo\u0142ania. W Ko\u015bciele w Polsce rozpocznie ona Tydzie\u0144 Modlitw o Powo\u0142ania do szczeg\u00f3lnej s\u0142u\u017cby w Ko\u015bciele.<\/p>\n<p><!--more--><\/p>\n<p>Dzie\u0144 Modlitw o Powo\u0142ania, obchodzony co roku w IV Niedziel\u0119 Wielkanocn\u0105, to inicjatywa Paw\u0142a VI, kt\u00f3ry postanowi\u0142, \u017ce jedna z niedziel okresu wielkanocnego b\u0119dzie przeznaczona na modlitw\u0119 o powo\u0142ania do stanu kap\u0142a\u0144skiego i \u017cycia zakonnego. By\u0142a to odpowied\u017a papie\u017ca na utrzymuj\u0105cy si\u0119, a nawet pog\u0142\u0119biaj\u0105cy si\u0119 ju\u017c w\u00f3wczas kryzys w Ko\u015bciele, kt\u00f3rego jednym z najjaskrawszych i najbole\u015bniejszych przejaw\u00f3w by\u0142 spadek powo\u0142a\u0144, i to zar\u00f3wno w\u015br\u00f3d m\u0119\u017cczyzn, jak i kobiet.<\/p>\n<p>Spada\u0142a zreszt\u0105 nie tylko liczba powo\u0142a\u0144, a wi\u0119c kandydat\u00f3w do kap\u0142a\u0144stwa i \u017cycia zakonnego, ale tak\u017ce liczba czynnych ksi\u0119\u017cy, zakonnik\u00f3w i zakonnic ze wzgl\u0119du na liczne w owym czasie wyst\u0105pienia i porzucenia stanu duchownego, jak i liczb\u0119 zmar\u0142ych, kt\u00f3rych nie by\u0142y w stanie zr\u00f3wnowa\u017cy\u0107 ani tym bardziej przewy\u017cszy\u0107 nowe zast\u0119py kap\u0142an\u00f3w i si\u00f3str zakonnych. W tej sytuacji Ojciec \u015awi\u0119ty 23 stycznia 1964 r. zarz\u0105dzi\u0142, \u017ce odt\u0105d w Niedziel\u0119 Dobrego Pasterza, kt\u00f3ra przed posoborow\u0105 reform\u0105 kalendarza liturgicznego przypada\u0142a w II Niedziel\u0119 Wielkanocn\u0105, Ko\u015bci\u00f3\u0142 b\u0119dzie si\u0119 szczeg\u00f3lnie modli\u0142 o nowych \u201erobotnik\u00f3w \u017cniwa\u201d. Po raz pierwszy Dzie\u0144 Modlitw o Powo\u0142ania odby\u0142 si\u0119 12 kwietnia 1964 r.<\/p>\n<p>Zapraszam wszystkich do wielkiej modlitwy o powo\u0142ania, w tym szczeg\u00f3lnie o powo\u0142ania kap\u0142a\u0144skie, do \u017cycia konsekrowanego i misyjnego. Niech ten tydzie\u0144 modlitw, kt\u00f3ry rozpoczynamy w Niedziel\u0119 Dobrego Pasterza, b\u0119dzie jedynie zaproszeniem do modlitwy przez ca\u0142y rok, zw\u0142aszcza ten, kt\u00f3ry jest czasem modlitwy przed Jubileuszem Roku \u015awi\u0119tego \u2013 napisa\u0142 bp Andrzej Przybylski, delegat Konferencji Episkopatu Polski ds. Powo\u0142a\u0144, w S\u0142owie na 61. \u015awiatowy Dzie\u0144 Modlitw o Powo\u0142ania.<\/p>\n<p>\u015aw. Jan Maria Vianney (patron kap\u0142an\u00f3w) zostawia\u0142 nam tak\u0105 oto pi\u0119kn\u0105 my\u015bl, kt\u00f3ra powinna mobilizowa\u0107 nas do tego, by modli\u0107 si\u0119 o powo\u0142ania kap\u0142a\u0144skie: \u201eGdyby zniesiono sakrament \u015bwi\u0119ce\u0144, nie mieliby\u015bmy Pana. Kt\u00f3\u017c Go z\u0142o\u017cy\u0142 tam, w tabernakulum? Kap\u0142an. Kto przyj\u0105\u0142 wasz\u0105 dusz\u0119, gdy po raz pierwszy wkroczy\u0142a w \u017cycie? Kap\u0142an. Kto j\u0105 karmi, by da\u0107 si\u0142\u0119 na wype\u0142nienie jej pielgrzymki? Kap\u0142an. Kt\u00f3\u017c j\u0105 przygotuje, by pojawi\u0142a si\u0119 przed Bogiem, obmywaj\u0105c j\u0105 po raz ostatni we Krwi Jezusa Chrystusa? Kap\u0142an, zawsze kap\u0142an. A je\u015bli ta dusza umiera ze wzgl\u0119du na grzech, kto j\u0105 wskrzesi, kto da jej cisz\u0119 i pok\u00f3j? Znowu kap\u0142an\u2026 Po Bogu kap\u0142an jest wszystkim!\u2026 On sam pojmie si\u0119 w pe\u0142ni dopiero w niebie.\u201d<\/p>\n<p><strong>Z okazji 61. \u015awiatowego Dnia Modlitw o Powo\u0142ania \u2013 2024 r. opublikowane zosta\u0142o Or\u0119dzie Ojca \u015awi\u0119tego Franciszka zatytu\u0142owane: <em>Powo\u0142ani, by sia\u0107 nadziej\u0119 i budowa\u0107 pok\u00f3j<\/em><\/strong><\/p>\n<p style=\"text-align: center;\"><span style=\"color: #ff0000;\"><strong>OR\u0118DZIE OJCA \u015aWI\u0118TEGO FRANCISZKA NA 61. \u015aWIATOWY DZIE\u0143 MODLITW O POWO\u0141ANIA<\/strong><\/span><\/p>\n<p style=\"text-align: center;\"><span style=\"color: #ff0000;\"><strong>Powo\u0142ani, by sia\u0107 nadziej\u0119 i budowa\u0107 pok\u00f3j<\/strong><\/span><\/p>\n<p>&nbsp;<\/p>\n<p>Drodzy Bracia i Siostry!<\/p>\n<p>Ka\u017cdego roku \u015awiatowy Dzie\u0144 Modlitw o Powo\u0142ania zach\u0119ca nas do rozwa\u017cenia cennego daru powo\u0142ania, jakie Pan kieruje do ka\u017cdego z nas, swojego wiernego ludu w drodze, aby\u015bmy mogli uczestniczy\u0107 w Jego planie mi\u0142o\u015bci i uciele\u015bnia\u0107 pi\u0119kno Ewangelii w r\u00f3\u017cnych stanach \u017cycia. S\u0142uchanie Bo\u017cego powo\u0142ania, kt\u00f3re nie jest zewn\u0119trznie narzuconym obowi\u0105zkiem, np. w imi\u0119 religijnego idea\u0142u, jest natomiast najpewniejszym sposobem, w jaki mo\u017cemy umacnia\u0107 pragnienie szcz\u0119\u015bcia, kt\u00f3re w sobie nosimy: nasze \u017cycie urzeczywistnia si\u0119 i spe\u0142nia, gdy odkrywamy kim jeste\u015bmy, jakie s\u0105 nasze cechy, w jakiej dziedzinie mo\u017cemy je dobrze wykorzysta\u0107, jak\u0105 drog\u0119 mo\u017cemy obra\u0107, aby sta\u0107 si\u0119 znakiem i narz\u0119dziem mi\u0142o\u015bci, akceptacji, pi\u0119kna i pokoju w sytuacjach, w kt\u00f3rych \u017cyjemy.<\/p>\n<p>Zatem, ten Dzie\u0144 jest zawsze pi\u0119kn\u0105 okazj\u0105, aby z wdzi\u0119czno\u015bci\u0105 wspomina\u0107 przed Panem wiern\u0105, codzienn\u0105 i cz\u0119sto ukryt\u0105 prac\u0119 tych, kt\u00f3rzy przyj\u0119li powo\u0142anie anga\u017cuj\u0105ce ca\u0142e ich \u017cycie. My\u015bl\u0119 o matkach i ojcach, kt\u00f3rzy nie troszcz\u0105 si\u0119 przede wszystkim o siebie i nie pod\u0105\u017caj\u0105 za nurtem powierzchownego stylu, ale podporz\u0105dkowuj\u0105 swoje \u017cycie trosce o relacje, z mi\u0142o\u015bci\u0105 i bezinteresowno\u015bci\u0105 otwieraj\u0105c si\u0119 na dar \u017cycia i po\u015bwi\u0119caj\u0105c si\u0119 s\u0142u\u017cbie na rzecz swoich dzieci oraz ich wzrastania. My\u015bl\u0119 o tych, kt\u00f3rzy wykonuj\u0105 swoj\u0105 prac\u0119 z po\u015bwi\u0119ceniem i duchem wsp\u00f3\u0142pracy; o tych, kt\u00f3rzy na r\u00f3\u017cnych polach i na r\u00f3\u017cne sposoby anga\u017cuj\u0105 si\u0119 w budowanie bardziej sprawiedliwego \u015bwiata, bardziej solidarnej gospodarki, bardziej sprawiedliwej polityki, bardziej ludzkiego spo\u0142ecze\u0144stwa: o wszystkich ludziach dobrej woli, kt\u00f3rzy po\u015bwi\u0119caj\u0105 si\u0119 dobru wsp\u00f3lnemu. My\u015bl\u0119 o osobach konsekrowanych, kt\u00f3re ofiarowuj\u0105 swoje \u017cycie Panu w ciszy modlitwy, a tak\u017ce w dzia\u0142aniu apostolskim, czasami na obszarach granicznych, i nie szcz\u0119dz\u0105c si\u0142, tw\u00f3rczo realizuj\u0105c sw\u00f3j charyzmat i po\u015bwi\u0119caj\u0105c je spotykanym ludziom. My\u015bl\u0119 te\u017c o tych, kt\u00f3rzy przyj\u0119li powo\u0142anie do sakramentalnego kap\u0142a\u0144stwa i po\u015bwi\u0119caj\u0105 si\u0119 g\u0142oszeniu Ewangelii oraz dziel\u0105 swoje \u017cycie, wraz z Chlebem eucharystycznym, na rzecz braci i si\u00f3str, siej\u0105c nadziej\u0119 i ukazuj\u0105c wszystkim pi\u0119kno Kr\u00f3lestwa Bo\u017cego.<\/p>\n<p>Ludziom m\u0142odym, zw\u0142aszcza tym, kt\u00f3rzy czuj\u0105 si\u0119 oddaleni lub nie ufaj\u0105 Ko\u015bcio\u0142owi, chcia\u0142bym powiedzie\u0107: dajcie si\u0119 zafascynowa\u0107 Jezusowi, kierujcie do Niego wasze wa\u017cne pytania poprzez karty Ewangelii, pozw\u00f3lcie si\u0119 zaniepokoi\u0107 Jego obecno\u015bci\u0105, kt\u00f3ra zawsze wprowadza nas w zbawienny w kryzys. On szanuje nasz\u0105 wolno\u015b\u0107 bardziej ni\u017c ktokolwiek inny, nie narzuca si\u0119, lecz proponuje siebie: pozostawcie Mu przestrze\u0144, a odnajdziecie swoje szcz\u0119\u015bcie w p\u00f3j\u015bciu za Nim a, je\u015bli tego od was za\u017c\u0105da, w ca\u0142kowitym oddaniu si\u0119 Jemu.<\/p>\n<p><strong>Lud w drodze<\/strong><\/p>\n<p>Polifonia charyzmat\u00f3w i powo\u0142a\u0144, kt\u00f3re Wsp\u00f3lnota chrze\u015bcija\u0144ska rozpoznaje i kt\u00f3rym towarzyszy, pomaga nam w pe\u0142ni zrozumie\u0107 nasz\u0105 to\u017csamo\u015b\u0107 jako chrze\u015bcijan: jako Lud Bo\u017cy krocz\u0105cy ulicami \u015bwiata, o\u017cywiany przez Ducha \u015awi\u0119tego i w\u0142\u0105czony jak \u017cywe kamienie w Cia\u0142o Chrystusa, ka\u017cdy z nas odkrywa, \u017ce jeste\u015bmy cz\u0142onkami wielkiej rodziny, dzie\u0107mi Ojca oraz bra\u0107mi i siostrami naszych bli\u017anich. Nie jeste\u015bmy wyspami zamkni\u0119tymi w sobie, ale cz\u0119\u015bci\u0105 ca\u0142o\u015bci. St\u0105d \u015awiatowy Dzie\u0144 Modlitw o Powo\u0142ania nosi odci\u015bni\u0119t\u0105 piecz\u0119\u0107 synodalno\u015bci: istnieje wiele charyzmat\u00f3w, a my jeste\u015bmy wezwani do s\u0142uchania siebie nawzajem i do pod\u0105\u017cania razem, aby je odkrywa\u0107 i rozeznawa\u0107, do czego wzywa nas Duch dla dobra wszystkich.<\/p>\n<p>Ponadto, w obecnym momencie dziejowym wsp\u00f3lna droga prowadzi nas do Roku Jubileuszowego 2025. Id\u017amy jako pielgrzymi nadziei w kierunku Roku \u015awi\u0119tego, aby\u015bmy odkrywaj\u0105c na nowo swoje powo\u0142anie i odnosz\u0105c si\u0119 do r\u00f3\u017cnych dar\u00f3w Ducha, byli w \u015bwiecie nosicielami i \u015bwiadkami marzenia Jezusa: tworzy\u0107 jedn\u0105 rodzin\u0119, zjednoczon\u0105 w mi\u0142o\u015bci Boga i z\u0142\u0105czon\u0105 wi\u0119zi\u0105 mi\u0142o\u015bci, dzielenia si\u0119 i braterstwa.<\/p>\n<p>Dzie\u0144 ten po\u015bwi\u0119cony jest w szczeg\u00f3lno\u015bci modlitwie, aby wyprosi\u0107 u Ojca dar \u015bwi\u0119tych powo\u0142a\u0144 do budowania Jego Kr\u00f3lestwa: \u201epro\u015bcie wi\u0119c Pana \u017cniwa, \u017ceby wyprawi\u0142 robotnik\u00f3w na swoje \u017cniwo!\u201d (\u0141k 10, 2). A modlitwa \u2013 jak wiemy \u2013 bardziej polega na s\u0142uchaniu, ni\u017c na s\u0142owach kierowanych do Boga. Pan przemawia do naszego serca i chce je zasta\u0107 otwartym, szczerym i hojnym. Jego S\u0142owo sta\u0142o si\u0119 cia\u0142em w Jezusie Chrystusie, kt\u00f3ry objawia i przekazuje nam ca\u0142\u0105 wol\u0119 Ojca. W tym roku 2024, po\u015bwi\u0119conym w\u0142a\u015bnie modlitwie w ramach przygotowa\u0144 do Jubileuszu, jeste\u015bmy wezwani do ponownego odkrycia bezcennego daru mo\u017cliwo\u015bci dialogu z Panem, z serca do serca, staj\u0105c si\u0119 w ten spos\u00f3b pielgrzymami nadziei, poniewa\u017c \u201emodlitwa jest pierwsz\u0105 si\u0142\u0105 nadziei. Modlisz si\u0119, i nadzieja ro\u015bnie, rozwija si\u0119. Powiedzia\u0142bym, \u017ce modlitwa otwiera drzwi nadziei. Nadzieja jest, ale moj\u0105 modlitw\u0105 otwieram jej drzwi\u201d (Katecheza, 20 maja 2020 r.; L\u2019Osservatore Romano, wyd. polskie, n. 6 (423)\/2020, s. 13).<\/p>\n<p><strong>Pielgrzymi nadziei i budowniczowie pokoju<\/strong><\/p>\n<p>Ale co to znaczy by\u0107 pielgrzymem? Ten, kto podejmuje pielgrzymk\u0119, stara si\u0119 przede wszystkim mie\u0107 jasny cel i zawsze nosi go w swoim sercu i umy\u015ble. Jednocze\u015bnie jednak, aby osi\u0105gn\u0105\u0107 \u00f3w cel, trzeba skoncentrowa\u0107 si\u0119 na kroku obecnym, aby stawi\u0107 mu czo\u0142a, trzeba by\u0107 lekkim, pozby\u0107 si\u0119 niepotrzebnych ci\u0119\u017car\u00f3w, nosi\u0107 to, co niezb\u0119dne i zmaga\u0107 si\u0119 ka\u017cdego dnia, aby zm\u0119czenie, strach, niepewno\u015b\u0107 i mroki nie zagradza\u0142y obranej drogi. Bycie pielgrzymem oznacza wi\u0119c wyruszanie na nowo ka\u017cdego dnia, rozpoczynanie zawsze od nowa, odnajdywanie entuzjazmu i si\u0142y do pokonywania kolejnych etap\u00f3w drogi, kt\u00f3re pomimo znu\u017cenia i trudno\u015bci zawsze otwieraj\u0105 przed nami nowe horyzonty i nieznane widoki.<\/p>\n<p>Znaczenie chrze\u015bcija\u0144skiej pielgrzymki jest w\u0142a\u015bnie takie: wyruszamy w drog\u0119, aby odkry\u0107 mi\u0142o\u015b\u0107 Boga, a jednocze\u015bnie odkry\u0107 siebie, poprzez podr\u00f3\u017c wewn\u0119trzn\u0105, ale zawsze pobudzan\u0105 wielo\u015bci\u0105 relacji. Jeste\u015bmy zatem pielgrzymami, poniewa\u017c jeste\u015bmy powo\u0142ani: powo\u0142ani, by kocha\u0107 Boga i kocha\u0107 siebie nawzajem. W ten spos\u00f3b nasze pielgrzymowanie po tej ziemi nigdy nie ko\u0144czy si\u0119 daremnym zm\u0119czeniem lub bezcelowym w\u0119drowaniem. Wr\u0119cz przeciwnie, ka\u017cdego dnia, odpowiadaj\u0105c na nasze powo\u0142anie, staramy si\u0119 podejmowa\u0107 mo\u017cliwe kroki w kierunku nowego \u015bwiata, w kt\u00f3rym b\u0119dziemy \u017cy\u0107 w pokoju, sprawiedliwo\u015bci i mi\u0142o\u015bci. Jeste\u015bmy pielgrzymami nadziei, poniewa\u017c zmierzamy ku lepszej przysz\u0142o\u015bci i staramy si\u0119 j\u0105 budowa\u0107 przemierzaj\u0105c drog\u0119.<\/p>\n<p>Taki jest ostatecznie cel ka\u017cdego powo\u0142ania: stawa\u0107 si\u0119 m\u0119\u017cczyznami i kobietami nadziei. Jako jednostki i wsp\u00f3lnoty, w r\u00f3\u017cnorodno\u015bci charyzmat\u00f3w i pos\u0142ug, wszyscy jeste\u015bmy wezwani do \u201enadawania cia\u0142a i serca\u201d nadziei Ewangelii w \u015bwiecie naznaczonym epokowymi wyzwaniami: gro\u017anym rozszerzaniem si\u0119 trzeciej wojny \u015bwiatowej w kawa\u0142kach; t\u0142umami migrant\u00f3w uciekaj\u0105cych ze swoich kraj\u00f3w w poszukiwaniu lepszej przysz\u0142o\u015bci; ci\u0105g\u0142ym wzrostem liczby ubogich; niebezpiecze\u0144stwem nieodwracalnego zagro\u017cenia zdrowia naszej planety. Do tego wszystkiego nale\u017cy doda\u0107 trudno\u015bci, kt\u00f3re napotykamy na co dzie\u0144, i kt\u00f3re niekiedy gro\u017c\u0105 nam popadni\u0119ciem w rezygnacj\u0119 lub defetyzm.<\/p>\n<p>Zatem, w tych naszych czasach, decyduj\u0105ce znaczenie dla nas, chrze\u015bcijan, ma piel\u0119gnowanie patrzenia pe\u0142nego nadziei, aby\u015bmy mogli owocnie pracowa\u0107, odpowiadaj\u0105c na powierzone nam powo\u0142anie, w s\u0142u\u017cbie Kr\u00f3lestwa Bo\u017cego, Kr\u00f3lestwa mi\u0142o\u015bci, sprawiedliwo\u015bci i pokoju. Ta nadzieja \u2013 zapewnia nas \u015bw. Pawe\u0142 \u2013 \u201ezawie\u015b\u0107 nie mo\u017ce\u201d (Rz 5, 5), poniewa\u017c jest obietnic\u0105, kt\u00f3r\u0105 Pan Jezus nam uczyni\u0142, \u017ce pozostanie z nami na zawsze i zaanga\u017cuje nas w dzie\u0142o odkupienia, kt\u00f3rego chce dokona\u0107 w sercu ka\u017cdego cz\u0142owieka i w \u201esercu\u201d stworzenia. Ta nadzieja znajduje sw\u00f3j o\u015brodek pobudzaj\u0105cy w zmartwychwstaniu Chrystusa, kt\u00f3re \u201ezawiera \u017cywotn\u0105 si\u0142\u0119, kt\u00f3ra przenikn\u0119\u0142a \u015bwiat. Tam, gdzie wszystko wydaje si\u0119 martwe, ze wszystkich stron pojawiaj\u0105 si\u0119 ponownie kie\u0142ki zmartwychwstania. Jest to si\u0142a niemaj\u0105ca sobie r\u00f3wnych. To prawda, i\u017c wiele razy wydaje si\u0119, \u017ce B\u00f3g nie istnieje: widzimy niesprawiedliwo\u015b\u0107, z\u0142o\u015b\u0107, oboj\u0119tno\u015b\u0107 i okrucie\u0144stwo, kt\u00f3re nie ust\u0119puj\u0105. Jednak jest tak samo pewne, \u017ce po\u015br\u00f3d ciemno\u015bci zaczyna zawsze wyrasta\u0107 co\u015b nowego, co wcze\u015bniej czy p\u00f3\u017aniej przynosi owoc\u201d (Adhort. apost. Evangelii gaudium, 276). Aposto\u0142 Pawe\u0142 ponownie stwierdza, \u017ce \u201ew nadziei ju\u017c jeste\u015bmy zbawieni\u201d (Rz 8, 24). Odkupienie dokonane w wydarzeniu paschalnym daje nadziej\u0119, pewn\u0105, niezawodn\u0105 nadziej\u0119, z kt\u00f3r\u0105 mo\u017cemy stawi\u0107 czo\u0142a wyzwaniom tera\u017aniejszo\u015bci.<\/p>\n<p>Bycie pielgrzymami nadziei i budowniczymi pokoju oznacza zatem budowanie swojego \u017cycia na skale zmartwychwstania Chrystusa, wiedz\u0105c, \u017ce ka\u017cde nasze przedsi\u0119wzi\u0119cie, w powo\u0142aniu, kt\u00f3re przyj\u0119li\u015bmy i realizujemy, nie pada w pr\u00f3\u017cni\u0119. Pomimo pora\u017cek i niepowodze\u0144, dobro, kt\u00f3re siejemy, ro\u015bnie w ciszy i nic nie mo\u017ce nas oddzieli\u0107 od ostatecznego celu: spotkania z Chrystusem i rado\u015bci \u017cycia w braterstwie ze sob\u0105 na wieczno\u015b\u0107. To ostateczne powo\u0142anie musimy antycypowa\u0107 ka\u017cdego dnia: relacja mi\u0142o\u015bci z Bogiem i z naszymi bra\u0107mi i siostrami zaczyna si\u0119 ju\u017c teraz, aby urzeczywistni\u0107 marzenie Boga, marzenie o jedno\u015bci, pokoju i braterstwie. Niech nikt nie czuje si\u0119 wykluczony z tego powo\u0142ania! Ka\u017cdy z nas, z naszymi ograniczonymi zdolno\u015bciami, w swoim stanie \u017cycia mo\u017ce by\u0107, z pomoc\u0105 Ducha \u015awi\u0119tego, siewc\u0105 nadziei i pokoju.<\/p>\n<p><strong>Odwaga, by da\u0107 co\u015b z siebie<\/strong><\/p>\n<p>W zwi\u0105zku z tym wszystkim m\u00f3wi\u0119 raz jeszcze, tak jak podczas \u015awiatowych Dni M\u0142odzie\u017cy w Lizbonie: \u201eRise up! \u2013 Powsta\u0144cie!\u201d. Obud\u017amy si\u0119 ze snu, wyjd\u017amy z oboj\u0119tno\u015bci, otw\u00f3rzmy kraty wi\u0119zienia, w kt\u00f3rym czasami si\u0119 zamykali\u015bmy, aby ka\u017cdy z nas m\u00f3g\u0142 odkry\u0107 swoje powo\u0142anie w Ko\u015bciele i w \u015bwiecie, i sta\u0107 si\u0119 pielgrzymem nadziei i budowniczym pokoju! B\u0105d\u017amy pasjonatami \u017cycia i zaanga\u017cujmy si\u0119 w pe\u0142n\u0105 mi\u0142o\u015bci trosk\u0119 o tych, kt\u00f3rzy nas otaczaj\u0105 i o \u015brodowisko, w kt\u00f3rym \u017cyjemy. Powtarzam: miejmy odwag\u0119 zaanga\u017cowa\u0107 si\u0119! Ksi\u0105dz Orest Benzi, niestrudzony aposto\u0142 mi\u0142osierdzia, staj\u0105cy zawsze po stronie najmniejszych i bezbronnych, zwyk\u0142 powtarza\u0107, \u017ce nikt nie jest tak biedny, by nie mia\u0142 czego\u015b do dania, i nikt nie jest tak bogaty, by nie potrzebowa\u0142 czego\u015b otrzyma\u0107.<\/p>\n<p>Powsta\u0144my zatem i wyruszmy jako pielgrzymi nadziei, aby\u015bmy, podobnie jak Maryja ze \u015bwi\u0119t\u0105 El\u017cbiet\u0105, mogli nie\u015b\u0107 or\u0119dzie rado\u015bci, rodzi\u0107 nowe \u017cycie i by\u0107 budowniczymi braterstwa i pokoju.<\/p>\n<p style=\"text-align: right;\"><em>Rzym, u \u015awi\u0119tego Jana na Lateranie, 21 kwietnia 2024 r., w IV Niedziel\u0105 Wielkanocn\u0105.<\/em><\/p>\n<p style=\"text-align: right;\"><em>FRANCISZEK<\/em><\/p>\n<p style=\"text-align: center;\"><img loading=\"lazy\" decoding=\"async\" class=\"aligncenter size-full wp-image-4908\" src=\"https:\/\/albert.radom.pl\/wp-content\/uploads\/2024\/04\/NDPast2024.jpg\" alt=\"\" width=\"726\" height=\"1019\" srcset=\"https:\/\/albert.radom.pl\/wp-content\/uploads\/2024\/04\/NDPast2024.jpg 726w, https:\/\/albert.radom.pl\/wp-content\/uploads\/2024\/04\/NDPast2024-214x300.jpg 214w\" sizes=\"auto, (max-width: 726px) 100vw, 726px\" \/><\/p>\n<p>&nbsp;<\/p>\n","protected":false},"excerpt":{"rendered":"<p>Czwarta niedziela wielkanocna \u2013 21 kwietnia 2024 r. \u2013 nazywana Niedziel\u0105 Dobrego Pasterza jest prze\u017cywana&#8230;<\/p>\n","protected":false},"author":1,"featured_media":4907,"comment_status":"closed","ping_status":"closed","sticky":false,"template":"","format":"standard","meta":{"footnotes":""},"categories":[19,61,59],"tags":[],"class_list":["post-4906","post","type-post","status-publish","format-standard","has-post-thumbnail","hentry","category-aktualnosci","category-czytelnia","category-zycie-kosciola"],"featured_image_urls":{"full":["https:\/\/albert.radom.pl\/wp-content\/uploads\/2024\/04\/NDPast2024-banner.jpg",687,489,false],"thumbnail":["https:\/\/albert.radom.pl\/wp-content\/uploads\/2024\/04\/NDPast2024-banner-150x150.jpg",150,150,true],"medium":["https:\/\/albert.radom.pl\/wp-content\/uploads\/2024\/04\/NDPast2024-banner-300x214.jpg",300,214,true],"medium_large":["https:\/\/albert.radom.pl\/wp-content\/uploads\/2024\/04\/NDPast2024-banner.jpg",640,456,false],"large":["https:\/\/albert.radom.pl\/wp-content\/uploads\/2024\/04\/NDPast2024-banner.jpg",640,456,false],"1536x1536":["https:\/\/albert.radom.pl\/wp-content\/uploads\/2024\/04\/NDPast2024-banner.jpg",687,489,false],"2048x2048":["https:\/\/albert.radom.pl\/wp-content\/uploads\/2024\/04\/NDPast2024-banner.jpg",687,489,false],"newsever-slider-full":["https:\/\/albert.radom.pl\/wp-content\/uploads\/2024\/04\/NDPast2024-banner.jpg",687,489,false],"newsever-featured":["https:\/\/albert.radom.pl\/wp-content\/uploads\/2024\/04\/NDPast2024-banner.jpg",687,489,false],"newsever-medium":["https:\/\/albert.radom.pl\/wp-content\/uploads\/2024\/04\/NDPast2024-banner-687x475.jpg",687,475,true]},"author_info":{"display_name":"xdar","author_link":"https:\/\/albert.radom.pl\/?author=1"},"category_info":"<a href=\"https:\/\/albert.radom.pl\/?cat=19\" rel=\"category\">Aktualno\u015bci<\/a> <a href=\"https:\/\/albert.radom.pl\/?cat=61\" rel=\"category\">Czytelnia<\/a> <a href=\"https:\/\/albert.radom.pl\/?cat=59\" rel=\"category\">\u017bycie Ko\u015bcio\u0142a<\/a>","tag_info":"\u017bycie Ko\u015bcio\u0142a","comment_count":"0","_links":{"self":[{"href":"https:\/\/albert.radom.pl\/index.php?rest_route=\/wp\/v2\/posts\/4906","targetHints":{"allow":["GET"]}}],"collection":[{"href":"https:\/\/albert.radom.pl\/index.php?rest_route=\/wp\/v2\/posts"}],"about":[{"href":"https:\/\/albert.radom.pl\/index.php?rest_route=\/wp\/v2\/types\/post"}],"author":[{"embeddable":true,"href":"https:\/\/albert.radom.pl\/index.php?rest_route=\/wp\/v2\/users\/1"}],"replies":[{"embeddable":true,"href":"https:\/\/albert.radom.pl\/index.php?rest_route=%2Fwp%2Fv2%2Fcomments&post=4906"}],"version-history":[{"count":1,"href":"https:\/\/albert.radom.pl\/index.php?rest_route=\/wp\/v2\/posts\/4906\/revisions"}],"predecessor-version":[{"id":4909,"href":"https:\/\/albert.radom.pl\/index.php?rest_route=\/wp\/v2\/posts\/4906\/revisions\/4909"}],"wp:featuredmedia":[{"embeddable":true,"href":"https:\/\/albert.radom.pl\/index.php?rest_route=\/wp\/v2\/media\/4907"}],"wp:attachment":[{"href":"https:\/\/albert.radom.pl\/index.php?rest_route=%2Fwp%2Fv2%2Fmedia&parent=4906"}],"wp:term":[{"taxonomy":"category","embeddable":true,"href":"https:\/\/albert.radom.pl\/index.php?rest_route=%2Fwp%2Fv2%2Fcategories&post=4906"},{"taxonomy":"post_tag","embeddable":true,"href":"https:\/\/albert.radom.pl\/index.php?rest_route=%2Fwp%2Fv2%2Ftags&post=4906"}],"curies":[{"name":"wp","href":"https:\/\/api.w.org\/{rel}","templated":true}]}}