{"id":5032,"date":"2024-04-28T20:55:55","date_gmt":"2024-04-28T18:55:55","guid":{"rendered":"https:\/\/albert.radom.pl\/?p=5032"},"modified":"2024-04-28T20:56:55","modified_gmt":"2024-04-28T18:56:55","slug":"ranczo-wilkowyje","status":"publish","type":"post","link":"https:\/\/albert.radom.pl\/?p=5032","title":{"rendered":"Ranczo Wilkowyje"},"content":{"rendered":"<p>Wycieczka dzieci i m\u0142odzie\u017cy do Jeruzala (Wilkowyje) i Lublina.<!--more--><\/p>\n<p>W planie naszej wycieczki znalaz\u0142a si\u0119 najpierw miejscowo\u015b\u0107 w kt\u00f3rej nagrywany by\u0142 serial &#8222;Ranczo&#8221;. Mieli\u015bmy okazj\u0119 zobaczy\u0107 ko\u015bci\u00f3\u0142 parafialny \u015bw. Wojciecha, sklep u Krystyny Wi\u0119c\u0142awskiej. M\u0142odzi mieli okazj\u0119 siedzie\u0107 na s\u0142ynnej \u0142aweczce przed wiejskim sklepem.<\/p>\n<p>Nast\u0119pnie udali\u015bmy si\u0119 do Lublina, gdzie zwiedzali\u015bmy Archikatedr\u0119 Lubelsk\u0105, wraz ze s\u0142ynn\u0105 zakrysti\u0105 akustyczn\u0105. Tam pomodlili\u015bmy si\u0119 przed \u0142askami s\u0142yn\u0105cym obrazem MB Cz\u0119stochowskiej, kt\u00f3ry zap\u0142aka\u0142 w latach 50. XX w. Kolejnym punktem programu by\u0142o zwiedzanie star\u00f3wki Lubelskiej.<\/p>\n<p>Ostatni, najpowa\u017cniejszy akcent naszej wycieczki pad\u0142 na niemiecki ob\u00f3z koncentracyjny KL Lublin &#8211; Majdanek.<\/p>\n<p>Pe\u0142ni szcz\u0119\u015bcia cho\u0107 zm\u0119czeni wracamy do domu.<\/p>\n<div id='gallery-1' class='gallery galleryid-5032 gallery-columns-4 gallery-size-thumbnail'><figure class='gallery-item'>\n\t\t\t<div class='gallery-icon landscape'>\n\t\t\t\t<a href='https:\/\/albert.radom.pl\/wp-content\/uploads\/2024\/04\/438799420_741235098181026_1815507126840580995_n.jpg'><img loading=\"lazy\" decoding=\"async\" width=\"150\" height=\"150\" src=\"https:\/\/albert.radom.pl\/wp-content\/uploads\/2024\/04\/438799420_741235098181026_1815507126840580995_n-150x150.jpg\" class=\"attachment-thumbnail size-thumbnail\" alt=\"\" \/><\/a>\n\t\t\t<\/div><\/figure><figure class='gallery-item'>\n\t\t\t<div class='gallery-icon landscape'>\n\t\t\t\t<a href='https:\/\/albert.radom.pl\/wp-content\/uploads\/2024\/04\/438802514_741234658181070_6692488680175320767_n.jpg'><img loading=\"lazy\" decoding=\"async\" width=\"150\" height=\"150\" src=\"https:\/\/albert.radom.pl\/wp-content\/uploads\/2024\/04\/438802514_741234658181070_6692488680175320767_n-150x150.jpg\" class=\"attachment-thumbnail size-thumbnail\" alt=\"\" \/><\/a>\n\t\t\t<\/div><\/figure><figure class='gallery-item'>\n\t\t\t<div class='gallery-icon landscape'>\n\t\t\t\t<a href='https:\/\/albert.radom.pl\/wp-content\/uploads\/2024\/04\/438808596_741233878181148_3118936154991875787_n.jpg'><img loading=\"lazy\" decoding=\"async\" width=\"150\" height=\"150\" src=\"https:\/\/albert.radom.pl\/wp-content\/uploads\/2024\/04\/438808596_741233878181148_3118936154991875787_n-150x150.jpg\" class=\"attachment-thumbnail size-thumbnail\" alt=\"\" \/><\/a>\n\t\t\t<\/div><\/figure><figure class='gallery-item'>\n\t\t\t<div class='gallery-icon portrait'>\n\t\t\t\t<a href='https:\/\/albert.radom.pl\/wp-content\/uploads\/2024\/04\/438828728_741251904846012_8420262790836756840_n.jpg'><img loading=\"lazy\" decoding=\"async\" width=\"150\" height=\"150\" src=\"https:\/\/albert.radom.pl\/wp-content\/uploads\/2024\/04\/438828728_741251904846012_8420262790836756840_n-150x150.jpg\" class=\"attachment-thumbnail size-thumbnail\" alt=\"\" \/><\/a>\n\t\t\t<\/div><\/figure><figure class='gallery-item'>\n\t\t\t<div class='gallery-icon portrait'>\n\t\t\t\t<a href='https:\/\/albert.radom.pl\/wp-content\/uploads\/2024\/04\/438829317_741236844847518_5424191841384389262_n.jpg'><img loading=\"lazy\" decoding=\"async\" width=\"150\" height=\"150\" src=\"https:\/\/albert.radom.pl\/wp-content\/uploads\/2024\/04\/438829317_741236844847518_5424191841384389262_n-150x150.jpg\" class=\"attachment-thumbnail size-thumbnail\" alt=\"\" \/><\/a>\n\t\t\t<\/div><\/figure><figure class='gallery-item'>\n\t\t\t<div class='gallery-icon landscape'>\n\t\t\t\t<a href='https:\/\/albert.radom.pl\/wp-content\/uploads\/2024\/04\/440576773_741235281514341_4878255881610158149_n.jpg'><img loading=\"lazy\" decoding=\"async\" width=\"150\" height=\"150\" src=\"https:\/\/albert.radom.pl\/wp-content\/uploads\/2024\/04\/440576773_741235281514341_4878255881610158149_n-150x150.jpg\" class=\"attachment-thumbnail size-thumbnail\" alt=\"\" \/><\/a>\n\t\t\t<\/div><\/figure><figure class='gallery-item'>\n\t\t\t<div class='gallery-icon landscape'>\n\t\t\t\t<a href='https:\/\/albert.radom.pl\/wp-content\/uploads\/2024\/04\/440751763_741234878181048_8286303313309781222_n.jpg'><img loading=\"lazy\" decoding=\"async\" width=\"150\" height=\"150\" src=\"https:\/\/albert.radom.pl\/wp-content\/uploads\/2024\/04\/440751763_741234878181048_8286303313309781222_n-150x150.jpg\" class=\"attachment-thumbnail size-thumbnail\" alt=\"\" \/><\/a>\n\t\t\t<\/div><\/figure>\n\t\t<\/div>\n\n<p style=\"text-align: right;\">Foto: P. PAwelczyk<\/p>\n","protected":false},"excerpt":{"rendered":"<p>Wycieczka dzieci i m\u0142odzie\u017cy do Jeruzala (Wilkowyje) i Lublina.<\/p>\n","protected":false},"author":1,"featured_media":5038,"comment_status":"closed","ping_status":"closed","sticky":false,"template":"","format":"standard","meta":{"footnotes":""},"categories":[19],"tags":[],"class_list":["post-5032","post","type-post","status-publish","format-standard","has-post-thumbnail","hentry","category-aktualnosci"],"featured_image_urls":{"full":["https:\/\/albert.radom.pl\/wp-content\/uploads\/2024\/04\/440576773_741235281514341_4878255881610158149_n.jpg",2048,1536,false],"thumbnail":["https:\/\/albert.radom.pl\/wp-content\/uploads\/2024\/04\/440576773_741235281514341_4878255881610158149_n-150x150.jpg",150,150,true],"medium":["https:\/\/albert.radom.pl\/wp-content\/uploads\/2024\/04\/440576773_741235281514341_4878255881610158149_n-300x225.jpg",300,225,true],"medium_large":["https:\/\/albert.radom.pl\/wp-content\/uploads\/2024\/04\/440576773_741235281514341_4878255881610158149_n-768x576.jpg",640,480,true],"large":["https:\/\/albert.radom.pl\/wp-content\/uploads\/2024\/04\/440576773_741235281514341_4878255881610158149_n-1024x768.jpg",640,480,true],"1536x1536":["https:\/\/albert.radom.pl\/wp-content\/uploads\/2024\/04\/440576773_741235281514341_4878255881610158149_n-1536x1152.jpg",1536,1152,true],"2048x2048":["https:\/\/albert.radom.pl\/wp-content\/uploads\/2024\/04\/440576773_741235281514341_4878255881610158149_n.jpg",2048,1536,false],"newsever-slider-full":["https:\/\/albert.radom.pl\/wp-content\/uploads\/2024\/04\/440576773_741235281514341_4878255881610158149_n-1280x845.jpg",1280,845,true],"newsever-featured":["https:\/\/albert.radom.pl\/wp-content\/uploads\/2024\/04\/440576773_741235281514341_4878255881610158149_n-1024x768.jpg",1024,768,true],"newsever-medium":["https:\/\/albert.radom.pl\/wp-content\/uploads\/2024\/04\/440576773_741235281514341_4878255881610158149_n-720x475.jpg",720,475,true]},"author_info":{"display_name":"xdar","author_link":"https:\/\/albert.radom.pl\/?author=1"},"category_info":"<a href=\"https:\/\/albert.radom.pl\/?cat=19\" rel=\"category\">Aktualno\u015bci<\/a>","tag_info":"Aktualno\u015bci","comment_count":"0","_links":{"self":[{"href":"https:\/\/albert.radom.pl\/index.php?rest_route=\/wp\/v2\/posts\/5032","targetHints":{"allow":["GET"]}}],"collection":[{"href":"https:\/\/albert.radom.pl\/index.php?rest_route=\/wp\/v2\/posts"}],"about":[{"href":"https:\/\/albert.radom.pl\/index.php?rest_route=\/wp\/v2\/types\/post"}],"author":[{"embeddable":true,"href":"https:\/\/albert.radom.pl\/index.php?rest_route=\/wp\/v2\/users\/1"}],"replies":[{"embeddable":true,"href":"https:\/\/albert.radom.pl\/index.php?rest_route=%2Fwp%2Fv2%2Fcomments&post=5032"}],"version-history":[{"count":2,"href":"https:\/\/albert.radom.pl\/index.php?rest_route=\/wp\/v2\/posts\/5032\/revisions"}],"predecessor-version":[{"id":5041,"href":"https:\/\/albert.radom.pl\/index.php?rest_route=\/wp\/v2\/posts\/5032\/revisions\/5041"}],"wp:featuredmedia":[{"embeddable":true,"href":"https:\/\/albert.radom.pl\/index.php?rest_route=\/wp\/v2\/media\/5038"}],"wp:attachment":[{"href":"https:\/\/albert.radom.pl\/index.php?rest_route=%2Fwp%2Fv2%2Fmedia&parent=5032"}],"wp:term":[{"taxonomy":"category","embeddable":true,"href":"https:\/\/albert.radom.pl\/index.php?rest_route=%2Fwp%2Fv2%2Fcategories&post=5032"},{"taxonomy":"post_tag","embeddable":true,"href":"https:\/\/albert.radom.pl\/index.php?rest_route=%2Fwp%2Fv2%2Ftags&post=5032"}],"curies":[{"name":"wp","href":"https:\/\/api.w.org\/{rel}","templated":true}]}}