{"id":504,"date":"2022-09-26T10:41:58","date_gmt":"2022-09-26T08:41:58","guid":{"rendered":"https:\/\/albert.radom.pl\/?p=504"},"modified":"2022-09-27T12:16:42","modified_gmt":"2022-09-27T10:16:42","slug":"premiera-choru-parafialnego","status":"publish","type":"post","link":"https:\/\/albert.radom.pl\/?p=504","title":{"rendered":"Premiera ch\u00f3ru parafialnego"},"content":{"rendered":"<div class=\"m8h3af8h l7ghb35v kjdc1dyq kmwttqpk gh25dzvf n3t5jt4f\">\n<div dir=\"auto\">W niedziel\u0119 na Mszy \u015bw. o godz. 9.00 mia\u0142a miejsce premiera ch\u00f3ru parafialnego.<\/div>\n<div dir=\"auto\"><!--more--><\/div>\n<div dir=\"auto\">Na razie w do\u015b\u0107 nielicznym sk\u0142adzie \ud83d\ude42 \u00a0Serdecznie zapraszamy wszystkich ch\u0119tnych do w\u0142\u0105czenia si\u0119 w \u015bpiew ch\u00f3ru, zar\u00f3wno g\u0142osy \u017ce\u0144skie, jak i m\u0119skie &#8211; dla upi\u0119kszania liturgii dla wi\u0119kszej chwa\u0142y Bo\u017cej. \u00a0&#8222;Kto \u015bpiewa dwa razy si\u0119 modli&#8221;!<\/div>\n<div dir=\"auto\"><span style=\"color: #ff0000;\"><strong>Pr\u00f3by ch\u00f3ru odbywaj\u0105 si\u0119 \u015brody godzinie 18.45.<\/strong><\/span><\/div>\n<div dir=\"auto\"><\/div>\n<div dir=\"auto\" style=\"text-align: center;\">Zapraszamy do pos\u0142uchania: \u201eW pokorze i w milczeniu\u201d<\/div>\n<\/div>\n<div class=\"l7ghb35v kjdc1dyq kmwttqpk gh25dzvf jikcssrz n3t5jt4f\">\n<div dir=\"auto\" style=\"text-align: center;\">Dyryguje Pani Ewa Burek<\/div>\n<div dir=\"auto\" style=\"text-align: center;\">\n<p><iframe loading=\"lazy\" title=\"Ch\u00f3r Parafii \u015bw. Brata Alberta w Radomiu. \u201eW pokorze i w milczeniu\u201d. Dyryguje Pani Ewa Burek\" width=\"640\" height=\"360\" src=\"https:\/\/www.youtube.com\/embed\/Pq9wpcxao5s?feature=oembed\" frameborder=\"0\" allow=\"accelerometer; autoplay; clipboard-write; encrypted-media; gyroscope; picture-in-picture; web-share\" referrerpolicy=\"strict-origin-when-cross-origin\" allowfullscreen><\/iframe><\/p>\n<\/div>\n<\/div>\n","protected":false},"excerpt":{"rendered":"<p>W niedziel\u0119 na Mszy \u015bw. o godz. 9.00 mia\u0142a miejsce premiera ch\u00f3ru parafialnego.<\/p>\n","protected":false},"author":1,"featured_media":506,"comment_status":"closed","ping_status":"closed","sticky":false,"template":"","format":"standard","meta":{"footnotes":""},"categories":[19,46],"tags":[],"class_list":["post-504","post","type-post","status-publish","format-standard","has-post-thumbnail","hentry","category-aktualnosci","category-chor-parafialny"],"featured_image_urls":{"full":["https:\/\/albert.radom.pl\/wp-content\/uploads\/2022\/09\/chor-1.png",640,361,false],"thumbnail":["https:\/\/albert.radom.pl\/wp-content\/uploads\/2022\/09\/chor-1-150x150.png",150,150,true],"medium":["https:\/\/albert.radom.pl\/wp-content\/uploads\/2022\/09\/chor-1-300x169.png",300,169,true],"medium_large":["https:\/\/albert.radom.pl\/wp-content\/uploads\/2022\/09\/chor-1.png",640,361,false],"large":["https:\/\/albert.radom.pl\/wp-content\/uploads\/2022\/09\/chor-1.png",640,361,false],"1536x1536":["https:\/\/albert.radom.pl\/wp-content\/uploads\/2022\/09\/chor-1.png",640,361,false],"2048x2048":["https:\/\/albert.radom.pl\/wp-content\/uploads\/2022\/09\/chor-1.png",640,361,false],"newsever-slider-full":["https:\/\/albert.radom.pl\/wp-content\/uploads\/2022\/09\/chor-1.png",640,361,false],"newsever-featured":["https:\/\/albert.radom.pl\/wp-content\/uploads\/2022\/09\/chor-1.png",640,361,false],"newsever-medium":["https:\/\/albert.radom.pl\/wp-content\/uploads\/2022\/09\/chor-1.png",640,361,false]},"author_info":{"display_name":"xdar","author_link":"https:\/\/albert.radom.pl\/?author=1"},"category_info":"<a href=\"https:\/\/albert.radom.pl\/?cat=19\" rel=\"category\">Aktualno\u015bci<\/a> <a href=\"https:\/\/albert.radom.pl\/?cat=46\" rel=\"category\">Ch\u00f3r parafialny<\/a>","tag_info":"Ch\u00f3r parafialny","comment_count":"0","_links":{"self":[{"href":"https:\/\/albert.radom.pl\/index.php?rest_route=\/wp\/v2\/posts\/504","targetHints":{"allow":["GET"]}}],"collection":[{"href":"https:\/\/albert.radom.pl\/index.php?rest_route=\/wp\/v2\/posts"}],"about":[{"href":"https:\/\/albert.radom.pl\/index.php?rest_route=\/wp\/v2\/types\/post"}],"author":[{"embeddable":true,"href":"https:\/\/albert.radom.pl\/index.php?rest_route=\/wp\/v2\/users\/1"}],"replies":[{"embeddable":true,"href":"https:\/\/albert.radom.pl\/index.php?rest_route=%2Fwp%2Fv2%2Fcomments&post=504"}],"version-history":[{"count":2,"href":"https:\/\/albert.radom.pl\/index.php?rest_route=\/wp\/v2\/posts\/504\/revisions"}],"predecessor-version":[{"id":514,"href":"https:\/\/albert.radom.pl\/index.php?rest_route=\/wp\/v2\/posts\/504\/revisions\/514"}],"wp:featuredmedia":[{"embeddable":true,"href":"https:\/\/albert.radom.pl\/index.php?rest_route=\/wp\/v2\/media\/506"}],"wp:attachment":[{"href":"https:\/\/albert.radom.pl\/index.php?rest_route=%2Fwp%2Fv2%2Fmedia&parent=504"}],"wp:term":[{"taxonomy":"category","embeddable":true,"href":"https:\/\/albert.radom.pl\/index.php?rest_route=%2Fwp%2Fv2%2Fcategories&post=504"},{"taxonomy":"post_tag","embeddable":true,"href":"https:\/\/albert.radom.pl\/index.php?rest_route=%2Fwp%2Fv2%2Ftags&post=504"}],"curies":[{"name":"wp","href":"https:\/\/api.w.org\/{rel}","templated":true}]}}