{"id":5042,"date":"2024-04-28T21:04:39","date_gmt":"2024-04-28T19:04:39","guid":{"rendered":"https:\/\/albert.radom.pl\/?p=5042"},"modified":"2024-04-28T21:04:39","modified_gmt":"2024-04-28T19:04:39","slug":"imieniny-proboszcza-ks-marka","status":"publish","type":"post","link":"https:\/\/albert.radom.pl\/?p=5042","title":{"rendered":"Imieniny Proboszcza ks. Marka"},"content":{"rendered":"<p>W dniu dzisiejszym na Mszy \u015bw. o godz. 9.00 modlili\u015bmy si\u0119 w inetecji ks. prob. Marka Janasa.<\/p>\n<p>Serdecznie dzi\u0119kujemy pracownikom parafii, Ko\u0142om \u017bywego R\u00f3\u017ca\u0144ca oraz Rycerzom Kolumba za zam\u00f3wione intencje. Wszystkim zgromadzonym za obecno\u015b\u0107 i wsp\u00f3ln\u0105 modlitw\u0119.<\/p>\n<p>Czcigodnemu Solenizantowi \u017cyczymy obfito\u015bci Bo\u017cych \u0142ask, zdrowia, niegasn\u0105cego zapa\u0142u do pi\u0119knego prowadzenia naszej wsp\u00f3lnoty drog\u0105 wiary, a tak\u017ce opieki Matki Bo\u017cej oraz \u015bwi\u0119tych Patron\u00f3w: \u015bw. Marka Ewangelisty oraz \u015bw. Brata Alberta.<\/p>\n<div id='gallery-1' class='gallery galleryid-5042 gallery-columns-3 gallery-size-thumbnail'><figure class='gallery-item'>\n\t\t\t<div class='gallery-icon landscape'>\n\t\t\t\t<a href='https:\/\/albert.radom.pl\/wp-content\/uploads\/2024\/04\/438059445_741623864808816_1365659082992238241_n.jpg'><img loading=\"lazy\" decoding=\"async\" width=\"150\" height=\"150\" src=\"https:\/\/albert.radom.pl\/wp-content\/uploads\/2024\/04\/438059445_741623864808816_1365659082992238241_n-150x150.jpg\" class=\"attachment-thumbnail size-thumbnail\" alt=\"\" \/><\/a>\n\t\t\t<\/div><\/figure><figure class='gallery-item'>\n\t\t\t<div class='gallery-icon landscape'>\n\t\t\t\t<a href='https:\/\/albert.radom.pl\/wp-content\/uploads\/2024\/04\/438060379_741623681475501_7705677386971522107_n.jpg'><img loading=\"lazy\" decoding=\"async\" width=\"150\" height=\"150\" src=\"https:\/\/albert.radom.pl\/wp-content\/uploads\/2024\/04\/438060379_741623681475501_7705677386971522107_n-150x150.jpg\" class=\"attachment-thumbnail size-thumbnail\" alt=\"\" \/><\/a>\n\t\t\t<\/div><\/figure><figure class='gallery-item'>\n\t\t\t<div class='gallery-icon landscape'>\n\t\t\t\t<a href='https:\/\/albert.radom.pl\/wp-content\/uploads\/2024\/04\/438082124_741623228142213_6339296549790364915_n.jpg'><img loading=\"lazy\" decoding=\"async\" width=\"150\" height=\"150\" src=\"https:\/\/albert.radom.pl\/wp-content\/uploads\/2024\/04\/438082124_741623228142213_6339296549790364915_n-150x150.jpg\" class=\"attachment-thumbnail size-thumbnail\" alt=\"\" \/><\/a>\n\t\t\t<\/div><\/figure><figure class='gallery-item'>\n\t\t\t<div class='gallery-icon landscape'>\n\t\t\t\t<a href='https:\/\/albert.radom.pl\/wp-content\/uploads\/2024\/04\/438082340_741622868142249_6497777977107545841_n.jpg'><img loading=\"lazy\" decoding=\"async\" width=\"150\" height=\"150\" src=\"https:\/\/albert.radom.pl\/wp-content\/uploads\/2024\/04\/438082340_741622868142249_6497777977107545841_n-150x150.jpg\" class=\"attachment-thumbnail size-thumbnail\" alt=\"\" \/><\/a>\n\t\t\t<\/div><\/figure><figure class='gallery-item'>\n\t\t\t<div class='gallery-icon landscape'>\n\t\t\t\t<a href='https:\/\/albert.radom.pl\/wp-content\/uploads\/2024\/04\/438082981_741622671475602_4812487407736593535_n.jpg'><img loading=\"lazy\" decoding=\"async\" width=\"150\" height=\"150\" src=\"https:\/\/albert.radom.pl\/wp-content\/uploads\/2024\/04\/438082981_741622671475602_4812487407736593535_n-150x150.jpg\" class=\"attachment-thumbnail size-thumbnail\" alt=\"\" \/><\/a>\n\t\t\t<\/div><\/figure><figure class='gallery-item'>\n\t\t\t<div class='gallery-icon landscape'>\n\t\t\t\t<a href='https:\/\/albert.radom.pl\/wp-content\/uploads\/2024\/04\/438086762_741622461475623_8283388967810268718_n.jpg'><img loading=\"lazy\" decoding=\"async\" width=\"150\" height=\"150\" src=\"https:\/\/albert.radom.pl\/wp-content\/uploads\/2024\/04\/438086762_741622461475623_8283388967810268718_n-150x150.jpg\" class=\"attachment-thumbnail size-thumbnail\" alt=\"\" \/><\/a>\n\t\t\t<\/div><\/figure><figure class='gallery-item'>\n\t\t\t<div class='gallery-icon landscape'>\n\t\t\t\t<a href='https:\/\/albert.radom.pl\/wp-content\/uploads\/2024\/04\/438100978_741623074808895_5523500107067672165_n.jpg'><img loading=\"lazy\" decoding=\"async\" width=\"150\" height=\"150\" src=\"https:\/\/albert.radom.pl\/wp-content\/uploads\/2024\/04\/438100978_741623074808895_5523500107067672165_n-150x150.jpg\" class=\"attachment-thumbnail size-thumbnail\" alt=\"\" \/><\/a>\n\t\t\t<\/div><\/figure><figure class='gallery-item'>\n\t\t\t<div class='gallery-icon landscape'>\n\t\t\t\t<a href='https:\/\/albert.radom.pl\/wp-content\/uploads\/2024\/04\/438108435_741623724808830_9103969207486090683_n.jpg'><img loading=\"lazy\" decoding=\"async\" width=\"150\" height=\"150\" src=\"https:\/\/albert.radom.pl\/wp-content\/uploads\/2024\/04\/438108435_741623724808830_9103969207486090683_n-150x150.jpg\" class=\"attachment-thumbnail size-thumbnail\" alt=\"\" \/><\/a>\n\t\t\t<\/div><\/figure><figure class='gallery-item'>\n\t\t\t<div class='gallery-icon landscape'>\n\t\t\t\t<a href='https:\/\/albert.radom.pl\/wp-content\/uploads\/2024\/04\/438118787_741623921475477_4802418649220555712_n.jpg'><img loading=\"lazy\" decoding=\"async\" width=\"150\" height=\"150\" src=\"https:\/\/albert.radom.pl\/wp-content\/uploads\/2024\/04\/438118787_741623921475477_4802418649220555712_n-150x150.jpg\" class=\"attachment-thumbnail size-thumbnail\" alt=\"\" \/><\/a>\n\t\t\t<\/div><\/figure>\n\t\t<\/div>\n\n","protected":false},"excerpt":{"rendered":"<p>W dniu dzisiejszym na Mszy \u015bw. o godz. 9.00 modlili\u015bmy si\u0119 w inetecji ks. prob&#8230;.<\/p>\n","protected":false},"author":1,"featured_media":5044,"comment_status":"closed","ping_status":"closed","sticky":false,"template":"","format":"standard","meta":{"footnotes":""},"categories":[19],"tags":[],"class_list":["post-5042","post","type-post","status-publish","format-standard","has-post-thumbnail","hentry","category-aktualnosci"],"featured_image_urls":{"full":["https:\/\/albert.radom.pl\/wp-content\/uploads\/2024\/04\/438060379_741623681475501_7705677386971522107_n.jpg",1440,1080,false],"thumbnail":["https:\/\/albert.radom.pl\/wp-content\/uploads\/2024\/04\/438060379_741623681475501_7705677386971522107_n-150x150.jpg",150,150,true],"medium":["https:\/\/albert.radom.pl\/wp-content\/uploads\/2024\/04\/438060379_741623681475501_7705677386971522107_n-300x225.jpg",300,225,true],"medium_large":["https:\/\/albert.radom.pl\/wp-content\/uploads\/2024\/04\/438060379_741623681475501_7705677386971522107_n-768x576.jpg",640,480,true],"large":["https:\/\/albert.radom.pl\/wp-content\/uploads\/2024\/04\/438060379_741623681475501_7705677386971522107_n-1024x768.jpg",640,480,true],"1536x1536":["https:\/\/albert.radom.pl\/wp-content\/uploads\/2024\/04\/438060379_741623681475501_7705677386971522107_n.jpg",1440,1080,false],"2048x2048":["https:\/\/albert.radom.pl\/wp-content\/uploads\/2024\/04\/438060379_741623681475501_7705677386971522107_n.jpg",1440,1080,false],"newsever-slider-full":["https:\/\/albert.radom.pl\/wp-content\/uploads\/2024\/04\/438060379_741623681475501_7705677386971522107_n-1280x845.jpg",1280,845,true],"newsever-featured":["https:\/\/albert.radom.pl\/wp-content\/uploads\/2024\/04\/438060379_741623681475501_7705677386971522107_n-1024x768.jpg",1024,768,true],"newsever-medium":["https:\/\/albert.radom.pl\/wp-content\/uploads\/2024\/04\/438060379_741623681475501_7705677386971522107_n-720x475.jpg",720,475,true]},"author_info":{"display_name":"xdar","author_link":"https:\/\/albert.radom.pl\/?author=1"},"category_info":"<a href=\"https:\/\/albert.radom.pl\/?cat=19\" rel=\"category\">Aktualno\u015bci<\/a>","tag_info":"Aktualno\u015bci","comment_count":"0","_links":{"self":[{"href":"https:\/\/albert.radom.pl\/index.php?rest_route=\/wp\/v2\/posts\/5042","targetHints":{"allow":["GET"]}}],"collection":[{"href":"https:\/\/albert.radom.pl\/index.php?rest_route=\/wp\/v2\/posts"}],"about":[{"href":"https:\/\/albert.radom.pl\/index.php?rest_route=\/wp\/v2\/types\/post"}],"author":[{"embeddable":true,"href":"https:\/\/albert.radom.pl\/index.php?rest_route=\/wp\/v2\/users\/1"}],"replies":[{"embeddable":true,"href":"https:\/\/albert.radom.pl\/index.php?rest_route=%2Fwp%2Fv2%2Fcomments&post=5042"}],"version-history":[{"count":1,"href":"https:\/\/albert.radom.pl\/index.php?rest_route=\/wp\/v2\/posts\/5042\/revisions"}],"predecessor-version":[{"id":5052,"href":"https:\/\/albert.radom.pl\/index.php?rest_route=\/wp\/v2\/posts\/5042\/revisions\/5052"}],"wp:featuredmedia":[{"embeddable":true,"href":"https:\/\/albert.radom.pl\/index.php?rest_route=\/wp\/v2\/media\/5044"}],"wp:attachment":[{"href":"https:\/\/albert.radom.pl\/index.php?rest_route=%2Fwp%2Fv2%2Fmedia&parent=5042"}],"wp:term":[{"taxonomy":"category","embeddable":true,"href":"https:\/\/albert.radom.pl\/index.php?rest_route=%2Fwp%2Fv2%2Fcategories&post=5042"},{"taxonomy":"post_tag","embeddable":true,"href":"https:\/\/albert.radom.pl\/index.php?rest_route=%2Fwp%2Fv2%2Ftags&post=5042"}],"curies":[{"name":"wp","href":"https:\/\/api.w.org\/{rel}","templated":true}]}}