{"id":5053,"date":"2024-04-28T21:10:57","date_gmt":"2024-04-28T19:10:57","guid":{"rendered":"https:\/\/albert.radom.pl\/?p=5053"},"modified":"2024-04-29T15:49:28","modified_gmt":"2024-04-29T13:49:28","slug":"5053","status":"publish","type":"post","link":"https:\/\/albert.radom.pl\/?p=5053","title":{"rendered":"\u017begnaj Bracie Tomaszu&#8230;"},"content":{"rendered":"<p>Z ogromnym smutkiem, ale i chrze\u015bcija\u0144sk\u0105 nadziej\u0105 informujemy, \u017ce dzi\u015b w nocy zasn\u0105\u0142 w Panu nasz brat <strong>TOMASZ DASZKIEWICZ<\/strong> <!--more-->&#8211; \u00a0lider wsp\u00f3lnoty Odnowy w Duchu \u015awi\u0119tym &#8222;Benedictus&#8221; przy naszej parafii oraz Szafarz Nadzwyczajny Komunii \u015awi\u0119tej. Cz\u0142owiek, kt\u00f3ry nie tylko <a href=\"https:\/\/albert.radom.pl\/?p=2936\">gra\u0142 rol\u0119 \u015awi\u0119tego Brata Alberta w przedstawieniu &#8222;A oto cz\u0142owiek&#8221;<\/a>, ale po prostu by\u0142 jak \u015bw. Brat Albert &#8211; &#8222;dobry jak chleb&#8221;.<br \/>\nWierzymy g\u0142\u0119boko, \u017ce nasz brat jest u Pana.<\/p>\n<p>Prosimy o modlitw\u0119 za Niego i jego najbli\u017cszych &#8211; przede wszystkim \u017con\u0119 Asi\u0119 &#8211; niech Duch \u015awi\u0119ty Pocieszyciel przyjdzie do ich serc z \u0142ask\u0105 pocieszenia.<\/p>\n<p>Bracie Tomaszu &#8211; odpoczywaj w pokoju +<\/p>\n<p><strong>Msza \u015bw. pogrzebowa b\u0119dzie celebrowana w naszym ko\u015bciele 1 maja (\u015broda) o godz. 10.00.<\/strong><br \/>\nNast\u0119pnie cia\u0142o br. Tomasza zostanie przewiezione do Opoczna, gdzie b\u0119dzie mia\u0142a miejsce Msza \u015bw. i pochowanie na miejscowym cmentarzu.<\/p>\n","protected":false},"excerpt":{"rendered":"<p>Z ogromnym smutkiem, ale i chrze\u015bcija\u0144sk\u0105 nadziej\u0105 informujemy, \u017ce dzi\u015b w nocy zasn\u0105\u0142 w Panu&#8230;<\/p>\n","protected":false},"author":1,"featured_media":5054,"comment_status":"closed","ping_status":"closed","sticky":false,"template":"","format":"standard","meta":{"footnotes":""},"categories":[19,47],"tags":[],"class_list":["post-5053","post","type-post","status-publish","format-standard","has-post-thumbnail","hentry","category-aktualnosci","category-odnowa-w-duchu-swietym"],"featured_image_urls":{"full":["https:\/\/albert.radom.pl\/wp-content\/uploads\/2024\/04\/440744183_741688828135653_6191865930158942336_n.jpg",1427,2048,false],"thumbnail":["https:\/\/albert.radom.pl\/wp-content\/uploads\/2024\/04\/440744183_741688828135653_6191865930158942336_n-150x150.jpg",150,150,true],"medium":["https:\/\/albert.radom.pl\/wp-content\/uploads\/2024\/04\/440744183_741688828135653_6191865930158942336_n-209x300.jpg",209,300,true],"medium_large":["https:\/\/albert.radom.pl\/wp-content\/uploads\/2024\/04\/440744183_741688828135653_6191865930158942336_n-768x1102.jpg",640,918,true],"large":["https:\/\/albert.radom.pl\/wp-content\/uploads\/2024\/04\/440744183_741688828135653_6191865930158942336_n-714x1024.jpg",640,918,true],"1536x1536":["https:\/\/albert.radom.pl\/wp-content\/uploads\/2024\/04\/440744183_741688828135653_6191865930158942336_n-1070x1536.jpg",1070,1536,true],"2048x2048":["https:\/\/albert.radom.pl\/wp-content\/uploads\/2024\/04\/440744183_741688828135653_6191865930158942336_n.jpg",1427,2048,false],"newsever-slider-full":["https:\/\/albert.radom.pl\/wp-content\/uploads\/2024\/04\/440744183_741688828135653_6191865930158942336_n-1280x845.jpg",1280,845,true],"newsever-featured":["https:\/\/albert.radom.pl\/wp-content\/uploads\/2024\/04\/440744183_741688828135653_6191865930158942336_n-1024x1470.jpg",1024,1470,true],"newsever-medium":["https:\/\/albert.radom.pl\/wp-content\/uploads\/2024\/04\/440744183_741688828135653_6191865930158942336_n-720x475.jpg",720,475,true]},"author_info":{"display_name":"xdar","author_link":"https:\/\/albert.radom.pl\/?author=1"},"category_info":"<a href=\"https:\/\/albert.radom.pl\/?cat=19\" rel=\"category\">Aktualno\u015bci<\/a> <a href=\"https:\/\/albert.radom.pl\/?cat=47\" rel=\"category\">Odnowa w Duchu \u015awi\u0119tym<\/a>","tag_info":"Odnowa w Duchu \u015awi\u0119tym","comment_count":"0","_links":{"self":[{"href":"https:\/\/albert.radom.pl\/index.php?rest_route=\/wp\/v2\/posts\/5053","targetHints":{"allow":["GET"]}}],"collection":[{"href":"https:\/\/albert.radom.pl\/index.php?rest_route=\/wp\/v2\/posts"}],"about":[{"href":"https:\/\/albert.radom.pl\/index.php?rest_route=\/wp\/v2\/types\/post"}],"author":[{"embeddable":true,"href":"https:\/\/albert.radom.pl\/index.php?rest_route=\/wp\/v2\/users\/1"}],"replies":[{"embeddable":true,"href":"https:\/\/albert.radom.pl\/index.php?rest_route=%2Fwp%2Fv2%2Fcomments&post=5053"}],"version-history":[{"count":6,"href":"https:\/\/albert.radom.pl\/index.php?rest_route=\/wp\/v2\/posts\/5053\/revisions"}],"predecessor-version":[{"id":5064,"href":"https:\/\/albert.radom.pl\/index.php?rest_route=\/wp\/v2\/posts\/5053\/revisions\/5064"}],"wp:featuredmedia":[{"embeddable":true,"href":"https:\/\/albert.radom.pl\/index.php?rest_route=\/wp\/v2\/media\/5054"}],"wp:attachment":[{"href":"https:\/\/albert.radom.pl\/index.php?rest_route=%2Fwp%2Fv2%2Fmedia&parent=5053"}],"wp:term":[{"taxonomy":"category","embeddable":true,"href":"https:\/\/albert.radom.pl\/index.php?rest_route=%2Fwp%2Fv2%2Fcategories&post=5053"},{"taxonomy":"post_tag","embeddable":true,"href":"https:\/\/albert.radom.pl\/index.php?rest_route=%2Fwp%2Fv2%2Ftags&post=5053"}],"curies":[{"name":"wp","href":"https:\/\/api.w.org\/{rel}","templated":true}]}}