{"id":5058,"date":"2024-04-28T21:07:19","date_gmt":"2024-04-28T19:07:19","guid":{"rendered":"https:\/\/albert.radom.pl\/?p=5058"},"modified":"2024-05-03T14:50:10","modified_gmt":"2024-05-03T12:50:10","slug":"informacje-dot-wyjazdu-na-pielgrzymke-autokarowa-do-kalwarii-paclawskiej","status":"publish","type":"post","link":"https:\/\/albert.radom.pl\/?p=5058","title":{"rendered":"Informacje dot. wyjazdu na pielgrzymk\u0119 do Kalwarii Pac\u0142awskiej."},"content":{"rendered":"<p><strong>Wyjazd w 1 maja z parkingu przy ko\u015bciele gromadzimy si\u0119 przy autokarze o godz. 03.45.<\/strong><!--more--><\/p>\n<p>Powr\u00f3t planowany jest 02 maja ok godz. 21.00.<\/p>\n<p>Planowany program przewiduje najpierw przejazd do Kalwarii Pac\u0142awskiej, nast\u0119pnie Przemy\u015bl. Drugiego dnia Markowa i \u0141a\u0144cut.<\/p>\n<p>Zapewnione w ramach wyjazdu posi\u0142ki to obiadokolacja pierwszego dnia w godzinach wieczornych, drugiego dnia w godzinach porannych \u015bniadanie i obiad w godzinach popo\u0142udniowych. <strong>Trzeba zapewni\u0107 sobie i zabra\u0107 suchy prowiant na pierwszy dzie\u0144 i drugie \u015bniadanie na dzie\u0144 nast\u0119pny.<\/strong><\/p>\n<p>Zabieramy ze sob\u0105 oczywi\u015bcie odpowiedni do pogody ubi\u00f3r w tym co\u015b przeciwdeszczowego.<\/p>\n","protected":false},"excerpt":{"rendered":"<p>Wyjazd w 1 maja z parkingu przy ko\u015bciele gromadzimy si\u0119 przy autokarze o godz. 03.45.<\/p>\n","protected":false},"author":1,"featured_media":5059,"comment_status":"closed","ping_status":"closed","sticky":false,"template":"","format":"standard","meta":{"footnotes":""},"categories":[19],"tags":[],"class_list":["post-5058","post","type-post","status-publish","format-standard","has-post-thumbnail","hentry","category-aktualnosci"],"featured_image_urls":{"full":["https:\/\/albert.radom.pl\/wp-content\/uploads\/2024\/04\/kalwaria_paclawska.jpg",750,500,false],"thumbnail":["https:\/\/albert.radom.pl\/wp-content\/uploads\/2024\/04\/kalwaria_paclawska-150x150.jpg",150,150,true],"medium":["https:\/\/albert.radom.pl\/wp-content\/uploads\/2024\/04\/kalwaria_paclawska-300x200.jpg",300,200,true],"medium_large":["https:\/\/albert.radom.pl\/wp-content\/uploads\/2024\/04\/kalwaria_paclawska.jpg",640,427,false],"large":["https:\/\/albert.radom.pl\/wp-content\/uploads\/2024\/04\/kalwaria_paclawska.jpg",640,427,false],"1536x1536":["https:\/\/albert.radom.pl\/wp-content\/uploads\/2024\/04\/kalwaria_paclawska.jpg",750,500,false],"2048x2048":["https:\/\/albert.radom.pl\/wp-content\/uploads\/2024\/04\/kalwaria_paclawska.jpg",750,500,false],"newsever-slider-full":["https:\/\/albert.radom.pl\/wp-content\/uploads\/2024\/04\/kalwaria_paclawska.jpg",750,500,false],"newsever-featured":["https:\/\/albert.radom.pl\/wp-content\/uploads\/2024\/04\/kalwaria_paclawska.jpg",750,500,false],"newsever-medium":["https:\/\/albert.radom.pl\/wp-content\/uploads\/2024\/04\/kalwaria_paclawska-720x475.jpg",720,475,true]},"author_info":{"display_name":"xdar","author_link":"https:\/\/albert.radom.pl\/?author=1"},"category_info":"<a href=\"https:\/\/albert.radom.pl\/?cat=19\" rel=\"category\">Aktualno\u015bci<\/a>","tag_info":"Aktualno\u015bci","comment_count":"0","_links":{"self":[{"href":"https:\/\/albert.radom.pl\/index.php?rest_route=\/wp\/v2\/posts\/5058","targetHints":{"allow":["GET"]}}],"collection":[{"href":"https:\/\/albert.radom.pl\/index.php?rest_route=\/wp\/v2\/posts"}],"about":[{"href":"https:\/\/albert.radom.pl\/index.php?rest_route=\/wp\/v2\/types\/post"}],"author":[{"embeddable":true,"href":"https:\/\/albert.radom.pl\/index.php?rest_route=\/wp\/v2\/users\/1"}],"replies":[{"embeddable":true,"href":"https:\/\/albert.radom.pl\/index.php?rest_route=%2Fwp%2Fv2%2Fcomments&post=5058"}],"version-history":[{"count":2,"href":"https:\/\/albert.radom.pl\/index.php?rest_route=\/wp\/v2\/posts\/5058\/revisions"}],"predecessor-version":[{"id":5062,"href":"https:\/\/albert.radom.pl\/index.php?rest_route=\/wp\/v2\/posts\/5058\/revisions\/5062"}],"wp:featuredmedia":[{"embeddable":true,"href":"https:\/\/albert.radom.pl\/index.php?rest_route=\/wp\/v2\/media\/5059"}],"wp:attachment":[{"href":"https:\/\/albert.radom.pl\/index.php?rest_route=%2Fwp%2Fv2%2Fmedia&parent=5058"}],"wp:term":[{"taxonomy":"category","embeddable":true,"href":"https:\/\/albert.radom.pl\/index.php?rest_route=%2Fwp%2Fv2%2Fcategories&post=5058"},{"taxonomy":"post_tag","embeddable":true,"href":"https:\/\/albert.radom.pl\/index.php?rest_route=%2Fwp%2Fv2%2Ftags&post=5058"}],"curies":[{"name":"wp","href":"https:\/\/api.w.org\/{rel}","templated":true}]}}