{"id":5394,"date":"2024-06-09T14:32:33","date_gmt":"2024-06-09T12:32:33","guid":{"rendered":"https:\/\/albert.radom.pl\/?p=5394"},"modified":"2024-06-23T08:11:46","modified_gmt":"2024-06-23T06:11:46","slug":"wszyscy-jestesmy-bracmi-zapraszamy-na-piknik-parafialny","status":"publish","type":"post","link":"https:\/\/albert.radom.pl\/?p=5394","title":{"rendered":"\u201eWszyscy jeste\u015bmy Bra\u0107mi\u201d Zapraszamy na piknik parafialny!"},"content":{"rendered":"<p><span style=\"color: #ff0000;\"><strong>W przysz\u0142\u0105 niedziel\u0119 16.06.2024, o godz. 14.00 ZAPRASZAMY<\/strong> na<\/span> <span style=\"color: #ff0000;\"><strong>piknik rodzinny pod has\u0142em: \u201eWszyscy jeste\u015bmy Bra\u0107mi\u201d<\/strong><\/span>.<!--more--><\/p>\n<p>W programie pikniku b\u0119dzie: wyst\u0119p scholii parafialnej, ta\u0144ce integracyjne, pota\u0144c\u00f3wka na dechach, gry i zabawy z nagrodami, grill, popcorn, wata cukrowa, ciasto, swojski szmalec, dmuchana zje\u017cd\u017calnia, trampoliny, mo\u017cliwo\u015b\u0107 oddania krwi dla potrzebuj\u0105cych. Mo\u017cna ze sob\u0105 zabra\u0107 jaki\u015b kocyk, do wsp\u00f3lnego biesiadowania.<\/p>\n<p style=\"text-align: center;\"><img loading=\"lazy\" decoding=\"async\" class=\"aligncenter size-large wp-image-5396\" src=\"https:\/\/albert.radom.pl\/wp-content\/uploads\/2024\/06\/PIKNIK2024-682x1024.jpg\" alt=\"\" width=\"640\" height=\"961\" srcset=\"https:\/\/albert.radom.pl\/wp-content\/uploads\/2024\/06\/PIKNIK2024-682x1024.jpg 682w, https:\/\/albert.radom.pl\/wp-content\/uploads\/2024\/06\/PIKNIK2024-200x300.jpg 200w, https:\/\/albert.radom.pl\/wp-content\/uploads\/2024\/06\/PIKNIK2024-768x1153.jpg 768w, https:\/\/albert.radom.pl\/wp-content\/uploads\/2024\/06\/PIKNIK2024-1023x1536.jpg 1023w, https:\/\/albert.radom.pl\/wp-content\/uploads\/2024\/06\/PIKNIK2024-1024x1537.jpg 1024w, https:\/\/albert.radom.pl\/wp-content\/uploads\/2024\/06\/PIKNIK2024.jpg 1066w\" sizes=\"auto, (max-width: 640px) 100vw, 640px\" \/><\/p>\n<p>&nbsp;<\/p>\n","protected":false},"excerpt":{"rendered":"<p>W przysz\u0142\u0105 niedziel\u0119 16.06.2024, o godz. 14.00 ZAPRASZAMY na piknik rodzinny pod has\u0142em: \u201eWszyscy jeste\u015bmy&#8230;<\/p>\n","protected":false},"author":1,"featured_media":5395,"comment_status":"closed","ping_status":"closed","sticky":false,"template":"","format":"standard","meta":{"footnotes":""},"categories":[19],"tags":[],"class_list":["post-5394","post","type-post","status-publish","format-standard","has-post-thumbnail","hentry","category-aktualnosci"],"featured_image_urls":{"full":["https:\/\/albert.radom.pl\/wp-content\/uploads\/2024\/06\/PIKNIK2024-SMALL.jpg",1055,457,false],"thumbnail":["https:\/\/albert.radom.pl\/wp-content\/uploads\/2024\/06\/PIKNIK2024-SMALL-150x150.jpg",150,150,true],"medium":["https:\/\/albert.radom.pl\/wp-content\/uploads\/2024\/06\/PIKNIK2024-SMALL-300x130.jpg",300,130,true],"medium_large":["https:\/\/albert.radom.pl\/wp-content\/uploads\/2024\/06\/PIKNIK2024-SMALL-768x333.jpg",640,278,true],"large":["https:\/\/albert.radom.pl\/wp-content\/uploads\/2024\/06\/PIKNIK2024-SMALL-1024x444.jpg",640,278,true],"1536x1536":["https:\/\/albert.radom.pl\/wp-content\/uploads\/2024\/06\/PIKNIK2024-SMALL.jpg",1055,457,false],"2048x2048":["https:\/\/albert.radom.pl\/wp-content\/uploads\/2024\/06\/PIKNIK2024-SMALL.jpg",1055,457,false],"newsever-slider-full":["https:\/\/albert.radom.pl\/wp-content\/uploads\/2024\/06\/PIKNIK2024-SMALL.jpg",1055,457,false],"newsever-featured":["https:\/\/albert.radom.pl\/wp-content\/uploads\/2024\/06\/PIKNIK2024-SMALL-1024x444.jpg",1024,444,true],"newsever-medium":["https:\/\/albert.radom.pl\/wp-content\/uploads\/2024\/06\/PIKNIK2024-SMALL-720x457.jpg",720,457,true]},"author_info":{"display_name":"xdar","author_link":"https:\/\/albert.radom.pl\/?author=1"},"category_info":"<a href=\"https:\/\/albert.radom.pl\/?cat=19\" rel=\"category\">Aktualno\u015bci<\/a>","tag_info":"Aktualno\u015bci","comment_count":"0","_links":{"self":[{"href":"https:\/\/albert.radom.pl\/index.php?rest_route=\/wp\/v2\/posts\/5394","targetHints":{"allow":["GET"]}}],"collection":[{"href":"https:\/\/albert.radom.pl\/index.php?rest_route=\/wp\/v2\/posts"}],"about":[{"href":"https:\/\/albert.radom.pl\/index.php?rest_route=\/wp\/v2\/types\/post"}],"author":[{"embeddable":true,"href":"https:\/\/albert.radom.pl\/index.php?rest_route=\/wp\/v2\/users\/1"}],"replies":[{"embeddable":true,"href":"https:\/\/albert.radom.pl\/index.php?rest_route=%2Fwp%2Fv2%2Fcomments&post=5394"}],"version-history":[{"count":2,"href":"https:\/\/albert.radom.pl\/index.php?rest_route=\/wp\/v2\/posts\/5394\/revisions"}],"predecessor-version":[{"id":5398,"href":"https:\/\/albert.radom.pl\/index.php?rest_route=\/wp\/v2\/posts\/5394\/revisions\/5398"}],"wp:featuredmedia":[{"embeddable":true,"href":"https:\/\/albert.radom.pl\/index.php?rest_route=\/wp\/v2\/media\/5395"}],"wp:attachment":[{"href":"https:\/\/albert.radom.pl\/index.php?rest_route=%2Fwp%2Fv2%2Fmedia&parent=5394"}],"wp:term":[{"taxonomy":"category","embeddable":true,"href":"https:\/\/albert.radom.pl\/index.php?rest_route=%2Fwp%2Fv2%2Fcategories&post=5394"},{"taxonomy":"post_tag","embeddable":true,"href":"https:\/\/albert.radom.pl\/index.php?rest_route=%2Fwp%2Fv2%2Ftags&post=5394"}],"curies":[{"name":"wp","href":"https:\/\/api.w.org\/{rel}","templated":true}]}}