{"id":549,"date":"2022-10-01T22:45:27","date_gmt":"2022-10-01T20:45:27","guid":{"rendered":"https:\/\/albert.radom.pl\/?p=549"},"modified":"2022-10-10T10:31:10","modified_gmt":"2022-10-10T08:31:10","slug":"film-promocyjny","status":"publish","type":"post","link":"https:\/\/albert.radom.pl\/?p=549","title":{"rendered":"Film promocyjny"},"content":{"rendered":"<p style=\"text-align: left;\">Zapraszamy do obejrzenia filmu<br \/>\nprzedstawiaj\u0105cego nasz ko\u015bci\u00f3\u0142 parafialny z lotu drona oraz jego wn\u0119trze.<\/p>\n<p><iframe loading=\"lazy\" title=\"Parafia pw  \u015bw  Brata Alberta w Radomiu   INTRO long\" width=\"640\" height=\"360\" src=\"https:\/\/www.youtube.com\/embed\/iSwA7vmkqjQ?feature=oembed\" frameborder=\"0\" allow=\"accelerometer; autoplay; clipboard-write; encrypted-media; gyroscope; picture-in-picture; web-share\" referrerpolicy=\"strict-origin-when-cross-origin\" allowfullscreen><\/iframe><\/p>\n","protected":false},"excerpt":{"rendered":"<p>Zapraszamy do obejrzenia filmu przedstawiaj\u0105cego nasz ko\u015bci\u00f3\u0142 parafialny z lotu drona oraz jego wn\u0119trze.<\/p>\n","protected":false},"author":1,"featured_media":550,"comment_status":"closed","ping_status":"closed","sticky":false,"template":"","format":"standard","meta":{"footnotes":""},"categories":[19,6,58,5],"tags":[],"class_list":["post-549","post","type-post","status-publish","format-standard","has-post-thumbnail","hentry","category-aktualnosci","category-historia-parafii","category-intro","category-o-parafii"],"featured_image_urls":{"full":["https:\/\/albert.radom.pl\/wp-content\/uploads\/2022\/10\/albert-intro.png",597,286,false],"thumbnail":["https:\/\/albert.radom.pl\/wp-content\/uploads\/2022\/10\/albert-intro-150x150.png",150,150,true],"medium":["https:\/\/albert.radom.pl\/wp-content\/uploads\/2022\/10\/albert-intro-300x144.png",300,144,true],"medium_large":["https:\/\/albert.radom.pl\/wp-content\/uploads\/2022\/10\/albert-intro.png",597,286,false],"large":["https:\/\/albert.radom.pl\/wp-content\/uploads\/2022\/10\/albert-intro.png",597,286,false],"1536x1536":["https:\/\/albert.radom.pl\/wp-content\/uploads\/2022\/10\/albert-intro.png",597,286,false],"2048x2048":["https:\/\/albert.radom.pl\/wp-content\/uploads\/2022\/10\/albert-intro.png",597,286,false],"newsever-slider-full":["https:\/\/albert.radom.pl\/wp-content\/uploads\/2022\/10\/albert-intro.png",597,286,false],"newsever-featured":["https:\/\/albert.radom.pl\/wp-content\/uploads\/2022\/10\/albert-intro.png",597,286,false],"newsever-medium":["https:\/\/albert.radom.pl\/wp-content\/uploads\/2022\/10\/albert-intro.png",597,286,false]},"author_info":{"display_name":"xdar","author_link":"https:\/\/albert.radom.pl\/?author=1"},"category_info":"<a href=\"https:\/\/albert.radom.pl\/?cat=19\" rel=\"category\">Aktualno\u015bci<\/a> <a href=\"https:\/\/albert.radom.pl\/?cat=6\" rel=\"category\">Historia parafii<\/a> <a href=\"https:\/\/albert.radom.pl\/?cat=58\" rel=\"category\">Intro<\/a> <a href=\"https:\/\/albert.radom.pl\/?cat=5\" rel=\"category\">O Parafii<\/a>","tag_info":"O Parafii","comment_count":"0","_links":{"self":[{"href":"https:\/\/albert.radom.pl\/index.php?rest_route=\/wp\/v2\/posts\/549","targetHints":{"allow":["GET"]}}],"collection":[{"href":"https:\/\/albert.radom.pl\/index.php?rest_route=\/wp\/v2\/posts"}],"about":[{"href":"https:\/\/albert.radom.pl\/index.php?rest_route=\/wp\/v2\/types\/post"}],"author":[{"embeddable":true,"href":"https:\/\/albert.radom.pl\/index.php?rest_route=\/wp\/v2\/users\/1"}],"replies":[{"embeddable":true,"href":"https:\/\/albert.radom.pl\/index.php?rest_route=%2Fwp%2Fv2%2Fcomments&post=549"}],"version-history":[{"count":5,"href":"https:\/\/albert.radom.pl\/index.php?rest_route=\/wp\/v2\/posts\/549\/revisions"}],"predecessor-version":[{"id":617,"href":"https:\/\/albert.radom.pl\/index.php?rest_route=\/wp\/v2\/posts\/549\/revisions\/617"}],"wp:featuredmedia":[{"embeddable":true,"href":"https:\/\/albert.radom.pl\/index.php?rest_route=\/wp\/v2\/media\/550"}],"wp:attachment":[{"href":"https:\/\/albert.radom.pl\/index.php?rest_route=%2Fwp%2Fv2%2Fmedia&parent=549"}],"wp:term":[{"taxonomy":"category","embeddable":true,"href":"https:\/\/albert.radom.pl\/index.php?rest_route=%2Fwp%2Fv2%2Fcategories&post=549"},{"taxonomy":"post_tag","embeddable":true,"href":"https:\/\/albert.radom.pl\/index.php?rest_route=%2Fwp%2Fv2%2Ftags&post=549"}],"curies":[{"name":"wp","href":"https:\/\/api.w.org\/{rel}","templated":true}]}}