{"id":561,"date":"2022-10-03T20:02:47","date_gmt":"2022-10-03T18:02:47","guid":{"rendered":"https:\/\/albert.radom.pl\/?p=561"},"modified":"2022-11-05T21:34:06","modified_gmt":"2022-11-05T20:34:06","slug":"tydzien-kultury-chrzescijanskiej-2022","status":"publish","type":"post","link":"https:\/\/albert.radom.pl\/?p=561","title":{"rendered":"Tydzie\u0144 Kultury Chrze\u015bcija\u0144skiej 2022"},"content":{"rendered":"<p><strong>Stowarzyszenie \u201eM\u0142y\u0144ska\u201d Verum Bonum Pulchrum zaprasza od 10 pa\u017adziernika na kolejny Tydzie\u0144 Kultury Chrze\u015bcija\u0144skiej, kt\u00f3ry zako\u0144czy si\u0119 w niedziel\u0119 16 pa\u017adziernika Dniem Papieskim.<\/strong> Tydzie\u0144 Kultury Chrze\u015bcija\u0144skiej jest dzie\u0142em katolik\u00f3w \u015bwieckich skupionych wok\u00f3\u0142 biskup\u00f3w radomskich, kt\u00f3ry prezentuje kultur\u0119 tworzon\u0105 w oparciu o idee chrze\u015bcija\u0144skie.<\/p>\n<p><!--more--><\/p>\n<p>W programie tegorocznego Tygodnia Kultury Chrze\u015bcija\u0144skiej zaplanowano spotkania dotycz\u0105ce r\u00f3\u017cnych dziedzin kultury: literatury, filmu, teatru i muzyki. W programie m.in. spektakl Teatru \u201eNie Teraz\u201d z Tarnowa, kt\u00f3ry poka\u017ce sztuk\u0119 \u201ePokona\u0107 piek\u0142o\u201d, kt\u00f3rej bohaterami s\u0105 XVII-wieczny Jezuita, \u015bw. Andrzej Bobola oraz XX-wieczny \u201ekapelan Solidarno\u015bci\u201d, b\u0142. ks. Jerzy Popie\u0142uszko.<\/p>\n<p>Odb\u0119dzie si\u0119\u00a0 spotkanie autorskie z Czes\u0142awem Ryszk\u0105, autorem biografii ks. prof. Bonifacego Mi\u0105zka, kap\u0142ana, naukowca, poety i uchod\u017acy politycznego pochodz\u0105cego z naszego regionu.<\/p>\n<p>Go\u015b\u0107mi Tygodnia Kultury Chrze\u015bcija\u0144skiej b\u0119d\u0105 uczestnicy Mi\u0119dzynarodowego Rajdu Motocyklowego szlakiem Gen. Andersa oraz zesp\u00f3\u0142 \u201eTylko Ty\u201d, kt\u00f3ry sk\u0142ada si\u0119 z absolwent\u00f3w Fundacji Dzie\u0142a Nowego Tysi\u0105clecia.<\/p>\n<p>Przedpremierowo w kinie Helios przedstawimy <a href=\"https:\/\/albert.radom.pl\/?p=323\">film \u201eMedjugorje\u201d<\/a>, pierwszy kinowy film ukazuj\u0105cy fenomen tego miejsca.<\/p>\n<p>Stowarzyszenie \u201eM\u0142y\u0144ska\u201d wsp\u00f3\u0142organizuje w naszej diecezji, jak co roku Dzie\u0144 Papieski i zapraszamy na koncert upami\u0119tniaj\u0105cy jednego z najwybitniejszych organist\u00f3w radomskich Stefana Wroc\u0142awskiego, w wykonaniu Reprezentacyjnego Zespo\u0142u Artystycznego Wojska Polskiego.<\/p>\n<p>Na Tydzie\u0144 Kultury Chrze\u015bcija\u0144skiej zaprasza Bp Piotr Turzy\u0144ski: <a href=\"https:\/\/radioplus.com.pl\/diecezja\/66235-bp-piotr-turzynski-zaprasza-na-tydzien-kultury-chrzescijanskiej\" target=\"_blank\" rel=\"noopener\">POS\u0141UCHAJ<\/a><\/p>\n<p><span style=\"text-decoration: underline; color: #ff0000;\"><strong>Szczeg\u00f3\u0142owy program:<\/strong><\/span><\/p>\n<p><strong>PONIEDZIA\u0141EK \u2013 10 pa\u017adziernika 2022<\/strong><\/p>\n<p>18.15 &#8211; &#8222;Medjugorje&#8221; pierwszy kinowy film o fenomenie tego miejsca.<br \/>\nKino Helios w Radomiu\u00a0 (seans biletowany)<\/p>\n<p><strong>WTOREK \u2013 11 pa\u017adziernika 2022<\/strong><\/p>\n<p>19.00 &#8211; Mi\u0119dzynarodowy Rajd Motocyklowy szlakiem Gen. Andersa<br \/>\n(spotkanie z\u00a0 uczestnikami)<br \/>\nCentrum M\u0142odzie\u017cy &#8222;Arka&#8221; (kawiarnia) ul. Chrobrego 7\/9<\/p>\n<p><strong>\u015aRODA \u2013 12 pa\u017adziernika 2022<\/strong><\/p>\n<p>19.00 &#8211; spotkanie autorskie z Czes\u0142awem Ryszk\u0105, autorem ksi\u0105\u017cki<br \/>\n&#8222;Dwa powo\u0142ania ksi\u0119dza Bonifacego Mi\u0105zka\u201d<br \/>\nCentrum M\u0142odzie\u017cy \u201eArka\u201d w Radomiu, ul. Kelles-Krauza 19<\/p>\n<p><strong>CZWARTEK \u2013 13 pa\u017adziernika 2022<\/strong><\/p>\n<p>19.00 &#8211; koncert Zespo\u0142u \u201eTylko Ty\u201d- absolwent\u00f3w Fundacji Dzie\u0142o Nowego Tysi\u0105clecia<br \/>\nKo\u015bci\u00f3\u0142 MB Cz\u0119stochowskiej (Kaptur) ul. Wernera 57<\/p>\n<p><strong>PI\u0104TEK \u2013 14 pa\u017adziernika 2022<\/strong><\/p>\n<p>19.00 spektakl pt.: \u201ePokona\u0107 piek\u0142o\u201d\u00a0 Teatru \u201eNie Teraz\u201d z Tarnowa<br \/>\nOratorium \u015aw. Filipa Neri (sala widowiskowa)\u00a0 ul. Grzybowska 22<\/p>\n<p><strong>NIEDZIELA \u2013 16 pa\u017adziernika 2022<\/strong><\/p>\n<p>XXII Dzie\u0144 Papieski<\/p>\n<p>18.00 \u2013 Msza \u015bw. i koncert upami\u0119tniaj\u0105cy jednego z najwybitniejszych<br \/>\norganist\u00f3w radomskich Stefana Wroc\u0142awskiego,<br \/>\nw wykonaniu Reprezentacyjnego Zespo\u0142u Artystycznego Wojska Polskiego<br \/>\nKatedra Opieki N M P w Radomiu, ul. Sienkiewicza 13<\/p>\n<p>Patronat honorowy: Biskup Radomski Marek Solarczyk<\/p>\n<p>Organizator: Stowarzyszenie \u201eM\u0142y\u0144ska\u201d Verum Bonum Pulchrum.<\/p>\n<p>Wsp\u00f3\u0142organizatorzy: Kongregacja Oratorium \u015bw. Filipa Neri, Stowarzyszenie Centrum, M\u0142odzie\u017cy \u201eArka\u201d, kino Helios, parafie pw. MB Cz\u0119stochowskiej w Radomiu, katedralna pw. Opieki Naj\u015bwi\u0119tszej Maryi Panny w Radomiu, Rycerze Kolumba w Radomiu.<\/p>\n<p style=\"text-align: center;\"><img loading=\"lazy\" decoding=\"async\" class=\"aligncenter wp-image-562 size-full\" src=\"https:\/\/albert.radom.pl\/wp-content\/uploads\/2022\/10\/53142fd099e68d4fe08c270d09822843_XL.jpg\" alt=\"\" width=\"940\" height=\"594\" srcset=\"https:\/\/albert.radom.pl\/wp-content\/uploads\/2022\/10\/53142fd099e68d4fe08c270d09822843_XL.jpg 940w, https:\/\/albert.radom.pl\/wp-content\/uploads\/2022\/10\/53142fd099e68d4fe08c270d09822843_XL-300x190.jpg 300w, https:\/\/albert.radom.pl\/wp-content\/uploads\/2022\/10\/53142fd099e68d4fe08c270d09822843_XL-768x485.jpg 768w\" sizes=\"auto, (max-width: 940px) 100vw, 940px\" \/><\/p>\n<p style=\"text-align: right;\">\u0179r\u00f3d\u0142o: Radio Plus Radom<\/p>\n","protected":false},"excerpt":{"rendered":"<p>Stowarzyszenie \u201eM\u0142y\u0144ska\u201d Verum Bonum Pulchrum zaprasza od 10 pa\u017adziernika na kolejny Tydzie\u0144 Kultury Chrze\u015bcija\u0144skiej, kt\u00f3ry&#8230;<\/p>\n","protected":false},"author":1,"featured_media":562,"comment_status":"closed","ping_status":"closed","sticky":false,"template":"","format":"standard","meta":{"footnotes":""},"categories":[19,13],"tags":[],"class_list":["post-561","post","type-post","status-publish","format-standard","has-post-thumbnail","hentry","category-aktualnosci","category-kultura-i-sztuka"],"featured_image_urls":{"full":["https:\/\/albert.radom.pl\/wp-content\/uploads\/2022\/10\/53142fd099e68d4fe08c270d09822843_XL.jpg",940,594,false],"thumbnail":["https:\/\/albert.radom.pl\/wp-content\/uploads\/2022\/10\/53142fd099e68d4fe08c270d09822843_XL-150x150.jpg",150,150,true],"medium":["https:\/\/albert.radom.pl\/wp-content\/uploads\/2022\/10\/53142fd099e68d4fe08c270d09822843_XL-300x190.jpg",300,190,true],"medium_large":["https:\/\/albert.radom.pl\/wp-content\/uploads\/2022\/10\/53142fd099e68d4fe08c270d09822843_XL-768x485.jpg",640,404,true],"large":["https:\/\/albert.radom.pl\/wp-content\/uploads\/2022\/10\/53142fd099e68d4fe08c270d09822843_XL.jpg",640,404,false],"1536x1536":["https:\/\/albert.radom.pl\/wp-content\/uploads\/2022\/10\/53142fd099e68d4fe08c270d09822843_XL.jpg",940,594,false],"2048x2048":["https:\/\/albert.radom.pl\/wp-content\/uploads\/2022\/10\/53142fd099e68d4fe08c270d09822843_XL.jpg",940,594,false],"newsever-slider-full":["https:\/\/albert.radom.pl\/wp-content\/uploads\/2022\/10\/53142fd099e68d4fe08c270d09822843_XL.jpg",940,594,false],"newsever-featured":["https:\/\/albert.radom.pl\/wp-content\/uploads\/2022\/10\/53142fd099e68d4fe08c270d09822843_XL.jpg",940,594,false],"newsever-medium":["https:\/\/albert.radom.pl\/wp-content\/uploads\/2022\/10\/53142fd099e68d4fe08c270d09822843_XL-720x475.jpg",720,475,true]},"author_info":{"display_name":"xdar","author_link":"https:\/\/albert.radom.pl\/?author=1"},"category_info":"<a href=\"https:\/\/albert.radom.pl\/?cat=19\" rel=\"category\">Aktualno\u015bci<\/a> <a href=\"https:\/\/albert.radom.pl\/?cat=13\" rel=\"category\">Kultura i sztuka<\/a>","tag_info":"Kultura i sztuka","comment_count":"0","_links":{"self":[{"href":"https:\/\/albert.radom.pl\/index.php?rest_route=\/wp\/v2\/posts\/561","targetHints":{"allow":["GET"]}}],"collection":[{"href":"https:\/\/albert.radom.pl\/index.php?rest_route=\/wp\/v2\/posts"}],"about":[{"href":"https:\/\/albert.radom.pl\/index.php?rest_route=\/wp\/v2\/types\/post"}],"author":[{"embeddable":true,"href":"https:\/\/albert.radom.pl\/index.php?rest_route=\/wp\/v2\/users\/1"}],"replies":[{"embeddable":true,"href":"https:\/\/albert.radom.pl\/index.php?rest_route=%2Fwp%2Fv2%2Fcomments&post=561"}],"version-history":[{"count":6,"href":"https:\/\/albert.radom.pl\/index.php?rest_route=\/wp\/v2\/posts\/561\/revisions"}],"predecessor-version":[{"id":590,"href":"https:\/\/albert.radom.pl\/index.php?rest_route=\/wp\/v2\/posts\/561\/revisions\/590"}],"wp:featuredmedia":[{"embeddable":true,"href":"https:\/\/albert.radom.pl\/index.php?rest_route=\/wp\/v2\/media\/562"}],"wp:attachment":[{"href":"https:\/\/albert.radom.pl\/index.php?rest_route=%2Fwp%2Fv2%2Fmedia&parent=561"}],"wp:term":[{"taxonomy":"category","embeddable":true,"href":"https:\/\/albert.radom.pl\/index.php?rest_route=%2Fwp%2Fv2%2Fcategories&post=561"},{"taxonomy":"post_tag","embeddable":true,"href":"https:\/\/albert.radom.pl\/index.php?rest_route=%2Fwp%2Fv2%2Ftags&post=561"}],"curies":[{"name":"wp","href":"https:\/\/api.w.org\/{rel}","templated":true}]}}