{"id":574,"date":"2022-10-08T11:16:36","date_gmt":"2022-10-08T09:16:36","guid":{"rendered":"https:\/\/albert.radom.pl\/?p=574"},"modified":"2022-10-20T11:01:32","modified_gmt":"2022-10-20T09:01:32","slug":"peregrynacja-relikwii-bl-carlo-acutisa","status":"publish","type":"post","link":"https:\/\/albert.radom.pl\/?p=574","title":{"rendered":"Peregrynacja relikwii b\u0142. Carlo Acutisa"},"content":{"rendered":"<p>W dniach 16-19 pa\u017adziernika 2022 nasza diecezja w\u0142\u0105cza si\u0119 w og\u00f3lnopolsk\u0105 peregrynacj\u0119 relikwii jednego z patron\u00f3w \u015awiatowych Dni M\u0142odzie\u017cy w Lizbonie w 2023 r.<\/p>\n<p><!--more--><\/p>\n<p style=\"font-weight: 400;\">Karol swoim \u017cyciem udowodni\u0142, \u017ce w naszych czasach \u015bwi\u0119to\u015b\u0107 jest mo\u017cliwa. Korzystanie z Internetu mo\u017ce kierowa\u0107 nasze my\u015bli do Boga, a codzienna Eucharystia nas u\u015bwi\u0119ca\u0107! W ko\u0144cu sam Karol jest przyk\u0142adem tego, \u017ce mo\u017cna si\u0119 urodzi\u0107 orygina\u0142em i nie umrze\u0107 jako kserokopia! W 2006 roku Karol zmar\u0142 na bia\u0142aczk\u0119, kilka lat p\u00f3\u017aniej m\u0142ody ch\u0142opak z Brazylii modli\u0142 si\u0119 o uzdrowienie za jego wstawiennictwem, mia\u0142 te\u017c mo\u017cliwo\u015b\u0107 uczczenia Jego relikwii. Zosta\u0142 ca\u0142kowicie uzdrowiony. Ta historia pozwoli\u0142a Ko\u015bcio\u0142owi wynie\u015b\u0107 Karola na o\u0142tarze 10 pa\u017adziernika 2020 r.<\/p>\n<p style=\"font-weight: 400;\">Zapraszamy wszystkich do wsp\u00f3lnej modlitwy. Osoby m\u0142ode, borykaj\u0105ce si\u0119 z r\u00f3\u017cnymi problemami, ubogich i wszystkich, kt\u00f3rzy upatruj\u0105 w Karolu swojego przyjaciela w Niebie!<\/p>\n<p style=\"font-weight: 400;\">Jest to tak\u017ce doskona\u0142a okazja by m\u0142odzie\u017cy przygotowuj\u0105cej si\u0119 do sakramentu bierzmowania wskaza\u0107 m\u0142odego b\u0142ogos\u0142awionego jako wz\u00f3r i szczeg\u00f3lnego or\u0119downika.<\/p>\n<p style=\"font-weight: 400;\">Peregrynacja zosta\u0142a podzielona na cztery etapy, aby wierni z r\u00f3\u017cnych cz\u0119\u015bci diecezji mieli mo\u017cliwo\u015b\u0107 modlitwy przy relikwiach tego m\u0142odego b\u0142ogos\u0142awionego.<\/p>\n<p style=\"font-weight: 400; text-align: center;\"><span style=\"color: #ff0000;\"><strong>\u00a0<\/strong><strong>Harmonogram peregrynacji<\/strong><\/span><\/p>\n<p style=\"font-weight: 400;\"><strong>\u00a0<\/strong><strong>16 pa\u017adziernika 2022 Radom &#8211; Duszpasterstwo Akademickie i par. \u015aw. Jadwigi<\/strong><\/p>\n<p style=\"font-weight: 400;\">19.00 R\u00f3\u017caniec i czuwanie w Kaplicy Duszpasterstwa Akademickiego<br \/>\n20.20 Msza \u015bw. w ko\u015bciele \u015bw. Jadwigi Kr\u00f3lowej &#8211; bp Marek Solarczyk, bp Adam Bab<\/p>\n<p style=\"font-weight: 400;\"><strong>\u00a0<\/strong><\/p>\n<p style=\"font-weight: 400;\"><strong>17 pa\u017adziernika 2022\u00a0 Opoczno par. \u015bw. Bart\u0142omieja<\/strong><\/p>\n<p style=\"font-weight: 400;\">17.30 Wprowadzenie relikwii i R\u00f3\u017caniec<br \/>\n18.00 Msza \u015bw.<br \/>\n19.00 Konferencja i czuwanie z b\u0142. Karolem<\/p>\n<p style=\"font-weight: 400;\"><strong>18 pa\u017adziernika 2022\u00a0 Ko\u0144skie par. \u015bw. Miko\u0142aja<\/strong><\/p>\n<p style=\"font-weight: 400;\">17.30 Wprowadzenie relikwii i R\u00f3\u017caniec<br \/>\n18.00 Msza \u015bw.<br \/>\n19.00 Konferencja i czuwanie z b\u0142. Karolem<\/p>\n<p style=\"font-weight: 400;\"><strong>19 pa\u017adziernika 2022 \u00a0Starachowice par. \u015aw. Tr\u00f3jcy<\/strong><\/p>\n<p style=\"font-weight: 400;\">17.15 Wprowadzenie relikwii i R\u00f3\u017caniec<br \/>\n18.00 Msza \u015bw. &#8211; bp Marek Solarczyk<br \/>\n19.00 Konferencja, czuwanie i zako\u0144czenie peregrynacji.<\/p>\n<p style=\"text-align: center;\"><span style=\"text-decoration: underline;\"><strong>Zapraszam serdecznie m\u0142odzie\u017c naszej parafii do uczestnictwa w tym szczeg\u00f3lnym wydarzeniu.<\/strong><\/span><\/p>\n<p style=\"text-align: center;\"><img loading=\"lazy\" decoding=\"async\" class=\"aligncenter wp-image-684 size-large\" src=\"https:\/\/albert.radom.pl\/wp-content\/uploads\/2022\/10\/peregrynacja-1024x1024.png\" alt=\"\" width=\"640\" height=\"640\" srcset=\"https:\/\/albert.radom.pl\/wp-content\/uploads\/2022\/10\/peregrynacja-1024x1024.png 1024w, https:\/\/albert.radom.pl\/wp-content\/uploads\/2022\/10\/peregrynacja-300x300.png 300w, https:\/\/albert.radom.pl\/wp-content\/uploads\/2022\/10\/peregrynacja-150x150.png 150w, https:\/\/albert.radom.pl\/wp-content\/uploads\/2022\/10\/peregrynacja-768x768.png 768w, https:\/\/albert.radom.pl\/wp-content\/uploads\/2022\/10\/peregrynacja.png 1080w\" sizes=\"auto, (max-width: 640px) 100vw, 640px\" \/><\/p>\n","protected":false},"excerpt":{"rendered":"<p>W dniach 16-19 pa\u017adziernika 2022 nasza diecezja w\u0142\u0105cza si\u0119 w og\u00f3lnopolsk\u0105 peregrynacj\u0119 relikwii jednego z&#8230;<\/p>\n","protected":false},"author":1,"featured_media":573,"comment_status":"closed","ping_status":"closed","sticky":false,"template":"","format":"standard","meta":{"footnotes":""},"categories":[19,60,59],"tags":[],"class_list":["post-574","post","type-post","status-publish","format-standard","has-post-thumbnail","hentry","category-aktualnosci","category-diecezja","category-zycie-kosciola"],"featured_image_urls":{"full":["https:\/\/albert.radom.pl\/wp-content\/uploads\/2022\/10\/c-682x351-1.jpg",682,351,false],"thumbnail":["https:\/\/albert.radom.pl\/wp-content\/uploads\/2022\/10\/c-682x351-1-150x150.jpg",150,150,true],"medium":["https:\/\/albert.radom.pl\/wp-content\/uploads\/2022\/10\/c-682x351-1-300x154.jpg",300,154,true],"medium_large":["https:\/\/albert.radom.pl\/wp-content\/uploads\/2022\/10\/c-682x351-1.jpg",640,329,false],"large":["https:\/\/albert.radom.pl\/wp-content\/uploads\/2022\/10\/c-682x351-1.jpg",640,329,false],"1536x1536":["https:\/\/albert.radom.pl\/wp-content\/uploads\/2022\/10\/c-682x351-1.jpg",682,351,false],"2048x2048":["https:\/\/albert.radom.pl\/wp-content\/uploads\/2022\/10\/c-682x351-1.jpg",682,351,false],"newsever-slider-full":["https:\/\/albert.radom.pl\/wp-content\/uploads\/2022\/10\/c-682x351-1.jpg",682,351,false],"newsever-featured":["https:\/\/albert.radom.pl\/wp-content\/uploads\/2022\/10\/c-682x351-1.jpg",682,351,false],"newsever-medium":["https:\/\/albert.radom.pl\/wp-content\/uploads\/2022\/10\/c-682x351-1.jpg",682,351,false]},"author_info":{"display_name":"xdar","author_link":"https:\/\/albert.radom.pl\/?author=1"},"category_info":"<a href=\"https:\/\/albert.radom.pl\/?cat=19\" rel=\"category\">Aktualno\u015bci<\/a> <a href=\"https:\/\/albert.radom.pl\/?cat=60\" rel=\"category\">Diecezja<\/a> <a href=\"https:\/\/albert.radom.pl\/?cat=59\" rel=\"category\">\u017bycie Ko\u015bcio\u0142a<\/a>","tag_info":"\u017bycie Ko\u015bcio\u0142a","comment_count":"0","_links":{"self":[{"href":"https:\/\/albert.radom.pl\/index.php?rest_route=\/wp\/v2\/posts\/574","targetHints":{"allow":["GET"]}}],"collection":[{"href":"https:\/\/albert.radom.pl\/index.php?rest_route=\/wp\/v2\/posts"}],"about":[{"href":"https:\/\/albert.radom.pl\/index.php?rest_route=\/wp\/v2\/types\/post"}],"author":[{"embeddable":true,"href":"https:\/\/albert.radom.pl\/index.php?rest_route=\/wp\/v2\/users\/1"}],"replies":[{"embeddable":true,"href":"https:\/\/albert.radom.pl\/index.php?rest_route=%2Fwp%2Fv2%2Fcomments&post=574"}],"version-history":[{"count":3,"href":"https:\/\/albert.radom.pl\/index.php?rest_route=\/wp\/v2\/posts\/574\/revisions"}],"predecessor-version":[{"id":685,"href":"https:\/\/albert.radom.pl\/index.php?rest_route=\/wp\/v2\/posts\/574\/revisions\/685"}],"wp:featuredmedia":[{"embeddable":true,"href":"https:\/\/albert.radom.pl\/index.php?rest_route=\/wp\/v2\/media\/573"}],"wp:attachment":[{"href":"https:\/\/albert.radom.pl\/index.php?rest_route=%2Fwp%2Fv2%2Fmedia&parent=574"}],"wp:term":[{"taxonomy":"category","embeddable":true,"href":"https:\/\/albert.radom.pl\/index.php?rest_route=%2Fwp%2Fv2%2Fcategories&post=574"},{"taxonomy":"post_tag","embeddable":true,"href":"https:\/\/albert.radom.pl\/index.php?rest_route=%2Fwp%2Fv2%2Ftags&post=574"}],"curies":[{"name":"wp","href":"https:\/\/api.w.org\/{rel}","templated":true}]}}