{"id":5750,"date":"2024-06-20T10:07:02","date_gmt":"2024-06-20T08:07:02","guid":{"rendered":"https:\/\/albert.radom.pl\/?p=5750"},"modified":"2024-06-20T10:10:00","modified_gmt":"2024-06-20T08:10:00","slug":"18-lat","status":"publish","type":"post","link":"https:\/\/albert.radom.pl\/?p=5750","title":{"rendered":"18 lat&#8230;"},"content":{"rendered":"<div class=\"x11i5rnm xat24cr x1mh8g0r x1vvkbs xtlvy1s x126k92a\">\n<div dir=\"auto\">Wczoraj w naszym parafialnym ko\u015bciele rocznicow\u0105 Eucharysti\u0119 sprawowali Ksi\u0119\u017ca z rocznika \u015bwi\u0119ce\u0144 2006, w\u015br\u00f3d nich pos\u0142uguj\u0105cy w naszej parafii ks. Dariusz Frydrych i ks. Kamil Borkowski.<\/div>\n<div dir=\"auto\">Kap\u0142ani dzi\u0119kowali za 18 lat pos\u0142ugi kap\u0142a\u0144skiej. Eucharystii przewodniczy\u0142 Ks. Prof. Grzegorz Zieli\u0144ski, Oficja\u0142 S\u0105du Biskupiego w Radomiu, a homili\u0119 wyg\u0142osi\u0142 Ks. Dariusz.<\/div>\n<div dir=\"auto\">\u017byczymy Jubilatom wszystkiego, co najlepsze i dalszej gorliwej pos\u0142ugi w Ko\u015bciele Chrystusowym.<\/div>\n<div dir=\"auto\">\n<div id='gallery-1' class='gallery galleryid-5750 gallery-columns-5 gallery-size-thumbnail'><figure class='gallery-item'>\n\t\t\t<div class='gallery-icon landscape'>\n\t\t\t\t<a href='https:\/\/albert.radom.pl\/wp-content\/uploads\/2024\/06\/448696889_772768428361026_5926093024768644097_n.jpg'><img loading=\"lazy\" decoding=\"async\" width=\"150\" height=\"150\" src=\"https:\/\/albert.radom.pl\/wp-content\/uploads\/2024\/06\/448696889_772768428361026_5926093024768644097_n-150x150.jpg\" class=\"attachment-thumbnail size-thumbnail\" alt=\"\" \/><\/a>\n\t\t\t<\/div><\/figure><figure class='gallery-item'>\n\t\t\t<div class='gallery-icon landscape'>\n\t\t\t\t<a href='https:\/\/albert.radom.pl\/wp-content\/uploads\/2024\/06\/448764032_772768398361029_8600317027345234703_n.jpg'><img loading=\"lazy\" decoding=\"async\" width=\"150\" height=\"150\" src=\"https:\/\/albert.radom.pl\/wp-content\/uploads\/2024\/06\/448764032_772768398361029_8600317027345234703_n-150x150.jpg\" class=\"attachment-thumbnail size-thumbnail\" alt=\"\" \/><\/a>\n\t\t\t<\/div><\/figure><figure class='gallery-item'>\n\t\t\t<div class='gallery-icon landscape'>\n\t\t\t\t<a href='https:\/\/albert.radom.pl\/wp-content\/uploads\/2024\/06\/448788332_772768465027689_1332505311911772737_n.jpg'><img loading=\"lazy\" decoding=\"async\" width=\"150\" height=\"150\" src=\"https:\/\/albert.radom.pl\/wp-content\/uploads\/2024\/06\/448788332_772768465027689_1332505311911772737_n-150x150.jpg\" class=\"attachment-thumbnail size-thumbnail\" alt=\"\" \/><\/a>\n\t\t\t<\/div><\/figure><figure class='gallery-item'>\n\t\t\t<div class='gallery-icon landscape'>\n\t\t\t\t<a href='https:\/\/albert.radom.pl\/wp-content\/uploads\/2024\/06\/448544924_772768548361014_1932766720941968295_n.jpg'><img loading=\"lazy\" decoding=\"async\" width=\"150\" height=\"150\" src=\"https:\/\/albert.radom.pl\/wp-content\/uploads\/2024\/06\/448544924_772768548361014_1932766720941968295_n-150x150.jpg\" class=\"attachment-thumbnail size-thumbnail\" alt=\"\" \/><\/a>\n\t\t\t<\/div><\/figure><figure class='gallery-item'>\n\t\t\t<div class='gallery-icon landscape'>\n\t\t\t\t<a href='https:\/\/albert.radom.pl\/wp-content\/uploads\/2024\/06\/448533389_772768578361011_9049214760621705124_n.jpg'><img loading=\"lazy\" decoding=\"async\" width=\"150\" height=\"150\" src=\"https:\/\/albert.radom.pl\/wp-content\/uploads\/2024\/06\/448533389_772768578361011_9049214760621705124_n-150x150.jpg\" class=\"attachment-thumbnail size-thumbnail\" alt=\"\" \/><\/a>\n\t\t\t<\/div><\/figure><figure class='gallery-item'>\n\t\t\t<div class='gallery-icon landscape'>\n\t\t\t\t<a href='https:\/\/albert.radom.pl\/wp-content\/uploads\/2024\/06\/448765034_772768675027668_7137950046699362322_n.jpg'><img loading=\"lazy\" decoding=\"async\" width=\"150\" height=\"150\" src=\"https:\/\/albert.radom.pl\/wp-content\/uploads\/2024\/06\/448765034_772768675027668_7137950046699362322_n-150x150.jpg\" class=\"attachment-thumbnail size-thumbnail\" alt=\"\" \/><\/a>\n\t\t\t<\/div><\/figure><figure class='gallery-item'>\n\t\t\t<div class='gallery-icon landscape'>\n\t\t\t\t<a href='https:\/\/albert.radom.pl\/wp-content\/uploads\/2024\/06\/448720316_772768521694350_582386407002339358_n.jpg'><img loading=\"lazy\" decoding=\"async\" width=\"150\" height=\"150\" src=\"https:\/\/albert.radom.pl\/wp-content\/uploads\/2024\/06\/448720316_772768521694350_582386407002339358_n-150x150.jpg\" class=\"attachment-thumbnail size-thumbnail\" alt=\"\" \/><\/a>\n\t\t\t<\/div><\/figure><figure class='gallery-item'>\n\t\t\t<div class='gallery-icon landscape'>\n\t\t\t\t<a href='https:\/\/albert.radom.pl\/wp-content\/uploads\/2024\/06\/448662230_772768625027673_2102245267921493009_n.jpg'><img loading=\"lazy\" decoding=\"async\" width=\"150\" height=\"150\" src=\"https:\/\/albert.radom.pl\/wp-content\/uploads\/2024\/06\/448662230_772768625027673_2102245267921493009_n-150x150.jpg\" class=\"attachment-thumbnail size-thumbnail\" alt=\"\" \/><\/a>\n\t\t\t<\/div><\/figure><figure class='gallery-item'>\n\t\t\t<div class='gallery-icon landscape'>\n\t\t\t\t<a href='https:\/\/albert.radom.pl\/wp-content\/uploads\/2024\/06\/448733200_772759985028537_2191574713862135583_n.jpg'><img loading=\"lazy\" decoding=\"async\" width=\"150\" height=\"150\" src=\"https:\/\/albert.radom.pl\/wp-content\/uploads\/2024\/06\/448733200_772759985028537_2191574713862135583_n-150x150.jpg\" class=\"attachment-thumbnail size-thumbnail\" alt=\"\" \/><\/a>\n\t\t\t<\/div><\/figure>\n\t\t<\/div>\n\n<\/div>\n<\/div>\n","protected":false},"excerpt":{"rendered":"<p>Wczoraj w naszym parafialnym ko\u015bciele rocznicow\u0105 Eucharysti\u0119 sprawowali Ksi\u0119\u017ca z rocznika \u015bwi\u0119ce\u0144 2006, w\u015br\u00f3d nich&#8230;<\/p>\n","protected":false},"author":1,"featured_media":5756,"comment_status":"closed","ping_status":"closed","sticky":false,"template":"","format":"standard","meta":{"footnotes":""},"categories":[19],"tags":[],"class_list":["post-5750","post","type-post","status-publish","format-standard","has-post-thumbnail","hentry","category-aktualnosci"],"featured_image_urls":{"full":["https:\/\/albert.radom.pl\/wp-content\/uploads\/2024\/06\/448733200_772759985028537_2191574713862135583_n.jpg",1440,1080,false],"thumbnail":["https:\/\/albert.radom.pl\/wp-content\/uploads\/2024\/06\/448733200_772759985028537_2191574713862135583_n-150x150.jpg",150,150,true],"medium":["https:\/\/albert.radom.pl\/wp-content\/uploads\/2024\/06\/448733200_772759985028537_2191574713862135583_n-300x225.jpg",300,225,true],"medium_large":["https:\/\/albert.radom.pl\/wp-content\/uploads\/2024\/06\/448733200_772759985028537_2191574713862135583_n-768x576.jpg",640,480,true],"large":["https:\/\/albert.radom.pl\/wp-content\/uploads\/2024\/06\/448733200_772759985028537_2191574713862135583_n-1024x768.jpg",640,480,true],"1536x1536":["https:\/\/albert.radom.pl\/wp-content\/uploads\/2024\/06\/448733200_772759985028537_2191574713862135583_n.jpg",1440,1080,false],"2048x2048":["https:\/\/albert.radom.pl\/wp-content\/uploads\/2024\/06\/448733200_772759985028537_2191574713862135583_n.jpg",1440,1080,false],"newsever-slider-full":["https:\/\/albert.radom.pl\/wp-content\/uploads\/2024\/06\/448733200_772759985028537_2191574713862135583_n-1280x845.jpg",1280,845,true],"newsever-featured":["https:\/\/albert.radom.pl\/wp-content\/uploads\/2024\/06\/448733200_772759985028537_2191574713862135583_n-1024x768.jpg",1024,768,true],"newsever-medium":["https:\/\/albert.radom.pl\/wp-content\/uploads\/2024\/06\/448733200_772759985028537_2191574713862135583_n-720x475.jpg",720,475,true]},"author_info":{"display_name":"xdar","author_link":"https:\/\/albert.radom.pl\/?author=1"},"category_info":"<a href=\"https:\/\/albert.radom.pl\/?cat=19\" rel=\"category\">Aktualno\u015bci<\/a>","tag_info":"Aktualno\u015bci","comment_count":"0","_links":{"self":[{"href":"https:\/\/albert.radom.pl\/index.php?rest_route=\/wp\/v2\/posts\/5750","targetHints":{"allow":["GET"]}}],"collection":[{"href":"https:\/\/albert.radom.pl\/index.php?rest_route=\/wp\/v2\/posts"}],"about":[{"href":"https:\/\/albert.radom.pl\/index.php?rest_route=\/wp\/v2\/types\/post"}],"author":[{"embeddable":true,"href":"https:\/\/albert.radom.pl\/index.php?rest_route=\/wp\/v2\/users\/1"}],"replies":[{"embeddable":true,"href":"https:\/\/albert.radom.pl\/index.php?rest_route=%2Fwp%2Fv2%2Fcomments&post=5750"}],"version-history":[{"count":2,"href":"https:\/\/albert.radom.pl\/index.php?rest_route=\/wp\/v2\/posts\/5750\/revisions"}],"predecessor-version":[{"id":5761,"href":"https:\/\/albert.radom.pl\/index.php?rest_route=\/wp\/v2\/posts\/5750\/revisions\/5761"}],"wp:featuredmedia":[{"embeddable":true,"href":"https:\/\/albert.radom.pl\/index.php?rest_route=\/wp\/v2\/media\/5756"}],"wp:attachment":[{"href":"https:\/\/albert.radom.pl\/index.php?rest_route=%2Fwp%2Fv2%2Fmedia&parent=5750"}],"wp:term":[{"taxonomy":"category","embeddable":true,"href":"https:\/\/albert.radom.pl\/index.php?rest_route=%2Fwp%2Fv2%2Fcategories&post=5750"},{"taxonomy":"post_tag","embeddable":true,"href":"https:\/\/albert.radom.pl\/index.php?rest_route=%2Fwp%2Fv2%2Ftags&post=5750"}],"curies":[{"name":"wp","href":"https:\/\/api.w.org\/{rel}","templated":true}]}}