{"id":578,"date":"2022-10-09T19:32:05","date_gmt":"2022-10-09T17:32:05","guid":{"rendered":"https:\/\/albert.radom.pl\/?p=578"},"modified":"2022-10-29T20:55:52","modified_gmt":"2022-10-29T18:55:52","slug":"zakonczenie-nabozenstw-fatimskich","status":"publish","type":"post","link":"https:\/\/albert.radom.pl\/?p=578","title":{"rendered":"Zako\u0144czenie nabo\u017ce\u0144stw fatimskich"},"content":{"rendered":"<p><strong>Serdecznie zapraszamy na ostatnie w tym roku Nabo\u017ce\u0144stwo Fatimskie w <span style=\"color: #ff0000;\">czwartek 13 pa\u017adziernika.<\/span><\/strong><!--more--><\/p>\n<p>Nabo\u017ce\u0144stwo r\u00f3\u017ca\u0144cowe z procesj\u0105 fatimsk\u0105 rozpoczniemy <strong>o godz. 17<\/strong>. Nast\u0119pnie &#8211; bezpo\u015brednio po procesji &#8211; Msza \u015bw. ok. <strong>godz. 18.1<\/strong>5.<\/p>\n<p>Zapraszamy wszystkich wiernych do wsp\u00f3lnej modlitwy<strong>,<\/strong>\u00a0<strong>z towarzyszeniem ikony Matki Bo\u017cej Fatimskiej &#8222;Matki Jedno\u015bci&#8221;<\/strong>.<br \/>\nW szczeg\u00f3lno\u015bci b\u0119dziemy modlili si\u0119\u00a0<strong>o pok\u00f3j dla \u015bwiata i dla naszej Ojczyzny.<\/strong><\/p>\n","protected":false},"excerpt":{"rendered":"<p>Serdecznie zapraszamy na ostatnie w tym roku Nabo\u017ce\u0144stwo Fatimskie w czwartek 13 pa\u017adziernika.<\/p>\n","protected":false},"author":1,"featured_media":577,"comment_status":"closed","ping_status":"closed","sticky":false,"template":"","format":"standard","meta":{"footnotes":""},"categories":[19,49],"tags":[],"class_list":["post-578","post","type-post","status-publish","format-standard","has-post-thumbnail","hentry","category-aktualnosci","category-zywy-rozaniec"],"featured_image_urls":{"full":["https:\/\/albert.radom.pl\/wp-content\/uploads\/2022\/10\/1-e1665334554317.jpg",479,750,false],"thumbnail":["https:\/\/albert.radom.pl\/wp-content\/uploads\/2022\/10\/1-e1665334554317-150x150.jpg",150,150,true],"medium":["https:\/\/albert.radom.pl\/wp-content\/uploads\/2022\/10\/1-e1665334554317-192x300.jpg",192,300,true],"medium_large":["https:\/\/albert.radom.pl\/wp-content\/uploads\/2022\/10\/1-e1665334554317.jpg",479,750,false],"large":["https:\/\/albert.radom.pl\/wp-content\/uploads\/2022\/10\/1-e1665334554317.jpg",479,750,false],"1536x1536":["https:\/\/albert.radom.pl\/wp-content\/uploads\/2022\/10\/1-e1665334554317.jpg",479,750,false],"2048x2048":["https:\/\/albert.radom.pl\/wp-content\/uploads\/2022\/10\/1-e1665334554317.jpg",479,750,false],"newsever-slider-full":["https:\/\/albert.radom.pl\/wp-content\/uploads\/2022\/10\/1-638x845.jpg",638,845,true],"newsever-featured":["https:\/\/albert.radom.pl\/wp-content\/uploads\/2022\/10\/1-e1665334554317.jpg",479,750,false],"newsever-medium":["https:\/\/albert.radom.pl\/wp-content\/uploads\/2022\/10\/1-e1665334554317-479x475.jpg",479,475,true]},"author_info":{"display_name":"xdar","author_link":"https:\/\/albert.radom.pl\/?author=1"},"category_info":"<a href=\"https:\/\/albert.radom.pl\/?cat=19\" rel=\"category\">Aktualno\u015bci<\/a> <a href=\"https:\/\/albert.radom.pl\/?cat=49\" rel=\"category\">\u017bywy R\u00f3\u017caniec<\/a>","tag_info":"\u017bywy R\u00f3\u017caniec","comment_count":"0","_links":{"self":[{"href":"https:\/\/albert.radom.pl\/index.php?rest_route=\/wp\/v2\/posts\/578","targetHints":{"allow":["GET"]}}],"collection":[{"href":"https:\/\/albert.radom.pl\/index.php?rest_route=\/wp\/v2\/posts"}],"about":[{"href":"https:\/\/albert.radom.pl\/index.php?rest_route=\/wp\/v2\/types\/post"}],"author":[{"embeddable":true,"href":"https:\/\/albert.radom.pl\/index.php?rest_route=\/wp\/v2\/users\/1"}],"replies":[{"embeddable":true,"href":"https:\/\/albert.radom.pl\/index.php?rest_route=%2Fwp%2Fv2%2Fcomments&post=578"}],"version-history":[{"count":7,"href":"https:\/\/albert.radom.pl\/index.php?rest_route=\/wp\/v2\/posts\/578\/revisions"}],"predecessor-version":[{"id":606,"href":"https:\/\/albert.radom.pl\/index.php?rest_route=\/wp\/v2\/posts\/578\/revisions\/606"}],"wp:featuredmedia":[{"embeddable":true,"href":"https:\/\/albert.radom.pl\/index.php?rest_route=\/wp\/v2\/media\/577"}],"wp:attachment":[{"href":"https:\/\/albert.radom.pl\/index.php?rest_route=%2Fwp%2Fv2%2Fmedia&parent=578"}],"wp:term":[{"taxonomy":"category","embeddable":true,"href":"https:\/\/albert.radom.pl\/index.php?rest_route=%2Fwp%2Fv2%2Fcategories&post=578"},{"taxonomy":"post_tag","embeddable":true,"href":"https:\/\/albert.radom.pl\/index.php?rest_route=%2Fwp%2Fv2%2Ftags&post=578"}],"curies":[{"name":"wp","href":"https:\/\/api.w.org\/{rel}","templated":true}]}}