{"id":582,"date":"2022-10-08T11:15:47","date_gmt":"2022-10-08T09:15:47","guid":{"rendered":"https:\/\/albert.radom.pl\/?p=582"},"modified":"2022-10-09T18:55:14","modified_gmt":"2022-10-09T16:55:14","slug":"dzien-dziecka-utraconego","status":"publish","type":"post","link":"https:\/\/albert.radom.pl\/?p=582","title":{"rendered":"Dzie\u0144 Dziecka Utraconego"},"content":{"rendered":"<p style=\"font-weight: 400;\"><strong>15 pa\u017adziernika b\u0119dziemy prze\u017cywa\u0107 Dzie\u0144 Dziecka Utraconego. Jest on po\u015bwi\u0119cony pami\u0119ci wszystkich zmar\u0142ych dzieci. Zwraca uwag\u0119 na rodzic\u00f3w, kt\u00f3rzy prze\u017cyli niewyobra\u017caln\u0105 tragedi\u0119 jak\u0105 jest \u015bmier\u0107 dziecka.<\/strong><!--more--><\/p>\n<p style=\"font-weight: 400;\">W Ko\u015bciele pragniemy nie\u015b\u0107 duchowe wsparcie rodzicom prze\u017cywaj\u0105cym utrat\u0119 dziecka, towarzysz\u0105c im w modlitewnym czuwaniu. Wasze dzieci s\u0105 w\u0142\u0105czone do \u015bwi\u0119tych dzieci Bo\u017cych i or\u0119duj\u0105 za Wami w niebie.<\/p>\n<p style=\"font-weight: 400;\">Zapraszamy w tym dniu do modlitwy r\u00f3\u017ca\u0144cowej wszystkich rodzic\u00f3w, kt\u00f3rzy prze\u017cyli \u015bmier\u0107 dziecka wraz z ca\u0142ymi rodzinami i wszystkich ceni\u0105cych warto\u015b\u0107 \u017cycia cz\u0142owieka od pocz\u0119cia do naturalnej \u015bmierci.<\/p>\n<p style=\"font-weight: 400;\"><strong>Centralne obchody Dnia Dziecka Utraconego w Diecezji Radomskiej b\u0119d\u0105 mia\u0142y miejsce:\u00a0<\/strong><span style=\"text-decoration: underline; color: #993300;\"><strong>15 pa\u017adziernika 2022 r. (sobota)<\/strong><\/span><\/p>\n<p style=\"font-weight: 400;\"><strong>Skar\u017cysko Kamienna \u2013 Sanktuarium Matki Bo\u017cej Ostrobramskiej:<br \/>\n<\/strong>14.30 \u2013 Msza \u015bw. w intencji rodzic\u00f3w prze\u017cywaj\u0105cych \u015bmier\u0107 dziecka<br \/>\n15.30 \u2013 modlitwa r\u00f3\u017ca\u0144cowa przed Grobem Dziecka Utraconego<\/p>\n<p style=\"font-weight: 400;\"><strong>Radom \u2013 Parafia \u015awi\u0119tej Rodziny:<br \/>\n<\/strong>18.00 \u2013 Msza \u015bwi\u0119ta<br \/>\n<span style=\"font-weight: 400;\">19.00 \u2013 modlitwa r\u00f3\u017ca\u0144cowa przed Pomnikiem Maryi Matki \u017bycia<\/span><\/p>\n<p style=\"text-align: center;\"><img loading=\"lazy\" decoding=\"async\" class=\"wp-image-583 size-full aligncenter\" src=\"https:\/\/albert.radom.pl\/wp-content\/uploads\/2022\/10\/Dzien-Dziecka-Utraconegob.png\" alt=\"\" width=\"794\" height=\"1123\" srcset=\"https:\/\/albert.radom.pl\/wp-content\/uploads\/2022\/10\/Dzien-Dziecka-Utraconegob.png 794w, https:\/\/albert.radom.pl\/wp-content\/uploads\/2022\/10\/Dzien-Dziecka-Utraconegob-212x300.png 212w, https:\/\/albert.radom.pl\/wp-content\/uploads\/2022\/10\/Dzien-Dziecka-Utraconegob-724x1024.png 724w, https:\/\/albert.radom.pl\/wp-content\/uploads\/2022\/10\/Dzien-Dziecka-Utraconegob-768x1086.png 768w\" sizes=\"auto, (max-width: 794px) 100vw, 794px\" \/><\/p>\n","protected":false},"excerpt":{"rendered":"<p>15 pa\u017adziernika b\u0119dziemy prze\u017cywa\u0107 Dzie\u0144 Dziecka Utraconego. Jest on po\u015bwi\u0119cony pami\u0119ci wszystkich zmar\u0142ych dzieci. Zwraca&#8230;<\/p>\n","protected":false},"author":1,"featured_media":584,"comment_status":"closed","ping_status":"closed","sticky":false,"template":"","format":"standard","meta":{"footnotes":""},"categories":[19,60],"tags":[],"class_list":["post-582","post","type-post","status-publish","format-standard","has-post-thumbnail","hentry","category-aktualnosci","category-diecezja"],"featured_image_urls":{"full":["https:\/\/albert.radom.pl\/wp-content\/uploads\/2022\/10\/Dzien_Dziecka_Utraconego_2017_fot_dlaczego.org_M.jpg",900,566,false],"thumbnail":["https:\/\/albert.radom.pl\/wp-content\/uploads\/2022\/10\/Dzien_Dziecka_Utraconego_2017_fot_dlaczego.org_M-150x150.jpg",150,150,true],"medium":["https:\/\/albert.radom.pl\/wp-content\/uploads\/2022\/10\/Dzien_Dziecka_Utraconego_2017_fot_dlaczego.org_M-300x189.jpg",300,189,true],"medium_large":["https:\/\/albert.radom.pl\/wp-content\/uploads\/2022\/10\/Dzien_Dziecka_Utraconego_2017_fot_dlaczego.org_M-768x483.jpg",640,403,true],"large":["https:\/\/albert.radom.pl\/wp-content\/uploads\/2022\/10\/Dzien_Dziecka_Utraconego_2017_fot_dlaczego.org_M.jpg",640,402,false],"1536x1536":["https:\/\/albert.radom.pl\/wp-content\/uploads\/2022\/10\/Dzien_Dziecka_Utraconego_2017_fot_dlaczego.org_M.jpg",900,566,false],"2048x2048":["https:\/\/albert.radom.pl\/wp-content\/uploads\/2022\/10\/Dzien_Dziecka_Utraconego_2017_fot_dlaczego.org_M.jpg",900,566,false],"newsever-slider-full":["https:\/\/albert.radom.pl\/wp-content\/uploads\/2022\/10\/Dzien_Dziecka_Utraconego_2017_fot_dlaczego.org_M.jpg",900,566,false],"newsever-featured":["https:\/\/albert.radom.pl\/wp-content\/uploads\/2022\/10\/Dzien_Dziecka_Utraconego_2017_fot_dlaczego.org_M.jpg",900,566,false],"newsever-medium":["https:\/\/albert.radom.pl\/wp-content\/uploads\/2022\/10\/Dzien_Dziecka_Utraconego_2017_fot_dlaczego.org_M-720x475.jpg",720,475,true]},"author_info":{"display_name":"xdar","author_link":"https:\/\/albert.radom.pl\/?author=1"},"category_info":"<a href=\"https:\/\/albert.radom.pl\/?cat=19\" rel=\"category\">Aktualno\u015bci<\/a> <a href=\"https:\/\/albert.radom.pl\/?cat=60\" rel=\"category\">Diecezja<\/a>","tag_info":"Diecezja","comment_count":"0","_links":{"self":[{"href":"https:\/\/albert.radom.pl\/index.php?rest_route=\/wp\/v2\/posts\/582","targetHints":{"allow":["GET"]}}],"collection":[{"href":"https:\/\/albert.radom.pl\/index.php?rest_route=\/wp\/v2\/posts"}],"about":[{"href":"https:\/\/albert.radom.pl\/index.php?rest_route=\/wp\/v2\/types\/post"}],"author":[{"embeddable":true,"href":"https:\/\/albert.radom.pl\/index.php?rest_route=\/wp\/v2\/users\/1"}],"replies":[{"embeddable":true,"href":"https:\/\/albert.radom.pl\/index.php?rest_route=%2Fwp%2Fv2%2Fcomments&post=582"}],"version-history":[{"count":2,"href":"https:\/\/albert.radom.pl\/index.php?rest_route=\/wp\/v2\/posts\/582\/revisions"}],"predecessor-version":[{"id":586,"href":"https:\/\/albert.radom.pl\/index.php?rest_route=\/wp\/v2\/posts\/582\/revisions\/586"}],"wp:featuredmedia":[{"embeddable":true,"href":"https:\/\/albert.radom.pl\/index.php?rest_route=\/wp\/v2\/media\/584"}],"wp:attachment":[{"href":"https:\/\/albert.radom.pl\/index.php?rest_route=%2Fwp%2Fv2%2Fmedia&parent=582"}],"wp:term":[{"taxonomy":"category","embeddable":true,"href":"https:\/\/albert.radom.pl\/index.php?rest_route=%2Fwp%2Fv2%2Fcategories&post=582"},{"taxonomy":"post_tag","embeddable":true,"href":"https:\/\/albert.radom.pl\/index.php?rest_route=%2Fwp%2Fv2%2Ftags&post=582"}],"curies":[{"name":"wp","href":"https:\/\/api.w.org\/{rel}","templated":true}]}}