{"id":5844,"date":"2024-07-14T11:02:55","date_gmt":"2024-07-14T09:02:55","guid":{"rendered":"https:\/\/albert.radom.pl\/?p=5844"},"modified":"2024-07-14T11:02:55","modified_gmt":"2024-07-14T09:02:55","slug":"dzien-imienin-ks-kamila","status":"publish","type":"post","link":"https:\/\/albert.radom.pl\/?p=5844","title":{"rendered":"Dzie\u0144 imienin ks. Kamila"},"content":{"rendered":"<p>14 lipca to wspomnienie liturgiczne \u015bw. Kamila de Lellis, patrona z chrztu ks. Kamila Borkowskiego, wikariusza naszej parafii.<!--more--><\/p>\n<p style=\"text-align: center;\"><em>Ksi\u0119\u017ce Kamilu dzi\u0119kuj\u0105c Bogu za dar Twojej obecno\u015bci w naszej parafii,<\/em><br \/>\n<em>w dniu Twoich Imienin, stajemy przy Tobie, aby \u017cyczy\u0107 Tobie du\u017co zdrowia, rado\u015bci z czynionej pos\u0142ugi duszpasterskiej w naszej parafii, i po\u015br\u00f3d ludzi chorych i starszych w DPS.<\/em><br \/>\n<em>\u017byczmy si\u0142y do realizacji wszystkich zamierze\u0144 i plan\u00f3w. Aby\u015b, w swoim otoczeniu i swojej pos\u0142ugi zawsze spotyka\u0142 dobrych, \u017cyczliwych i pomocnych ludzi.<\/em><br \/>\n<em>\u017byczymy, aby ka\u017cdego dnia towarzyszy\u0142a Ci pomoc i opieka Bo\u017ca.<\/em><br \/>\n<em>Modlimy si\u0119, by B\u00f3g b\u0142ogos\u0142awi\u0142 Ci\u0119 oraz obdarza\u0142 nieustannie swoj\u0105 \u0142ask\u0105 i pokojem, aby\u015b jak najowocniej dalej s\u0142u\u017cy\u0142 budowaniu Kr\u00f3lestwa Bo\u017cego w naszej parafii.<\/em><\/p>\n<div id='gallery-1' class='gallery galleryid-5844 gallery-columns-6 gallery-size-thumbnail'><figure class='gallery-item'>\n\t\t\t<div class='gallery-icon landscape'>\n\t\t\t\t<a href='https:\/\/albert.radom.pl\/wp-content\/uploads\/2024\/07\/451232068_787351160236086_3631125870712770410_n.jpg'><img loading=\"lazy\" decoding=\"async\" width=\"150\" height=\"150\" src=\"https:\/\/albert.radom.pl\/wp-content\/uploads\/2024\/07\/451232068_787351160236086_3631125870712770410_n-150x150.jpg\" class=\"attachment-thumbnail size-thumbnail\" alt=\"\" \/><\/a>\n\t\t\t<\/div><\/figure><figure class='gallery-item'>\n\t\t\t<div class='gallery-icon landscape'>\n\t\t\t\t<a href='https:\/\/albert.radom.pl\/wp-content\/uploads\/2024\/07\/451134096_787351483569387_7898143625682042019_n.jpg'><img loading=\"lazy\" decoding=\"async\" width=\"150\" height=\"150\" src=\"https:\/\/albert.radom.pl\/wp-content\/uploads\/2024\/07\/451134096_787351483569387_7898143625682042019_n-150x150.jpg\" class=\"attachment-thumbnail size-thumbnail\" alt=\"\" \/><\/a>\n\t\t\t<\/div><\/figure><figure class='gallery-item'>\n\t\t\t<div class='gallery-icon landscape'>\n\t\t\t\t<a href='https:\/\/albert.radom.pl\/wp-content\/uploads\/2024\/07\/451067484_787351443569391_5638742489396326450_n.jpg'><img loading=\"lazy\" decoding=\"async\" width=\"150\" height=\"150\" src=\"https:\/\/albert.radom.pl\/wp-content\/uploads\/2024\/07\/451067484_787351443569391_5638742489396326450_n-150x150.jpg\" class=\"attachment-thumbnail size-thumbnail\" alt=\"\" \/><\/a>\n\t\t\t<\/div><\/figure><figure class='gallery-item'>\n\t\t\t<div class='gallery-icon landscape'>\n\t\t\t\t<a href='https:\/\/albert.radom.pl\/wp-content\/uploads\/2024\/07\/451316137_787351513569384_8450700050699870160_n.jpg'><img loading=\"lazy\" decoding=\"async\" width=\"150\" height=\"150\" src=\"https:\/\/albert.radom.pl\/wp-content\/uploads\/2024\/07\/451316137_787351513569384_8450700050699870160_n-150x150.jpg\" class=\"attachment-thumbnail size-thumbnail\" alt=\"\" \/><\/a>\n\t\t\t<\/div><\/figure><figure class='gallery-item'>\n\t\t\t<div class='gallery-icon landscape'>\n\t\t\t\t<a href='https:\/\/albert.radom.pl\/wp-content\/uploads\/2024\/07\/451359682_787351190236083_4310396530961792318_n.jpg'><img loading=\"lazy\" decoding=\"async\" width=\"150\" height=\"150\" src=\"https:\/\/albert.radom.pl\/wp-content\/uploads\/2024\/07\/451359682_787351190236083_4310396530961792318_n-150x150.jpg\" class=\"attachment-thumbnail size-thumbnail\" alt=\"\" \/><\/a>\n\t\t\t<\/div><\/figure><figure class='gallery-item'>\n\t\t\t<div class='gallery-icon landscape'>\n\t\t\t\t<a href='https:\/\/albert.radom.pl\/wp-content\/uploads\/2024\/07\/451424448_787351573569378_8683557958384444373_n.jpg'><img loading=\"lazy\" decoding=\"async\" width=\"150\" height=\"150\" src=\"https:\/\/albert.radom.pl\/wp-content\/uploads\/2024\/07\/451424448_787351573569378_8683557958384444373_n-150x150.jpg\" class=\"attachment-thumbnail size-thumbnail\" alt=\"\" \/><\/a>\n\t\t\t<\/div><\/figure>\n\t\t<\/div>\n\n","protected":false},"excerpt":{"rendered":"<p>14 lipca to wspomnienie liturgiczne \u015bw. Kamila de Lellis, patrona z chrztu ks. Kamila Borkowskiego,&#8230;<\/p>\n","protected":false},"author":1,"featured_media":5847,"comment_status":"closed","ping_status":"closed","sticky":false,"template":"","format":"standard","meta":{"footnotes":""},"categories":[19],"tags":[],"class_list":["post-5844","post","type-post","status-publish","format-standard","has-post-thumbnail","hentry","category-aktualnosci"],"featured_image_urls":{"full":["https:\/\/albert.radom.pl\/wp-content\/uploads\/2024\/07\/451232068_787351160236086_3631125870712770410_n.jpg",2048,1536,false],"thumbnail":["https:\/\/albert.radom.pl\/wp-content\/uploads\/2024\/07\/451232068_787351160236086_3631125870712770410_n-150x150.jpg",150,150,true],"medium":["https:\/\/albert.radom.pl\/wp-content\/uploads\/2024\/07\/451232068_787351160236086_3631125870712770410_n-300x225.jpg",300,225,true],"medium_large":["https:\/\/albert.radom.pl\/wp-content\/uploads\/2024\/07\/451232068_787351160236086_3631125870712770410_n-768x576.jpg",640,480,true],"large":["https:\/\/albert.radom.pl\/wp-content\/uploads\/2024\/07\/451232068_787351160236086_3631125870712770410_n-1024x768.jpg",640,480,true],"1536x1536":["https:\/\/albert.radom.pl\/wp-content\/uploads\/2024\/07\/451232068_787351160236086_3631125870712770410_n-1536x1152.jpg",1536,1152,true],"2048x2048":["https:\/\/albert.radom.pl\/wp-content\/uploads\/2024\/07\/451232068_787351160236086_3631125870712770410_n.jpg",2048,1536,false],"newsever-slider-full":["https:\/\/albert.radom.pl\/wp-content\/uploads\/2024\/07\/451232068_787351160236086_3631125870712770410_n-1280x845.jpg",1280,845,true],"newsever-featured":["https:\/\/albert.radom.pl\/wp-content\/uploads\/2024\/07\/451232068_787351160236086_3631125870712770410_n-1024x768.jpg",1024,768,true],"newsever-medium":["https:\/\/albert.radom.pl\/wp-content\/uploads\/2024\/07\/451232068_787351160236086_3631125870712770410_n-720x475.jpg",720,475,true]},"author_info":{"display_name":"xdar","author_link":"https:\/\/albert.radom.pl\/?author=1"},"category_info":"<a href=\"https:\/\/albert.radom.pl\/?cat=19\" rel=\"category\">Aktualno\u015bci<\/a>","tag_info":"Aktualno\u015bci","comment_count":"0","_links":{"self":[{"href":"https:\/\/albert.radom.pl\/index.php?rest_route=\/wp\/v2\/posts\/5844","targetHints":{"allow":["GET"]}}],"collection":[{"href":"https:\/\/albert.radom.pl\/index.php?rest_route=\/wp\/v2\/posts"}],"about":[{"href":"https:\/\/albert.radom.pl\/index.php?rest_route=\/wp\/v2\/types\/post"}],"author":[{"embeddable":true,"href":"https:\/\/albert.radom.pl\/index.php?rest_route=\/wp\/v2\/users\/1"}],"replies":[{"embeddable":true,"href":"https:\/\/albert.radom.pl\/index.php?rest_route=%2Fwp%2Fv2%2Fcomments&post=5844"}],"version-history":[{"count":1,"href":"https:\/\/albert.radom.pl\/index.php?rest_route=\/wp\/v2\/posts\/5844\/revisions"}],"predecessor-version":[{"id":5851,"href":"https:\/\/albert.radom.pl\/index.php?rest_route=\/wp\/v2\/posts\/5844\/revisions\/5851"}],"wp:featuredmedia":[{"embeddable":true,"href":"https:\/\/albert.radom.pl\/index.php?rest_route=\/wp\/v2\/media\/5847"}],"wp:attachment":[{"href":"https:\/\/albert.radom.pl\/index.php?rest_route=%2Fwp%2Fv2%2Fmedia&parent=5844"}],"wp:term":[{"taxonomy":"category","embeddable":true,"href":"https:\/\/albert.radom.pl\/index.php?rest_route=%2Fwp%2Fv2%2Fcategories&post=5844"},{"taxonomy":"post_tag","embeddable":true,"href":"https:\/\/albert.radom.pl\/index.php?rest_route=%2Fwp%2Fv2%2Ftags&post=5844"}],"curies":[{"name":"wp","href":"https:\/\/api.w.org\/{rel}","templated":true}]}}