{"id":5862,"date":"2024-07-29T09:08:23","date_gmt":"2024-07-29T07:08:23","guid":{"rendered":"https:\/\/albert.radom.pl\/?p=5862"},"modified":"2024-07-30T09:14:18","modified_gmt":"2024-07-30T07:14:18","slug":"parafialna-oaza-wakacyjna","status":"publish","type":"post","link":"https:\/\/albert.radom.pl\/?p=5862","title":{"rendered":"Parafialna oaza wakacyjna"},"content":{"rendered":"<p>Nasz parafia w dniach od 23 do 28 lipca zorganizowa\u0142a wypoczynek letni dla dzieci w Murzasichlu.<!--more--><\/p>\n<p>Grupa ponad 40 os\u00f3b z wikariuszem ks. Karolem Kosteckim i wychowawcami prze\u017cywa\u0142a czas parafialnej oazy wakacyjnej pod has\u0142em: &#8222;Wiara g\u00f3ry przenosi&#8221;. \u2013 Podczas spotka\u0144 formacyjnych uczestnicy poznawali najwa\u017cniejsze g\u00f3ry Nowego Testamentu, odkrywaj\u0105c w ten spos\u00f3b, \u017ce Pan B\u00f3g zaprasza nas do szczeg\u00f3lnej w\u0119dr\u00f3wki wiary \u2013 wyja\u015bnia ks. Kostecki, organizator wypoczynku.<\/p>\n<p>Dzieci wraz z przewodnikiem TPN w\u0119drowa\u0142y po tatrza\u0144skich szlakach, zdobywaj\u0105c m.in. Wielki Kopieniec czy Przys\u0142op Mi\u0119tusi. Odwiedzi\u0142y pustelni\u0119 patrona parafii \u015bw. Brata Alberta na Kalat\u00f3wkach oraz sanktuaria na Krzept\u00f3wkach i zakopia\u0144skiej Olczy. Jako wsp\u00f3lnota oazowa odwiedzili tak\u017ce Centrum Ruchu \u015awiat\u0142o\u2013\u017bycie w Kro\u015bcienku nad Dunajcem.<\/p>\n<p>\u2013 Jeste\u015bmy przekonani, \u017ce taka forma integracji dzieci z parafialnych grup duszpasterskich pomaga im odczuwa\u0107, \u017ce stanowi\u0105 konkretn\u0105 wsp\u00f3lnot\u0119 ludzi kochaj\u0105cych Boga i ludzi. Ten wysi\u0142ek w\u0142o\u017cony w przygotowanie i przeprowadzenie wypoczynku nie idzie na marne, ale procentuje na kolejne lata \u017cycia parafialnego wsp\u00f3lnoty na radomskim Pr\u0119docinku \u2013 m\u00f3wi wychowawca Marta Pawelczyk.<\/p>\n<p>Na zako\u0144czenie wypoczynku dzieci z wychowawcami uczestniczyli w Eucharystii w krakowskim sanktuarium Ecce Homo. Tam zawierzyli siebie i swoj\u0105 parafi\u0119 opiece patrona \u015bw. Brata Alberta. \u2013 Przes\u0142anie, kt\u00f3re zostawia nam niedzielna Ewangelia i \u015bw. Brat Albert jest jedno: mamy by\u0107 dobrymi jak chleb! Nie mo\u017cna inaczej! \u2013 m\u00f3wi ks. Karol.<\/p>\n<p>Wyjazd otrzyma\u0142 finansowe wsparcie Caritas Diecezji Radomskiej, dzi\u0119ki kt\u00f3remu wiele os\u00f3b mog\u0142o wzi\u0105\u0107 w nim udzia\u0142.<\/p>\n<p>Wi\u0119cej relacji i fotografii z wyjazdu na parafialnym Facebooku <strong><a href=\"https:\/\/www.facebook.com\/BratAlbertRadom\/\" target=\"_blank\" rel=\"noopener\">TUTAJ<\/a><\/strong><\/p>\n","protected":false},"excerpt":{"rendered":"<p>Nasz parafia w dniach od 23 do 28 lipca zorganizowa\u0142a wypoczynek letni dla dzieci w&#8230;<\/p>\n","protected":false},"author":1,"featured_media":5863,"comment_status":"closed","ping_status":"closed","sticky":false,"template":"","format":"standard","meta":{"footnotes":""},"categories":[19,41],"tags":[],"class_list":["post-5862","post","type-post","status-publish","format-standard","has-post-thumbnail","hentry","category-aktualnosci","category-oaza-dzeici-i-mlodziezy"],"featured_image_urls":{"full":["https:\/\/albert.radom.pl\/wp-content\/uploads\/2024\/07\/453273276_918569780284553_1704429966992156432_n.jpg",1200,725,false],"thumbnail":["https:\/\/albert.radom.pl\/wp-content\/uploads\/2024\/07\/453273276_918569780284553_1704429966992156432_n-150x150.jpg",150,150,true],"medium":["https:\/\/albert.radom.pl\/wp-content\/uploads\/2024\/07\/453273276_918569780284553_1704429966992156432_n-300x181.jpg",300,181,true],"medium_large":["https:\/\/albert.radom.pl\/wp-content\/uploads\/2024\/07\/453273276_918569780284553_1704429966992156432_n-768x464.jpg",640,387,true],"large":["https:\/\/albert.radom.pl\/wp-content\/uploads\/2024\/07\/453273276_918569780284553_1704429966992156432_n-1024x619.jpg",640,387,true],"1536x1536":["https:\/\/albert.radom.pl\/wp-content\/uploads\/2024\/07\/453273276_918569780284553_1704429966992156432_n.jpg",1200,725,false],"2048x2048":["https:\/\/albert.radom.pl\/wp-content\/uploads\/2024\/07\/453273276_918569780284553_1704429966992156432_n.jpg",1200,725,false],"newsever-slider-full":["https:\/\/albert.radom.pl\/wp-content\/uploads\/2024\/07\/453273276_918569780284553_1704429966992156432_n.jpg",1200,725,false],"newsever-featured":["https:\/\/albert.radom.pl\/wp-content\/uploads\/2024\/07\/453273276_918569780284553_1704429966992156432_n-1024x619.jpg",1024,619,true],"newsever-medium":["https:\/\/albert.radom.pl\/wp-content\/uploads\/2024\/07\/453273276_918569780284553_1704429966992156432_n-720x475.jpg",720,475,true]},"author_info":{"display_name":"xdar","author_link":"https:\/\/albert.radom.pl\/?author=1"},"category_info":"<a href=\"https:\/\/albert.radom.pl\/?cat=19\" rel=\"category\">Aktualno\u015bci<\/a> <a href=\"https:\/\/albert.radom.pl\/?cat=41\" rel=\"category\">Oaza Dzeici i M\u0142odzie\u017cy<\/a>","tag_info":"Oaza Dzeici i M\u0142odzie\u017cy","comment_count":"0","_links":{"self":[{"href":"https:\/\/albert.radom.pl\/index.php?rest_route=\/wp\/v2\/posts\/5862","targetHints":{"allow":["GET"]}}],"collection":[{"href":"https:\/\/albert.radom.pl\/index.php?rest_route=\/wp\/v2\/posts"}],"about":[{"href":"https:\/\/albert.radom.pl\/index.php?rest_route=\/wp\/v2\/types\/post"}],"author":[{"embeddable":true,"href":"https:\/\/albert.radom.pl\/index.php?rest_route=\/wp\/v2\/users\/1"}],"replies":[{"embeddable":true,"href":"https:\/\/albert.radom.pl\/index.php?rest_route=%2Fwp%2Fv2%2Fcomments&post=5862"}],"version-history":[{"count":2,"href":"https:\/\/albert.radom.pl\/index.php?rest_route=\/wp\/v2\/posts\/5862\/revisions"}],"predecessor-version":[{"id":5865,"href":"https:\/\/albert.radom.pl\/index.php?rest_route=\/wp\/v2\/posts\/5862\/revisions\/5865"}],"wp:featuredmedia":[{"embeddable":true,"href":"https:\/\/albert.radom.pl\/index.php?rest_route=\/wp\/v2\/media\/5863"}],"wp:attachment":[{"href":"https:\/\/albert.radom.pl\/index.php?rest_route=%2Fwp%2Fv2%2Fmedia&parent=5862"}],"wp:term":[{"taxonomy":"category","embeddable":true,"href":"https:\/\/albert.radom.pl\/index.php?rest_route=%2Fwp%2Fv2%2Fcategories&post=5862"},{"taxonomy":"post_tag","embeddable":true,"href":"https:\/\/albert.radom.pl\/index.php?rest_route=%2Fwp%2Fv2%2Ftags&post=5862"}],"curies":[{"name":"wp","href":"https:\/\/api.w.org\/{rel}","templated":true}]}}