{"id":5901,"date":"2024-08-07T19:22:55","date_gmt":"2024-08-07T17:22:55","guid":{"rendered":"https:\/\/albert.radom.pl\/?p=5901"},"modified":"2024-08-08T09:50:48","modified_gmt":"2024-08-08T07:50:48","slug":"standardy-ochrony-dzieci-w-parafii","status":"publish","type":"post","link":"https:\/\/albert.radom.pl\/?p=5901","title":{"rendered":"Standardy Ochrony Dzieci w parafii"},"content":{"rendered":"<p style=\"text-align: left;\"><strong>W Parafii \u015aw. Brata Alberta w Radomiu<\/strong> zosta\u0142 opracowany i wprowadzony w \u017cycie niniejszy dokument, kt\u00f3ry stanowi realizacj\u0119 prawnego obowi\u0105zku dotycz\u0105cego wprowadzenia we wszelkich instytucjach, w kt\u00f3rych przebywaj\u0105 dzieci, standard\u00f3w ich ochrony przed krzywdzeniem [ustawa z dnia 28 lipca 2023 roku o zmianie ustawy Kodeks rodzinny i opieku\u0144czy oraz niekt\u00f3rych innych ustaw (Dz.U. 2023 poz. 1606)]. Opracowuj\u0105c dokument, wzi\u0119to pod uwag\u0119 wytyczne zar\u00f3wno prawa pa\u0144stwowego, jak i ko\u015bcielnego.<br \/>\nOdpowiedzialnym za wdra\u017canie w \u017cycie niniejszych standard\u00f3w ochrony przed przemoc\u0105 jest proboszcz (administrator) parafii. Standardy ochrony s\u0105 dost\u0119pne w parafii i podane do publicznej wiadomo\u015bci.<\/p>\n<p><strong>1. Najwa\u017cniejsze elementy standard\u00f3w ochrony dzieci<\/strong><br \/>\n\u2022 Standardy ochrony dzieci to zasady, kt\u00f3re maj\u0105 przyczynia\u0107 si\u0119 do tworzenia bezpiecznego \u015brodowiska w taki spos\u00f3b, by ka\u017cde dziecko mog\u0142o si\u0119 czu\u0107 w parafii dobrze, by\u0142o w niej akceptowane i szanowane. Standardy okre\u015blaj\u0105 r\u00f3wnie\u017c spos\u00f3b reagowania na krzywd\u0119 lub niestosowne zachowanie w parafii lub poza ni\u0105, a tak\u017ce wyznaczaj\u0105 spos\u00f3b post\u0119powania z osob\u0105 krzywdzon\u0105 i sprawc\u0105.<br \/>\n\u2022 Ka\u017cdy osoba w naszej parafii jest odpowiedzialna za tworzenie bezpiecznego \u015brodowiska: ksi\u0119\u017ca, siostry zakonne, pracownicy, animatorzy, rodzice, dzieci i m\u0142odzie\u017c. Wszyscy razem staraj\u0105 si\u0119 wsp\u00f3\u0142pracowa\u0107 w trosce o dobro wsp\u00f3lne.<br \/>\n\u2022 W parafii wyznaczona jest osoba, kt\u00f3ra ma szczeg\u00f3ln\u0105 odpowiedzialno\u015b\u0107 w zakresie ochrony dzieci i m\u0142odzie\u017cy przed krzywdzeniem:<br \/>\nosoba zaufania \u2013 Stanis\u0142aw Jagie\u0142\u0142o<br \/>\nkontakt: +48 888 369 770<br \/>\n\u2022 Wszystkie dzia\u0142ania powinny by\u0107 podejmowane w trosce o dzieci i m\u0142odzie\u017c, zapewnia\u0107 im poczucie bezpiecze\u0144stwa oraz wspomaga\u0107 ich rozw\u00f3j.<br \/>\n\u2022 W parafii organizowane s\u0105 r\u00f3\u017cne inicjatywy edukacyjne skierowane do pracownik\u00f3w, animator\u00f3w, rodzic\u00f3w, dzieci i m\u0142odzie\u017cy w celu tworzenia bezpiecznego \u015brodowiska, ochrony przed krzywdzeniem i przeciwdzia\u0142ania r\u00f3\u017cnym formom przemocy.<br \/>\n\u2022 Niedopuszczalne jest stosowanie jakiejkolwiek formy przemocy (fizycznej, psychicznej czy seksualnej) przez pracownik\u00f3w parafii lub dzieci.<br \/>\n\u2022 Ka\u017cdy sygna\u0142 \u015bwiadcz\u0105cy o tym, \u017ce dziecko mo\u017ce do\u015bwiadcza\u0107 przemocy ze strony osoby doros\u0142ej lub innego dziecka w parafii lub poza ni\u0105, jest zawsze bardzo powa\u017cnie traktowany przez pracownik\u00f3w parafii. Ka\u017cda sytuacja jest odpowiednio badana, a podejmowane dzia\u0142ania maj\u0105 na celu jak najszybsze przerwanie krzywdzenia i udzielenie wsparcia osobie, kt\u00f3ra go do\u015bwiadcza. Pracownicy parafii podejmuj\u0105 dzia\u0142ania wed\u0142ug zasad okre\u015blonych w pe\u0142nej wersji standard\u00f3w ochrony dzieci.<br \/>\n\u2022 Kiedy dzieje si\u0119 co\u015b niepokoj\u0105cego, szczeg\u00f3lnie wtedy, gdy dzieci i m\u0142odzie\u017c s\u0105 krzywdzeni przez innych lub s\u0105 \u015bwiadkami krzywdy innej osoby, niezw\u0142ocznie powinni o sytuacji poinformowa\u0107 pracownik\u00f3w parafii\/animator\u00f3w\/osob\u0119 zaufania.<br \/>\n\u2022 Szczeg\u00f3lnie wa\u017cn\u0105 cz\u0119\u015bci\u0105 standard\u00f3w s\u0105 zasady bezpiecznych relacji mi\u0119dzy doros\u0142ymi a dzie\u0107mi oraz mi\u0119dzy dzie\u0107mi. Maj\u0105 one s\u0142u\u017cy\u0107 tworzeniu bezpiecznego i przyjaznego \u015brodowiska w parafii. Pracownicy\/animatorzy b\u0119d\u0105 zawsze reagowa\u0107 na przekraczanie i nierespektowanie przyj\u0119tych zasad.<br \/>\n\u2022 Podstawow\u0105 zasad\u0105 jest r\u00f3wne traktowanie wszystkich dzieci. Godno\u015b\u0107 ka\u017cdej osoby jest w naszej parafii szanowana. Jednocze\u015bnie uwzgl\u0119dnia si\u0119 wyj\u0105tkowo\u015b\u0107 i indywidualno\u015b\u0107 ka\u017cdej osoby, co wymaga dostosowania metod i podej\u015bcia uwzgl\u0119dniaj\u0105cego jego potrzeby i sytuacj\u0119 \u017cyciow\u0105.<br \/>\n\u2022 Pracownicy parafii\/animatorzy powinni reagowa\u0107 na niew\u0142a\u015bciwe zachowania dziecka wobec samego siebie, r\u00f3wie\u015bnik\u00f3w lub doros\u0142ych, upominaj\u0105c go i stosuj\u0105c przyj\u0119te w parafii \u015brodki dyscyplinuj\u0105ce. Jest to przejaw troski os\u00f3b doros\u0142ych o bezpiecze\u0144stwo i prawid\u0142owy rozw\u00f3j dzieci.<br \/>\n\u2022 Troska o bezpiecze\u0144stwo i dobre relacje dotyczy r\u00f3wnie\u017c Internetu i komunikacji drog\u0105 elektroniczn\u0105. Parafia dba o to, by dost\u0119p do Internetu by\u0142 bezpieczny, wprowadza rozwi\u0105zania ograniczaj\u0105ce mo\u017cliwo\u015b\u0107 dost\u0119pu do tre\u015bci szkodliwych. Ponadto pracownicy parafii reaguj\u0105 na niebezpieczne, szkodliwe i krzywdz\u0105ce sytuacje dziej\u0105ce si\u0119 w przestrzeni internetowej. Dziecko zawsze mo\u017ce poprosi\u0107 o pomoc, gdy on sam lub kto\u015b inny do\u015bwiadcza krzywdzenia w sieci.<br \/>\n\u2022 Pracownicy parafii dbaj\u0105 o ochron\u0119 wizerunku dzieci i m\u0142odzie\u017cy. Rodzice decyduj\u0105, czy wyra\u017caj\u0105 zgod\u0119 na publikacj\u0119 zdj\u0119\u0107 i film\u00f3w prezentuj\u0105cych wizerunek ich dzieci. Podczas r\u00f3\u017cnych wydarze\u0144 zwi\u0105zanych z \u017cyciem parafii s\u0105 robione zdj\u0119cia i nagrywane filmy, kt\u00f3re mog\u0105 p\u00f3\u017aniej by\u0107 wykorzystane w mediach spo\u0142eczno\u015bciowych. Mog\u0105 by\u0107 na nich obecni tylko ci, kt\u00f3rych rodzice wyrazili na to zgod\u0119. Ka\u017cde dziecko w momencie wykonywania zdj\u0119\u0107 lub nagra\u0144 ma prawo powiedzie\u0107, \u017ce nie chce, by jego wizerunek w materia\u0142ach z tego konkretnego wydarzenia by\u0142 publikowany. Pracownicy szanuj\u0105 decyzj\u0119 dziecka. Powy\u017csza zasada nie dotyczy sytuacji, kiedy wizerunek osoby stanowi jedynie szczeg\u00f3\u0142 ca\u0142o\u015bci, takiej jak zgromadzenie, krajobraz lub impreza publiczna.<br \/>\n\u2022 Dzieci i m\u0142odzie\u017c powinny szanowa\u0107 prawo do prywatno\u015bci r\u00f3wie\u015bnik\u00f3w oraz doros\u0142ych, dlatego nie mog\u0105 publikowa\u0107 w przestrzeni internetowej i w swoich mediach spo\u0142eczno\u015bciowych wizerunku innych os\u00f3b bez jej wiedzy i zgody.<\/p>\n<p><strong>2. Zasady bezpiecznych relacji pracownik\u00f3w parafii z dzie\u0107mi<\/strong><br \/>\n\u2022 W standardach ochrony dzieci znajduje si\u0119 szczeg\u00f3\u0142owy kodeks zachowa\u0144, kt\u00f3ry powinien by\u0107 respektowany przez wszystkich pracownik\u00f3w parafii. Poni\u017cej zamieszczamy streszczenie najwa\u017cniejszych zasad obowi\u0105zuj\u0105cych osoby doros\u0142e pracuj\u0105ce w parafii:<br \/>\n\u2022 Pracownicy parafii podejmuj\u0105 dzia\u0142ania dla dobra dzieci i w ich najlepszym interesie.<br \/>\n\u2022 Ka\u017cde dziecko jest traktowane z szacunkiem, uwzgl\u0119dnia si\u0119 jego godno\u015b\u0107, prawo do prywatno\u015bci, a tak\u017ce indywidualne potrzeby, zdolno\u015bci i sytuacj\u0119 \u017cyciow\u0105.<br \/>\n\u2022 Indywidualne podej\u015bcie nie mo\u017ce oznacza\u0107 niesprawiedliwego faworyzowania wybranego dziecka.<br \/>\n\u2022 Pracownicy dbaj\u0105 o tworzenie odpowiednich relacji z dzie\u0107mi, w\u0142a\u015bciwych dla os\u00f3b doros\u0142ych, opartych na szacunku, zaufaniu i respektowaniu odpowiednich granic w komunikacji i kontakcie fizycznym.<br \/>\n\u2022 Niedopuszczalne jest stosowanie przemocy w jakiejkolwiek formie.<br \/>\n\u2022 Niedopuszczalne jest nawi\u0105zywanie z dzie\u0107mi i m\u0142odzie\u017c\u0105 jakichkolwiek relacji o charakterze seksualnym czy romantycznym.<br \/>\n\u2022 Niedopuszczalne jest utrwalanie wizerunku dzieci dla cel\u00f3w prywatnych.<br \/>\n\u2022 Ka\u017cdy kontakt z dzie\u0107mi jest jawny i wynika z realizacji zada\u0144 i dzia\u0142a\u0144 prowadzonych na rzecz parafii. Pracownicy nie mog\u0105 utrzymywa\u0107 relacji prywatnych z dzie\u0107mi (poza sytuacjami, gdy kontakty poza parafi\u0105 wynikaj\u0105 z innych przyczyn \u2013 np. pracownik jest cz\u0142onkiem rodziny b\u0105d\u017a znajomym rodziny dziecka).<br \/>\n\u2022 W sytuacji, gdy doro\u015bli nie stosuj\u0105 si\u0119 do przyj\u0119tych zasad, \u015bwiadek takiego zachowania mo\u017ce zg\u0142osi\u0107 spraw\u0119 do osoby przyjmuj\u0105cej zg\u0142oszenia, innego pracownika parafii, kt\u00f3rego darzy zaufaniem, lub bezpo\u015brednio do proboszcza.<\/p>\n<p><strong>3. Zasady bezpiecznych relacji mi\u0119dzy dzie\u0107mi<\/strong><br \/>\n\u2022 W parafii zosta\u0142a opracowana pe\u0142na i skr\u00f3cona wersja zasad dla dzieci.<\/p>\n<p><strong>4. Osoby i miejsca, gdzie mo\u017cna uzyska\u0107 pomoc<\/strong><br \/>\n\u2022 W sytuacji gdy: do\u015bwiadczasz przemocy ze strony osoby doros\u0142ej lub innego dziecka w parafii lub poza ni\u0105, jeste\u015b \u015bwiadkiem krzywdzenia innej osoby, dzieje si\u0119 co\u015b niepokoj\u0105cego, prze\u017cywasz trudne chwile, nie zostawaj z tym sam\/sama. Mo\u017cesz znale\u017a\u0107 wsparcie. Blisko Ciebie s\u0105 osoby, kt\u00f3re b\u0119d\u0105 umia\u0142y Ci pom\u00f3c.<br \/>\n\u2022 Osoby, do kt\u00f3rych zawsze mo\u017cesz si\u0119 zwr\u00f3ci\u0107 w parafii o pomoc: osoba przyjmuj\u0105ca zg\u0142oszenia o krzywdzeniu \/ osoba zaufania; ksi\u0105dz\/siostra zakonna; animator; ka\u017cdy pracownik parafii, kt\u00f3rego darzysz zaufaniem.<br \/>\n\u2022 Mo\u017cesz te\u017c szuka\u0107 wsparcia poza parafi\u0105. Warto zna\u0107 telefony zaufania i miejsca, w kt\u00f3rych mo\u017cesz uzyska\u0107 fachow\u0105 pomoc:<br \/>\no 800-12-12-12 \u2013 ca\u0142odobowy Dzieci\u0119cy Telefon Zaufania Rzecznika Praw Dziecka;<br \/>\no 116-111 \u2013 ca\u0142odobowy telefon zaufania dla dzieci i m\u0142odzie\u017cy prowadzony przez Fundacj\u0119 Dajemy Dzieciom Si\u0142\u0119;<br \/>\no 112 \u2013 numer alarmowy w sytuacji zagro\u017cenia \u017cycia lub zdrowia.<\/p>\n<p><a href=\"https:\/\/albert.radom.pl\/wp-content\/uploads\/2024\/08\/1-Standardy-ochrony-dzieci-w-parafiach-Diecezji-Radomskiej.pdf\" target=\"_blank\" rel=\"noopener\"><strong>WERSJA PDF PE\u0141NA<\/strong><\/a><\/p>\n<p><img loading=\"lazy\" decoding=\"async\" class=\"aligncenter size-full wp-image-5905\" src=\"https:\/\/albert.radom.pl\/wp-content\/uploads\/2024\/08\/Standardy-Ochrony-Dzieci-1-1024x725-1.jpg\" alt=\"\" width=\"1024\" height=\"725\" srcset=\"https:\/\/albert.radom.pl\/wp-content\/uploads\/2024\/08\/Standardy-Ochrony-Dzieci-1-1024x725-1.jpg 1024w, https:\/\/albert.radom.pl\/wp-content\/uploads\/2024\/08\/Standardy-Ochrony-Dzieci-1-1024x725-1-300x212.jpg 300w, https:\/\/albert.radom.pl\/wp-content\/uploads\/2024\/08\/Standardy-Ochrony-Dzieci-1-1024x725-1-768x544.jpg 768w\" sizes=\"auto, (max-width: 1024px) 100vw, 1024px\" \/><\/p>\n<p><img loading=\"lazy\" decoding=\"async\" class=\"aligncenter size-full wp-image-5906\" src=\"https:\/\/albert.radom.pl\/wp-content\/uploads\/2024\/08\/Standardy-Ochrony-Dzieci_skrot-724x1024-1.jpg\" alt=\"\" width=\"724\" height=\"1024\" srcset=\"https:\/\/albert.radom.pl\/wp-content\/uploads\/2024\/08\/Standardy-Ochrony-Dzieci_skrot-724x1024-1.jpg 724w, https:\/\/albert.radom.pl\/wp-content\/uploads\/2024\/08\/Standardy-Ochrony-Dzieci_skrot-724x1024-1-212x300.jpg 212w\" sizes=\"auto, (max-width: 724px) 100vw, 724px\" \/><\/p>\n<p>&nbsp;<\/p>\n","protected":false},"excerpt":{"rendered":"<p>W Parafii \u015aw. Brata Alberta w Radomiu zosta\u0142 opracowany i wprowadzony w \u017cycie niniejszy dokument,&#8230;<\/p>\n","protected":false},"author":1,"featured_media":5902,"comment_status":"closed","ping_status":"closed","sticky":false,"template":"","format":"standard","meta":{"footnotes":""},"categories":[80],"tags":[],"class_list":["post-5901","post","type-post","status-publish","format-standard","has-post-thumbnail","hentry","category-standardy-ochrony-dzieci"],"featured_image_urls":{"full":["https:\/\/albert.radom.pl\/wp-content\/uploads\/2024\/08\/ochrona_dz.png",729,428,false],"thumbnail":["https:\/\/albert.radom.pl\/wp-content\/uploads\/2024\/08\/ochrona_dz-150x150.png",150,150,true],"medium":["https:\/\/albert.radom.pl\/wp-content\/uploads\/2024\/08\/ochrona_dz-300x176.png",300,176,true],"medium_large":["https:\/\/albert.radom.pl\/wp-content\/uploads\/2024\/08\/ochrona_dz.png",640,376,false],"large":["https:\/\/albert.radom.pl\/wp-content\/uploads\/2024\/08\/ochrona_dz.png",640,376,false],"1536x1536":["https:\/\/albert.radom.pl\/wp-content\/uploads\/2024\/08\/ochrona_dz.png",729,428,false],"2048x2048":["https:\/\/albert.radom.pl\/wp-content\/uploads\/2024\/08\/ochrona_dz.png",729,428,false],"newsever-slider-full":["https:\/\/albert.radom.pl\/wp-content\/uploads\/2024\/08\/ochrona_dz.png",729,428,false],"newsever-featured":["https:\/\/albert.radom.pl\/wp-content\/uploads\/2024\/08\/ochrona_dz.png",729,428,false],"newsever-medium":["https:\/\/albert.radom.pl\/wp-content\/uploads\/2024\/08\/ochrona_dz-720x428.png",720,428,true]},"author_info":{"display_name":"xdar","author_link":"https:\/\/albert.radom.pl\/?author=1"},"category_info":"<a href=\"https:\/\/albert.radom.pl\/?cat=80\" rel=\"category\">Standardy Ochrony Dzieci<\/a>","tag_info":"Standardy Ochrony Dzieci","comment_count":"0","_links":{"self":[{"href":"https:\/\/albert.radom.pl\/index.php?rest_route=\/wp\/v2\/posts\/5901","targetHints":{"allow":["GET"]}}],"collection":[{"href":"https:\/\/albert.radom.pl\/index.php?rest_route=\/wp\/v2\/posts"}],"about":[{"href":"https:\/\/albert.radom.pl\/index.php?rest_route=\/wp\/v2\/types\/post"}],"author":[{"embeddable":true,"href":"https:\/\/albert.radom.pl\/index.php?rest_route=\/wp\/v2\/users\/1"}],"replies":[{"embeddable":true,"href":"https:\/\/albert.radom.pl\/index.php?rest_route=%2Fwp%2Fv2%2Fcomments&post=5901"}],"version-history":[{"count":7,"href":"https:\/\/albert.radom.pl\/index.php?rest_route=\/wp\/v2\/posts\/5901\/revisions"}],"predecessor-version":[{"id":5915,"href":"https:\/\/albert.radom.pl\/index.php?rest_route=\/wp\/v2\/posts\/5901\/revisions\/5915"}],"wp:featuredmedia":[{"embeddable":true,"href":"https:\/\/albert.radom.pl\/index.php?rest_route=\/wp\/v2\/media\/5902"}],"wp:attachment":[{"href":"https:\/\/albert.radom.pl\/index.php?rest_route=%2Fwp%2Fv2%2Fmedia&parent=5901"}],"wp:term":[{"taxonomy":"category","embeddable":true,"href":"https:\/\/albert.radom.pl\/index.php?rest_route=%2Fwp%2Fv2%2Fcategories&post=5901"},{"taxonomy":"post_tag","embeddable":true,"href":"https:\/\/albert.radom.pl\/index.php?rest_route=%2Fwp%2Fv2%2Ftags&post=5901"}],"curies":[{"name":"wp","href":"https:\/\/api.w.org\/{rel}","templated":true}]}}