{"id":591,"date":"2022-10-09T19:10:26","date_gmt":"2022-10-09T17:10:26","guid":{"rendered":"https:\/\/albert.radom.pl\/?p=591"},"modified":"2022-10-09T19:44:32","modified_gmt":"2022-10-09T17:44:32","slug":"oswiadczenie-komisji-wychowania-katolickiego-kep-w-sprawie-lekcji-religii-w-szkole","status":"publish","type":"post","link":"https:\/\/albert.radom.pl\/?p=591","title":{"rendered":"O\u015bwiadczenie Komisji Wychowania Katolickiego KEP w sprawie lekcji religii w szkole"},"content":{"rendered":"<p><strong>Wobec pojawiaj\u0105cych si\u0119 w przestrzeni publicznej negatywnych postaw i opinii odno\u015bnie do lekcji religii w szkole Komisja Wychowania Katolickiego pragnie podkre\u015bli\u0107 katechetyczne i wychowawcze znaczenie szkolnego nauczania religii i dzi\u0119kuje wszystkim, kt\u00f3rzy swoj\u0105 postaw\u0105 podkre\u015blaj\u0105 jego warto\u015b\u0107.<\/strong><\/p>\n<p><!--more--><\/p>\n<p>1. Lekcja religii w szkole to przede wszystkim wielka troska Ko\u015bcio\u0142a o wychowanie do wiary dzieci i m\u0142odzie\u017cy. Ko\u015bci\u00f3\u0142 zaprasza w ten spos\u00f3b m\u0142odych ludzi do pog\u0142\u0119biania swojej wi\u0119zi z Bogiem. Dzi\u0119ki nauce religii uczniowie maj\u0105 mo\u017cliwo\u015b\u0107 poznawania wiedzy o Bogu, kszta\u0142towania postaw wynikaj\u0105cych z wyznawanej wiary i zostaj\u0105 przygotowani do g\u0142\u0119bszego prze\u017cycia spotkania z Bogiem na modlitwie i w sakramentach \u015bwi\u0119tych. Lekcja religii pomaga jednocze\u015bnie rodzicom w realizacji ich obowi\u0105zku katolickiego wychowywania swoich dzieci.<\/p>\n<p>2. Nauczanie religii katolickiej i innych wyzna\u0144 wspiera wychowawcz\u0105 rol\u0119 szko\u0142y. Dzi\u0119ki obecno\u015bci lekcji religii w szkole mo\u017cliwe jest integralne wychowanie cz\u0142owieka: zar\u00f3wno jego sfery intelektualnej, fizycznej oraz \u2013 co bardzo wa\u017cne \u2013 duchowej. Podczas tych zaj\u0119\u0107 ma miejsce kszta\u0142towanie sumie\u0144, charakter\u00f3w i postaw m\u0142odych ludzi. Nauka religii niesie ze sob\u0105 warto\u015bci og\u00f3lnoludzkie takie jak braterska solidarno\u015b\u0107 i potrzeba sprawiedliwo\u015bci, a nawi\u0105zuj\u0105c do tre\u015bci ewangelicznych uczy mi\u0142o\u015bci Boga i bli\u017aniego, otwarto\u015bci na drugiego cz\u0142owieka, empatii i wsp\u00f3\u0142pracy, a tak\u017ce kszta\u0142tuje bardzo potrzebne postawy spo\u0142eczne.<\/p>\n<p>3. Lekcja religii znajduje r\u00f3wnie\u017c swoje uzasadnienie w naszej kulturze, kt\u00f3ra ma korzenie chrze\u015bcija\u0144skie. \u015awiadectwo ponad 1050-letniej tradycji chrze\u015bcija\u0144stwa w Polsce pokazuje, jak wiara kszta\u0142towa\u0142a nasz\u0105 histori\u0119 i pozwala\u0142a narodowi przetrwa\u0107 najtragiczniejsze karty historii. Trzeba widzie\u0107 dzie\u0142a i wiar\u0119 wielu wielkich i m\u0105drych ludzi, naszych wieszcz\u00f3w i bohater\u00f3w, uczonych i \u015bwi\u0119tych, ludzi kultury i sztuki. Nie wolno nam zapomina\u0107, \u017ce nasze dzieje s\u0105 g\u0142\u0119boko zwi\u0105zane z wiar\u0105 w Boga.<\/p>\n<p>4. Drodzy Uczniowie! Zach\u0119camy Was wszystkich do udzia\u0142u w organizowanych zaj\u0119ciach lekcji religii w szkole. Skorzystajcie z tej szansy na lepsze poznanie Boga. Je\u015bli trzeba, podejmijcie wysi\u0142ek, aby pokona\u0107 pojawiaj\u0105ce si\u0119 trudno\u015bci. Dzi\u0119kujemy Wam, Drodzy Uczniowie, kt\u00f3rzy ju\u017c uczestniczycie w zaj\u0119ciach z religii. Swoj\u0105 postaw\u0105 dajecie pi\u0119kne \u015bwiadectwo w\u0142asnej wiary.<\/p>\n<p>5. Wyra\u017camy wielk\u0105 wdzi\u0119czno\u015b\u0107 wszystkim osobom zaanga\u017cowanym w dzie\u0142o lekcji religii w szkole. Dzi\u0119kujemy w\u0142adzom o\u015bwiatowym i dyrekcjom szko\u0142y za trosk\u0119, aby nauczanie religii odbywa\u0142o si\u0119 w odpowiednich warunkach. Dzi\u0119kujemy katechetom, kt\u00f3rzy ucz\u0105c o Bogu i wychowuj\u0105c w duchu chrze\u015bcija\u0144skich warto\u015bci codziennie towarzysz\u0105 dzieciom i m\u0142odzie\u017cy w w\u0119dr\u00f3wce przez \u017cycie. Dzi\u0119kujemy rodzicom, kt\u00f3rzy kieruj\u0105c si\u0119 wiar\u0105 oraz b\u0119d\u0105c pos\u0142uszni swojemu sumieniu troszcz\u0105 si\u0119 o formacj\u0119 religijn\u0105 swoich dzieci posy\u0142aj\u0105c je na lekcje religii w szkole.<\/p>\n<p>6. Chcemy na koniec podkre\u015bli\u0107, \u017ce wiara jest zawsze wolnym wyborem cz\u0142owieka. Konsekwencj\u0105 wiary jest ch\u0119\u0107 m\u00f3wienia o Bogu, kt\u00f3remu si\u0119 zaufa\u0142o. Papie\u017c Franciszek przypomina: \u201ePierwsz\u0105 motywacj\u0105 do ewangelizacji jest mi\u0142o\u015b\u0107 Jezusa, jak\u0105 przyj\u0119li\u015bmy, do\u015bwiadczenie bycia zbawionym przez Niego, sk\u0142aniaj\u0105ce nas, by Go jeszcze bardziej kocha\u0107. Lecz c\u00f3\u017c to za mi\u0142o\u015b\u0107, kt\u00f3ra nie odczuwa potrzeby m\u00f3wienia o ukochanej istocie, ukazywania jej, starania si\u0119, by inni j\u0105 poznali?\u201d (Evangelii gaudium n. 264). \u017beby o Jezusie m\u00f3wi\u0107 trzeba Go lepiej pozna\u0107. Wyb\u00f3r lekcji religii daje mo\u017cliwo\u015b\u0107 takiego poznania i jest okazj\u0105 do dawania \u015bwiadectwa przyja\u017ani z Chrystusem w naszych czasach.<\/p>\n<p>W imieniu Komisji Wychowania Katolickiego<br \/>\nKonferencji Episkopatu Polski<\/p>\n<p>Bp Wojciech Osial<br \/>\nprzewodnicz\u0105cy<\/p>\n<p>Warszawa, dnia 3 pa\u017adziernika 2022 r.<\/p>\n<p style=\"text-align: right;\">\u0179r\u00f3d\u0142o: katecheza.episkopat.pl<\/p>\n","protected":false},"excerpt":{"rendered":"<p>Wobec pojawiaj\u0105cych si\u0119 w przestrzeni publicznej negatywnych postaw i opinii odno\u015bnie do lekcji religii w&#8230;<\/p>\n","protected":false},"author":1,"featured_media":592,"comment_status":"closed","ping_status":"closed","sticky":false,"template":"","format":"standard","meta":{"footnotes":""},"categories":[19,59],"tags":[],"class_list":["post-591","post","type-post","status-publish","format-standard","has-post-thumbnail","hentry","category-aktualnosci","category-zycie-kosciola"],"featured_image_urls":{"full":["https:\/\/albert.radom.pl\/wp-content\/uploads\/2022\/10\/2022.10.03_Komisja-Wychowania-Katolickiego-o-katechetycznym-i-wychowawczym-znaczeniu-szkolnego-nauczania-religii.jpg",1620,1080,false],"thumbnail":["https:\/\/albert.radom.pl\/wp-content\/uploads\/2022\/10\/2022.10.03_Komisja-Wychowania-Katolickiego-o-katechetycznym-i-wychowawczym-znaczeniu-szkolnego-nauczania-religii-150x150.jpg",150,150,true],"medium":["https:\/\/albert.radom.pl\/wp-content\/uploads\/2022\/10\/2022.10.03_Komisja-Wychowania-Katolickiego-o-katechetycznym-i-wychowawczym-znaczeniu-szkolnego-nauczania-religii-300x200.jpg",300,200,true],"medium_large":["https:\/\/albert.radom.pl\/wp-content\/uploads\/2022\/10\/2022.10.03_Komisja-Wychowania-Katolickiego-o-katechetycznym-i-wychowawczym-znaczeniu-szkolnego-nauczania-religii-768x512.jpg",640,427,true],"large":["https:\/\/albert.radom.pl\/wp-content\/uploads\/2022\/10\/2022.10.03_Komisja-Wychowania-Katolickiego-o-katechetycznym-i-wychowawczym-znaczeniu-szkolnego-nauczania-religii-1024x683.jpg",640,427,true],"1536x1536":["https:\/\/albert.radom.pl\/wp-content\/uploads\/2022\/10\/2022.10.03_Komisja-Wychowania-Katolickiego-o-katechetycznym-i-wychowawczym-znaczeniu-szkolnego-nauczania-religii-1536x1024.jpg",1536,1024,true],"2048x2048":["https:\/\/albert.radom.pl\/wp-content\/uploads\/2022\/10\/2022.10.03_Komisja-Wychowania-Katolickiego-o-katechetycznym-i-wychowawczym-znaczeniu-szkolnego-nauczania-religii.jpg",1620,1080,false],"newsever-slider-full":["https:\/\/albert.radom.pl\/wp-content\/uploads\/2022\/10\/2022.10.03_Komisja-Wychowania-Katolickiego-o-katechetycznym-i-wychowawczym-znaczeniu-szkolnego-nauczania-religii-1280x845.jpg",1280,845,true],"newsever-featured":["https:\/\/albert.radom.pl\/wp-content\/uploads\/2022\/10\/2022.10.03_Komisja-Wychowania-Katolickiego-o-katechetycznym-i-wychowawczym-znaczeniu-szkolnego-nauczania-religii-1024x683.jpg",1024,683,true],"newsever-medium":["https:\/\/albert.radom.pl\/wp-content\/uploads\/2022\/10\/2022.10.03_Komisja-Wychowania-Katolickiego-o-katechetycznym-i-wychowawczym-znaczeniu-szkolnego-nauczania-religii-720x475.jpg",720,475,true]},"author_info":{"display_name":"xdar","author_link":"https:\/\/albert.radom.pl\/?author=1"},"category_info":"<a href=\"https:\/\/albert.radom.pl\/?cat=19\" rel=\"category\">Aktualno\u015bci<\/a> <a href=\"https:\/\/albert.radom.pl\/?cat=59\" rel=\"category\">\u017bycie Ko\u015bcio\u0142a<\/a>","tag_info":"\u017bycie Ko\u015bcio\u0142a","comment_count":"0","_links":{"self":[{"href":"https:\/\/albert.radom.pl\/index.php?rest_route=\/wp\/v2\/posts\/591","targetHints":{"allow":["GET"]}}],"collection":[{"href":"https:\/\/albert.radom.pl\/index.php?rest_route=\/wp\/v2\/posts"}],"about":[{"href":"https:\/\/albert.radom.pl\/index.php?rest_route=\/wp\/v2\/types\/post"}],"author":[{"embeddable":true,"href":"https:\/\/albert.radom.pl\/index.php?rest_route=\/wp\/v2\/users\/1"}],"replies":[{"embeddable":true,"href":"https:\/\/albert.radom.pl\/index.php?rest_route=%2Fwp%2Fv2%2Fcomments&post=591"}],"version-history":[{"count":3,"href":"https:\/\/albert.radom.pl\/index.php?rest_route=\/wp\/v2\/posts\/591\/revisions"}],"predecessor-version":[{"id":604,"href":"https:\/\/albert.radom.pl\/index.php?rest_route=\/wp\/v2\/posts\/591\/revisions\/604"}],"wp:featuredmedia":[{"embeddable":true,"href":"https:\/\/albert.radom.pl\/index.php?rest_route=\/wp\/v2\/media\/592"}],"wp:attachment":[{"href":"https:\/\/albert.radom.pl\/index.php?rest_route=%2Fwp%2Fv2%2Fmedia&parent=591"}],"wp:term":[{"taxonomy":"category","embeddable":true,"href":"https:\/\/albert.radom.pl\/index.php?rest_route=%2Fwp%2Fv2%2Fcategories&post=591"},{"taxonomy":"post_tag","embeddable":true,"href":"https:\/\/albert.radom.pl\/index.php?rest_route=%2Fwp%2Fv2%2Ftags&post=591"}],"curies":[{"name":"wp","href":"https:\/\/api.w.org\/{rel}","templated":true}]}}