{"id":5936,"date":"2024-09-01T15:34:14","date_gmt":"2024-09-01T13:34:14","guid":{"rendered":"https:\/\/albert.radom.pl\/?p=5936"},"modified":"2024-09-05T15:36:30","modified_gmt":"2024-09-05T13:36:30","slug":"integracja-przed-nowym-rokiem-formacyjnym","status":"publish","type":"post","link":"https:\/\/albert.radom.pl\/?p=5936","title":{"rendered":"Integracja przed nowym rokiem formacyjnym"},"content":{"rendered":"<p>Na zako\u0144czenie wakacji m\u0142odzie\u017c z parafii pw. \u015bw. Brata Alberta w Radomiu uczestniczy\u0142a w Parafialnym Obozie Formacyjnym w Tatrach.<!--more--><\/p>\n<p data-wtg-lazy=\"0\">Grupa 40 os\u00f3b wraz z wikariuszem ks. Karolem Kosteckim oraz animatorami w\u0119drowa\u0142a po g\u00f3rach, poznawa\u0142a histori\u0119 miejsc \u015bwi\u0119tych w Tatrach, zintegrowa\u0142a si\u0119 przed nowym rokiem formacyjnym, a przede wszystkim prze\u017cy\u0142a czas duchowej formacji zawartej w autorskim programie &#8222;Boga(ty) czas&#8221;, kt\u00f3ry zaprasza m\u0142odego cz\u0142owieka do osobistej relacji z Panem Bogiem przez modlitw\u0119.<\/p>\n<p data-wtg-lazy=\"1\">Uczestnicy obozu ka\u017cdego dnia uczestniczyli w liturgii godzin, Eucharystii oraz prowadzonych przez animator\u00f3w spotkaniach. &#8211; Tematyka modlitwy jest na wsp\u00f3\u0142czesne czasy bardzo wa\u017cnym problemem, gdy\u017c wielu m\u0142odych ludzi do\u015bwiadcza z tym trudno\u015bci, dlatego zar\u00f3wno praktyka modlitwy czy rozmowa o niej pomo\u017ce im wytrwa\u0107 przy Panu Bogu pomimo trudno\u015bci &#8211; wyja\u015bnia ks. Kostecki.<\/p>\n<p data-wtg-lazy=\"2\">W programie obozu by\u0142y te\u017c g\u00f3rskie w\u0119dr\u00f3wki z przewodnikiem tatrza\u0144skim, m.in. do Doliny Pi\u0119ciu Staw\u00f3w czy Rusinowej Polany z G\u0119si\u0105 Szyj\u0105. Uczestnicy zwiedzili tak\u017ce Pustelni\u0119 \u015bw. Brata Alberta na Kalat\u00f3wkach, sanktuarium MB Jaworzy\u0144skiej na Wiktor\u00f3wkach, czy sanktuarium Ecce Homo w Krakowie. &#8211; Tego typu obozy wspieraj\u0105 integracj\u0119 m\u0142odych oraz budz\u0105 w nich potencja\u0142 pi\u0119knej i mocnej wiary. Jeste\u015bmy przekonani, \u017ce ka\u017cdy taki wyjazd umacnia relacj\u0119 m\u0142odych ludzi mi\u0119dzy sob\u0105 oraz ich wi\u0119\u017a z Panem Bogiem &#8211; m\u00f3wi kierownik wypoczynku Kacper Grudniewski.<\/p>\n<p data-wtg-lazy=\"3\">Wyjazd m\u0142odzie\u017cy by\u0142 mo\u017cliwy dzi\u0119ki jej ca\u0142orocznej dzia\u0142alno\u015bci wspartej przez parafian oraz proboszcza ks. kan. Marka Janasa.<\/p>\n<div id='gallery-1' class='gallery galleryid-5936 gallery-columns-2 gallery-size-medium'><figure class='gallery-item'>\n\t\t\t<div class='gallery-icon landscape'>\n\t\t\t\t<a href='https:\/\/albert.radom.pl\/wp-content\/uploads\/2024\/09\/210060_gtM7_oboz_tatry_83.jpg.webp'><img loading=\"lazy\" decoding=\"async\" width=\"300\" height=\"218\" src=\"https:\/\/albert.radom.pl\/wp-content\/uploads\/2024\/09\/210060_gtM7_oboz_tatry_83.jpg-300x218.webp\" class=\"attachment-medium size-medium\" alt=\"\" srcset=\"https:\/\/albert.radom.pl\/wp-content\/uploads\/2024\/09\/210060_gtM7_oboz_tatry_83.jpg-300x218.webp 300w, https:\/\/albert.radom.pl\/wp-content\/uploads\/2024\/09\/210060_gtM7_oboz_tatry_83.jpg-1024x743.webp 1024w, https:\/\/albert.radom.pl\/wp-content\/uploads\/2024\/09\/210060_gtM7_oboz_tatry_83.jpg-768x558.webp 768w, https:\/\/albert.radom.pl\/wp-content\/uploads\/2024\/09\/210060_gtM7_oboz_tatry_83.jpg.webp 1033w\" sizes=\"auto, (max-width: 300px) 100vw, 300px\" \/><\/a>\n\t\t\t<\/div><\/figure><figure class='gallery-item'>\n\t\t\t<div class='gallery-icon landscape'>\n\t\t\t\t<a href='https:\/\/albert.radom.pl\/wp-content\/uploads\/2024\/09\/210059_IubW_wiktorowki_83.jpg.webp'><img loading=\"lazy\" decoding=\"async\" width=\"300\" height=\"204\" src=\"https:\/\/albert.radom.pl\/wp-content\/uploads\/2024\/09\/210059_IubW_wiktorowki_83.jpg-300x204.webp\" class=\"attachment-medium size-medium\" alt=\"\" srcset=\"https:\/\/albert.radom.pl\/wp-content\/uploads\/2024\/09\/210059_IubW_wiktorowki_83.jpg-300x204.webp 300w, https:\/\/albert.radom.pl\/wp-content\/uploads\/2024\/09\/210059_IubW_wiktorowki_83.jpg.webp 650w\" sizes=\"auto, (max-width: 300px) 100vw, 300px\" \/><\/a>\n\t\t\t<\/div><\/figure>\n\t\t<\/div>\n\n","protected":false},"excerpt":{"rendered":"<p>Na zako\u0144czenie wakacji m\u0142odzie\u017c z parafii pw. \u015bw. Brata Alberta w Radomiu uczestniczy\u0142a w Parafialnym&#8230;<\/p>\n","protected":false},"author":1,"featured_media":5937,"comment_status":"closed","ping_status":"closed","sticky":false,"template":"","format":"standard","meta":{"footnotes":""},"categories":[19,41],"tags":[],"class_list":["post-5936","post","type-post","status-publish","format-standard","has-post-thumbnail","hentry","category-aktualnosci","category-oaza-dzeici-i-mlodziezy"],"featured_image_urls":{"full":["https:\/\/albert.radom.pl\/wp-content\/uploads\/2024\/09\/210060_gtM7_oboz_tatry_83.jpg.webp",1033,750,false],"thumbnail":["https:\/\/albert.radom.pl\/wp-content\/uploads\/2024\/09\/210060_gtM7_oboz_tatry_83.jpg-150x150.webp",150,150,true],"medium":["https:\/\/albert.radom.pl\/wp-content\/uploads\/2024\/09\/210060_gtM7_oboz_tatry_83.jpg-300x218.webp",300,218,true],"medium_large":["https:\/\/albert.radom.pl\/wp-content\/uploads\/2024\/09\/210060_gtM7_oboz_tatry_83.jpg-768x558.webp",640,465,true],"large":["https:\/\/albert.radom.pl\/wp-content\/uploads\/2024\/09\/210060_gtM7_oboz_tatry_83.jpg-1024x743.webp",640,464,true],"1536x1536":["https:\/\/albert.radom.pl\/wp-content\/uploads\/2024\/09\/210060_gtM7_oboz_tatry_83.jpg.webp",1033,750,false],"2048x2048":["https:\/\/albert.radom.pl\/wp-content\/uploads\/2024\/09\/210060_gtM7_oboz_tatry_83.jpg.webp",1033,750,false],"newsever-slider-full":["https:\/\/albert.radom.pl\/wp-content\/uploads\/2024\/09\/210060_gtM7_oboz_tatry_83.jpg.webp",1033,750,false],"newsever-featured":["https:\/\/albert.radom.pl\/wp-content\/uploads\/2024\/09\/210060_gtM7_oboz_tatry_83.jpg-1024x743.webp",1024,743,true],"newsever-medium":["https:\/\/albert.radom.pl\/wp-content\/uploads\/2024\/09\/210060_gtM7_oboz_tatry_83.jpg-720x475.webp",720,475,true]},"author_info":{"display_name":"xdar","author_link":"https:\/\/albert.radom.pl\/?author=1"},"category_info":"<a href=\"https:\/\/albert.radom.pl\/?cat=19\" rel=\"category\">Aktualno\u015bci<\/a> <a href=\"https:\/\/albert.radom.pl\/?cat=41\" rel=\"category\">Oaza Dzeici i M\u0142odzie\u017cy<\/a>","tag_info":"Oaza Dzeici i M\u0142odzie\u017cy","comment_count":"0","_links":{"self":[{"href":"https:\/\/albert.radom.pl\/index.php?rest_route=\/wp\/v2\/posts\/5936","targetHints":{"allow":["GET"]}}],"collection":[{"href":"https:\/\/albert.radom.pl\/index.php?rest_route=\/wp\/v2\/posts"}],"about":[{"href":"https:\/\/albert.radom.pl\/index.php?rest_route=\/wp\/v2\/types\/post"}],"author":[{"embeddable":true,"href":"https:\/\/albert.radom.pl\/index.php?rest_route=\/wp\/v2\/users\/1"}],"replies":[{"embeddable":true,"href":"https:\/\/albert.radom.pl\/index.php?rest_route=%2Fwp%2Fv2%2Fcomments&post=5936"}],"version-history":[{"count":1,"href":"https:\/\/albert.radom.pl\/index.php?rest_route=\/wp\/v2\/posts\/5936\/revisions"}],"predecessor-version":[{"id":5939,"href":"https:\/\/albert.radom.pl\/index.php?rest_route=\/wp\/v2\/posts\/5936\/revisions\/5939"}],"wp:featuredmedia":[{"embeddable":true,"href":"https:\/\/albert.radom.pl\/index.php?rest_route=\/wp\/v2\/media\/5937"}],"wp:attachment":[{"href":"https:\/\/albert.radom.pl\/index.php?rest_route=%2Fwp%2Fv2%2Fmedia&parent=5936"}],"wp:term":[{"taxonomy":"category","embeddable":true,"href":"https:\/\/albert.radom.pl\/index.php?rest_route=%2Fwp%2Fv2%2Fcategories&post=5936"},{"taxonomy":"post_tag","embeddable":true,"href":"https:\/\/albert.radom.pl\/index.php?rest_route=%2Fwp%2Fv2%2Ftags&post=5936"}],"curies":[{"name":"wp","href":"https:\/\/api.w.org\/{rel}","templated":true}]}}