{"id":594,"date":"2022-10-09T19:30:30","date_gmt":"2022-10-09T17:30:30","guid":{"rendered":"https:\/\/albert.radom.pl\/?p=594"},"modified":"2022-10-09T19:31:50","modified_gmt":"2022-10-09T17:31:50","slug":"siostry-dominikanki-matki-bozej-rozancowej-z-wizyta-w-naszej-parafii","status":"publish","type":"post","link":"https:\/\/albert.radom.pl\/?p=594","title":{"rendered":"Siostry Dominikanki Matki Bo\u017cej R\u00f3\u017ca\u0144cowej z wizyt\u0105 w naszej parafii"},"content":{"rendered":"<p><strong>W niedziel\u0119 9 pa\u017adziernika go\u015bcili\u015bmy w naszej wsp\u00f3lnocie Siostry Dominikanki Matki Bo\u017cej R\u00f3\u017ca\u0144cowej, kt\u00f3re pos\u0142uguj\u0105 w Rodzinnym Domu Dziecka w Lublinie.<\/strong><\/p>\n<p><!--more-->Siostry Maria Chiara i Anna dzieli\u0142y si\u0119 swoim do\u015bwiadczeniem pos\u0142ugi w zgromadzeniu oraz opieki nad dzie\u0107mi, kt\u00f3re pozostawione przez swoich rodzic\u00f3w znalaz\u0142y rodzinny dom i mi\u0142o\u015b\u0107 u si\u00f3str dominikanek.<\/p>\n<p>Po ka\u017cdej Mszy \u015awi\u0119tej wspierali\u015bmy siostry sk\u0142adaj\u0105c dobrowolne ofiary na funkcjonowanie prowadzonego przez nie Rodzinnego Domu Dziecka.<br \/>\nWszystkim ofiarodawcom w imieniu si\u00f3str sk\u0142adamy serdeczne podzi\u0119kowania.<\/p>\n<div id='gallery-1' class='gallery galleryid-594 gallery-columns-3 gallery-size-thumbnail'><figure class='gallery-item'>\n\t\t\t<div class='gallery-icon landscape'>\n\t\t\t\t<a href='https:\/\/albert.radom.pl\/wp-content\/uploads\/2022\/10\/311264758_414340957537110_913342383501503295_n.jpg'><img loading=\"lazy\" decoding=\"async\" width=\"150\" height=\"150\" src=\"https:\/\/albert.radom.pl\/wp-content\/uploads\/2022\/10\/311264758_414340957537110_913342383501503295_n-150x150.jpg\" class=\"attachment-thumbnail size-thumbnail\" alt=\"\" \/><\/a>\n\t\t\t<\/div><\/figure><figure class='gallery-item'>\n\t\t\t<div class='gallery-icon landscape'>\n\t\t\t\t<a href='https:\/\/albert.radom.pl\/wp-content\/uploads\/2022\/10\/311022532_414340947537111_479928517474053831_n.jpg'><img loading=\"lazy\" decoding=\"async\" width=\"150\" height=\"150\" src=\"https:\/\/albert.radom.pl\/wp-content\/uploads\/2022\/10\/311022532_414340947537111_479928517474053831_n-150x150.jpg\" class=\"attachment-thumbnail size-thumbnail\" alt=\"\" \/><\/a>\n\t\t\t<\/div><\/figure><figure class='gallery-item'>\n\t\t\t<div class='gallery-icon landscape'>\n\t\t\t\t<a href='https:\/\/albert.radom.pl\/wp-content\/uploads\/2022\/10\/311454475_414340950870444_2860722721189485690_n.jpg'><img loading=\"lazy\" decoding=\"async\" width=\"150\" height=\"150\" src=\"https:\/\/albert.radom.pl\/wp-content\/uploads\/2022\/10\/311454475_414340950870444_2860722721189485690_n-150x150.jpg\" class=\"attachment-thumbnail size-thumbnail\" alt=\"\" \/><\/a>\n\t\t\t<\/div><\/figure><figure class='gallery-item'>\n\t\t\t<div class='gallery-icon landscape'>\n\t\t\t\t<a href='https:\/\/albert.radom.pl\/wp-content\/uploads\/2022\/10\/311183892_414340940870445_8394267131570711835_n.jpg'><img loading=\"lazy\" decoding=\"async\" width=\"150\" height=\"150\" src=\"https:\/\/albert.radom.pl\/wp-content\/uploads\/2022\/10\/311183892_414340940870445_8394267131570711835_n-150x150.jpg\" class=\"attachment-thumbnail size-thumbnail\" alt=\"\" \/><\/a>\n\t\t\t<\/div><\/figure><figure class='gallery-item'>\n\t\t\t<div class='gallery-icon landscape'>\n\t\t\t\t<a href='https:\/\/albert.radom.pl\/wp-content\/uploads\/2022\/10\/310911998_414340937537112_5628938267132365507_n.jpg'><img loading=\"lazy\" decoding=\"async\" width=\"150\" height=\"150\" src=\"https:\/\/albert.radom.pl\/wp-content\/uploads\/2022\/10\/310911998_414340937537112_5628938267132365507_n-150x150.jpg\" class=\"attachment-thumbnail size-thumbnail\" alt=\"\" \/><\/a>\n\t\t\t<\/div><\/figure>\n\t\t<\/div>\n\n","protected":false},"excerpt":{"rendered":"<p>W niedziel\u0119 9 pa\u017adziernika go\u015bcili\u015bmy w naszej wsp\u00f3lnocie Siostry Dominikanki Matki Bo\u017cej R\u00f3\u017ca\u0144cowej, kt\u00f3re pos\u0142uguj\u0105&#8230;<\/p>\n","protected":false},"author":1,"featured_media":599,"comment_status":"closed","ping_status":"closed","sticky":false,"template":"","format":"standard","meta":{"footnotes":""},"categories":[19,12],"tags":[],"class_list":["post-594","post","type-post","status-publish","format-standard","has-post-thumbnail","hentry","category-aktualnosci","category-galeria"],"featured_image_urls":{"full":["https:\/\/albert.radom.pl\/wp-content\/uploads\/2022\/10\/311431260_414340960870443_1508503535969979497_n.jpg",1440,960,false],"thumbnail":["https:\/\/albert.radom.pl\/wp-content\/uploads\/2022\/10\/311431260_414340960870443_1508503535969979497_n-150x150.jpg",150,150,true],"medium":["https:\/\/albert.radom.pl\/wp-content\/uploads\/2022\/10\/311431260_414340960870443_1508503535969979497_n-300x200.jpg",300,200,true],"medium_large":["https:\/\/albert.radom.pl\/wp-content\/uploads\/2022\/10\/311431260_414340960870443_1508503535969979497_n-768x512.jpg",640,427,true],"large":["https:\/\/albert.radom.pl\/wp-content\/uploads\/2022\/10\/311431260_414340960870443_1508503535969979497_n-1024x683.jpg",640,427,true],"1536x1536":["https:\/\/albert.radom.pl\/wp-content\/uploads\/2022\/10\/311431260_414340960870443_1508503535969979497_n.jpg",1440,960,false],"2048x2048":["https:\/\/albert.radom.pl\/wp-content\/uploads\/2022\/10\/311431260_414340960870443_1508503535969979497_n.jpg",1440,960,false],"newsever-slider-full":["https:\/\/albert.radom.pl\/wp-content\/uploads\/2022\/10\/311431260_414340960870443_1508503535969979497_n-1280x845.jpg",1280,845,true],"newsever-featured":["https:\/\/albert.radom.pl\/wp-content\/uploads\/2022\/10\/311431260_414340960870443_1508503535969979497_n-1024x683.jpg",1024,683,true],"newsever-medium":["https:\/\/albert.radom.pl\/wp-content\/uploads\/2022\/10\/311431260_414340960870443_1508503535969979497_n-720x475.jpg",720,475,true]},"author_info":{"display_name":"xdar","author_link":"https:\/\/albert.radom.pl\/?author=1"},"category_info":"<a href=\"https:\/\/albert.radom.pl\/?cat=19\" rel=\"category\">Aktualno\u015bci<\/a> <a href=\"https:\/\/albert.radom.pl\/?cat=12\" rel=\"category\">Galerie<\/a>","tag_info":"Galerie","comment_count":"0","_links":{"self":[{"href":"https:\/\/albert.radom.pl\/index.php?rest_route=\/wp\/v2\/posts\/594","targetHints":{"allow":["GET"]}}],"collection":[{"href":"https:\/\/albert.radom.pl\/index.php?rest_route=\/wp\/v2\/posts"}],"about":[{"href":"https:\/\/albert.radom.pl\/index.php?rest_route=\/wp\/v2\/types\/post"}],"author":[{"embeddable":true,"href":"https:\/\/albert.radom.pl\/index.php?rest_route=\/wp\/v2\/users\/1"}],"replies":[{"embeddable":true,"href":"https:\/\/albert.radom.pl\/index.php?rest_route=%2Fwp%2Fv2%2Fcomments&post=594"}],"version-history":[{"count":2,"href":"https:\/\/albert.radom.pl\/index.php?rest_route=\/wp\/v2\/posts\/594\/revisions"}],"predecessor-version":[{"id":602,"href":"https:\/\/albert.radom.pl\/index.php?rest_route=\/wp\/v2\/posts\/594\/revisions\/602"}],"wp:featuredmedia":[{"embeddable":true,"href":"https:\/\/albert.radom.pl\/index.php?rest_route=\/wp\/v2\/media\/599"}],"wp:attachment":[{"href":"https:\/\/albert.radom.pl\/index.php?rest_route=%2Fwp%2Fv2%2Fmedia&parent=594"}],"wp:term":[{"taxonomy":"category","embeddable":true,"href":"https:\/\/albert.radom.pl\/index.php?rest_route=%2Fwp%2Fv2%2Fcategories&post=594"},{"taxonomy":"post_tag","embeddable":true,"href":"https:\/\/albert.radom.pl\/index.php?rest_route=%2Fwp%2Fv2%2Ftags&post=594"}],"curies":[{"name":"wp","href":"https:\/\/api.w.org\/{rel}","templated":true}]}}